{"id":137106,"date":"2026-01-08T20:52:10","date_gmt":"2026-01-08T20:52:10","guid":{"rendered":"https:\/\/www.europesays.com\/fi\/137106\/"},"modified":"2026-01-08T20:52:10","modified_gmt":"2026-01-08T20:52:10","slug":"tunteet-kuumenevat-minneapolisissa-kun-mielenosoittajat-ja-icen-agentit-ottavat-yhteen","status":"publish","type":"post","link":"https:\/\/www.europesays.com\/fi\/137106\/","title":{"rendered":"Tunteet kuumenevat Minneapolisissa, kun mielenosoittajat ja ICE:n agentit ottavat yhteen"},"content":{"rendered":"<p>Kuvat n\u00e4ytt\u00e4v\u00e4t|Ammutun 37-vuotiaan naisen tapauksen tutkinta on mutkistunut. Paikallisviranomaisten mukaan FBI ja oikeusministeri\u00f6 ovat ev\u00e4nneet p\u00e4\u00e4syn tutkintamateriaaliin.<\/p>\n<p>Lue tiivistelm\u00e4<\/p>\n<p class=\"article-body mb-nof-24 px-nof-16 sndp-summary-bullet-point-font\">Minneapolisissa mielenosoittajat ja maahanmuuttoviraston agentit ottavat yhteen sen j\u00e4lkeen, kun liittovaltion agentti ampui keskiviikkona 37-vuotiaan Renee Nicole Goodin.<\/p>\n<p class=\"article-body mb-nof-24 px-nof-16 sndp-summary-bullet-point-font\">Viranomaisten mukaan nainen yritti ajaa katumaasturilla agenttien p\u00e4\u00e4lle, mutta mielenosoittajat pit\u00e4v\u00e4t tapausta esimerkkin\u00e4 liioitellusta v\u00e4kivallasta.<\/p>\n<p class=\"article-body mb-nof-24 px-nof-16 sndp-summary-bullet-point-font\">Tapauksen tutkinta mutkistui, kun Minnesotan paikallinen tutkintaviranomainen vet\u00e4ytyi siit\u00e4. Viranomaisen mukaan FBI ja oikeusministeri\u00f6 kielt\u00e4ytyiv\u00e4t yhteisty\u00f6st\u00e4 ep\u00e4\u00e4m\u00e4ll\u00e4 p\u00e4\u00e4syn todistusaineistoon.<\/p>\n<p class=\"article-body mb-nof-24 px-nof-16\">Mielenosoittajat ja maahanmuuttoviraston agentit ottavat j\u00e4lleen yhteen Minneapolisin kaupungissa Minnesotassa keskiviikkoisen ampumistapauksen j\u00e4lkeen.<\/p>\n<p class=\"article-body mb-nof-24 px-nof-16\">Minneapolisin kaduille levitt\u00e4ytyneet Yhdysvaltain maahanmuutto- ja tulliviraston (ICE) agentit ovat varustautuneet muun muassa kaasusumutteilla.<\/p>\n<p class=\"article-body mb-nof-24 px-nof-16\">Uutistoimisto Reutersin mukaan mielenosoituksiin osallistuu jopa tuhat ihmist\u00e4. Liittovaltion agentteja kerrotaan olevan jopa 2\u202f000.<\/p>\n<p class=\"article-body mb-nof-24 px-nof-16\">Minneapolisin julkiset koulut on suljettu torstaiksi ja perjantaiksi turvallisuussyist\u00e4. Minnesotan kuvern\u00f6\u00f6ri <a class=\"font-bold underline-offset-[0.12em] [text-decoration:var(--person-link-text-decoration)] ![text-decoration-color:var(--person-link-text-decoration-color)]\" href=\"https:\/\/www.hs.fi\/haku\/?query=Tim%20Walz\" rel=\"nofollow noopener\" target=\"_blank\">Tim Walz<\/a> on my\u00f6s asettanut osavaltion kansalliskaartin valmiuteen.<\/p>\n<p class=\"article-body mb-nof-24 px-nof-16\">Uutistoimisto <a class=\"underline underline-offset-[0.12em] [text-decoration-thickness:var(--generic-link-underline-thickness)] [text-decoration-color:var(--generic-link-underline-color)] [text-decoration-skip-ink:var(--generic-link-underline-skip-ink)] break-words\" href=\"https:\/\/www.youtube.com\/live\/IN7mSQlFjAA\" rel=\"nofollow noopener\" target=\"_blank\">AP:n suorassa l\u00e4hetyksess\u00e4<\/a> n\u00e4kyi, kuinka liittovaltion agentit yrittiv\u00e4t ty\u00f6nt\u00e4\u00e4 mielenosoittajia pois. Jotkut mielenosoittajat kaatuivat maahan.<\/p>\n<p class=\"article-body mb-nof-24 px-nof-16\"><a class=\"underline underline-offset-[0.12em] [text-decoration-thickness:var(--generic-link-underline-thickness)] [text-decoration-color:var(--generic-link-underline-color)] [text-decoration-skip-ink:var(--generic-link-underline-skip-ink)] break-words\" href=\"https:\/\/www.cnn.com\/us\/live-news\/minneapolis-ice-shooting-01-08-26?post-id=cmk5jf8mb000c356pszscdq3l\" rel=\"nofollow noopener\" target=\"_blank\">CNN-kanavan<\/a> mukaan osa agenteista yritt\u00e4\u00e4 liennytt\u00e4\u00e4 tilannetta, kun taas osa yllytt\u00e4\u00e4 mielenosoittajia sanomalla \u201dantaa tulla\u201d. Mielenosoittajia on my\u00f6s painettu maata vasten.<\/p>\n<p class=\"article-body mb-nof-24 px-nof-16\">Mielenosoittajat pitelev\u00e4t kylttej\u00e4 ja huutavat protestilauseita. Osa kiroilee ja haukkuu agentteja, osa on peitt\u00e4nyt kasvonsa. Ihmiset my\u00f6s tappelevat sanallisesti siit\u00e4, mit\u00e4 ampumisessa kuollut nainen teki ennen kuolemaansa.<\/p>\n<p><img decoding=\"async\" src=\"https:\/\/www.europesays.com\/fi\/wp-content\/uploads\/2026\/01\/1767905529_66_468.jpg\" alt=\"Liittovaltion agentti tarrasi kiinni mielenosoittajaan Minneapolisissa torstaina.\" class=\"_Img_1rerz_1\" style=\"aspect-ratio:1.5\" loading=\"eager\"\/><\/p>\n<p class=\"article-picture-caption\">Liittovaltion agentti tarrasi kiinni mielenosoittajaan Minneapolisissa torstaina. Kuva:\u00a0Brian Snyder \/ Reuters<\/p>\n<p><img decoding=\"async\" src=\"https:\/\/www.europesays.com\/fi\/wp-content\/uploads\/2026\/01\/1767905529_418_468.jpg\" alt=\"Agentit ja mielenosoittaja elehtiv\u00e4t toisilleen katuprotestien tuoksinassa.\" class=\"_Img_1rerz_1\" style=\"aspect-ratio:1.461187214611872\" loading=\"eager\"\/><\/p>\n<p class=\"article-picture-caption\">Agentit ja mielenosoittaja elehtiv\u00e4t toisilleen katuprotestien tuoksinassa. Kuva:\u00a0Tim Evans \/ Reuters<\/p>\n<p class=\"article-body mb-nof-24 px-nof-16\">Keskiviikkona Yhdysvaltain liittovaltion agentti ampui Minneapolisissa p\u00e4\u00e4h\u00e4n 37-vuotiasta <a class=\"font-bold underline-offset-[0.12em] [text-decoration:var(--person-link-text-decoration)] ![text-decoration-color:var(--person-link-text-decoration-color)]\" href=\"https:\/\/www.hs.fi\/haku\/?query=Renee%20Nicole%20Goodia\" rel=\"nofollow noopener\" target=\"_blank\">Renee Nicole Goodia<\/a>, joka kuoli vammoihinsa.<\/p>\n<p class=\"article-body mb-nof-24 px-nof-16\">Viranomaisten mukaan nainen yritti ajaa katumaasturilla liittovaltion agenttien p\u00e4\u00e4lle. Mielenosoittajat ja demokraattipoliitikot pit\u00e4v\u00e4t tapausta esimerkkin\u00e4 agenttien liioitellusta v\u00e4kivallasta.<\/p>\n<p class=\"article-body mb-nof-24 px-nof-16\">Kaupungissa on j\u00e4rjestetty my\u00f6s hiljaisia kynttil\u00e4mielenosoituksia uhrin muistolle.<\/p>\n<p class=\"article-body mb-nof-24 px-nof-16\">Goodin kerrotaan olleen lahjakas runoilija, ja h\u00e4nell\u00e4 oli yliopistotason tutkinto englannin kielest\u00e4. Coloradossa syntyneell\u00e4 naisella oli 15-, 12- ja 6-vuotiaat lapset. H\u00e4n oli leski, sill\u00e4 h\u00e4nen miehens\u00e4 kuoli vuonna 2023.<\/p>\n<p><img decoding=\"async\" src=\"https:\/\/www.europesays.com\/fi\/wp-content\/uploads\/2026\/01\/1767905529_644_468.jpg\" alt=\"Ihmiset toivat kynttil\u00f6it\u00e4 ICE:n agentin ampuman naisen muistoksi Minneapolisissa.\" class=\"_Img_1rerz_1\" style=\"aspect-ratio:1.5\" loading=\"eager\"\/><\/p>\n<p class=\"article-picture-caption\">Ihmiset toivat kynttil\u00f6it\u00e4 ICE:n agentin ampuman naisen muistoksi Minneapolisissa. Kuva:\u00a0Christopher Katsarov \/ Zuma<\/p>\n<p><img decoding=\"async\" src=\"https:\/\/www.europesays.com\/fi\/wp-content\/uploads\/2026\/01\/1767905529_693_468.jpg\" alt=\"Mielenosoittaja piteli kuvaa ICE-agentin tappamasta Renee Nicole Goodista.\" class=\"_Img_1rerz_1\" style=\"aspect-ratio:1.5023474178403755\" loading=\"eager\"\/><\/p>\n<p class=\"article-picture-caption\">Mielenosoittaja piteli kuvaa ICE-agentin tappamasta Renee Nicole Goodista. Kuva:\u00a0Tim Evans \/ Reuters<\/p>\n<p class=\"article-body mb-nof-24 px-nof-16\">Naisen ampumistapauksen tutkinta mutkistui torstaina entisest\u00e4\u00e4n, kun Minnesotan paikallinen tutkintaviranomainen (BCA) ilmoitti vet\u00e4ytyv\u00e4ns\u00e4 siit\u00e4.<\/p>\n<p class=\"article-body mb-nof-24 px-nof-16\">BCA:n mukaan sen oli pakko vet\u00e4yty\u00e4, koska Yhdysvaltain liittovaltion poliisi FBI ja oikeusministeri\u00f6 ovat kielt\u00e4ytyneet yhteisty\u00f6st\u00e4.<\/p>\n<p class=\"article-body mb-nof-24 px-nof-16\">\u201dIlman t\u00e4ysim\u00e4\u00e4r\u00e4ist\u00e4 p\u00e4\u00e4sy\u00e4 todistusaineistoon, silminn\u00e4kij\u00e4havaintoihin ja ker\u00e4ttyyn tietoon emme voi t\u00e4ytt\u00e4\u00e4 Minnesotan lain ja yleisen tarpeen mukaisia tutkinnallisia stantardeja.\u201d<\/p>\n<p class=\"article-body mb-nof-24 px-nof-16\">Uutistoimisto Reutersin mukaan Minnesotan laki sallii virkamiehen k\u00e4ytt\u00e4\u00e4 tappavaa voimaa vain, jos h\u00e4n perustellusti uskoo sen olevan v\u00e4ltt\u00e4m\u00e4t\u00f6nt\u00e4 hengen ja terveyden suojelemiseksi.<\/p>\n<p class=\"article-body mb-nof-24 px-nof-16\">Oikeustapaus riippuisi siis siit\u00e4, oliko agentilla perusteltu syy pel\u00e4t\u00e4 henkens\u00e4 puolesta.<\/p>\n<p class=\"article-body mb-nof-24 px-nof-16\">Minnesotan viranomaisoperaatio on osa presidentti <a class=\"font-bold underline-offset-[0.12em] [text-decoration:var(--person-link-text-decoration)] ![text-decoration-color:var(--person-link-text-decoration-color)]\" href=\"https:\/\/www.hs.fi\/haku\/?query=Donald%20Trumpin\" rel=\"nofollow noopener\" target=\"_blank\">Donald Trumpin <\/a>hallinnon maanlaajuista maahanmuuton vastaista kampanjaa. Minnesotassa operaation kerrottu kohdistuvan etenkin somalialais\u00adtaustaisiin asukkaisiin, jota hallinto syytt\u00e4\u00e4 petoksista.<\/p>\n<p><img decoding=\"async\" src=\"https:\/\/www.europesays.com\/fi\/wp-content\/uploads\/2026\/01\/1767905529_2_468.jpg\" alt=\"Tilanne Minneapolisin kaduilla mielenosoituksen keskuksessa on eritt\u00e4in latautunut.\" class=\"_Img_1rerz_1\" style=\"aspect-ratio:1.5\" loading=\"eager\"\/><\/p>\n<p class=\"article-picture-caption\">Tilanne Minneapolisin kaduilla mielenosoituksen keskuksessa on eritt\u00e4in latautunut. Kuva:\u00a0Tim Evans<\/p>\n<p><img decoding=\"async\" src=\"https:\/\/www.europesays.com\/fi\/wp-content\/uploads\/2026\/01\/1767905530_133_468.jpg\" alt=\"Yhdysvaltain sis\u00e4isen turvallisuuden agentti otti kiinni mielenosoittajan torstaina.\" class=\"_Img_1rerz_1\" style=\"aspect-ratio:1.5\" loading=\"eager\"\/><\/p>\n<p class=\"article-picture-caption\">Yhdysvaltain sis\u00e4isen turvallisuuden agentti otti kiinni mielenosoittajan torstaina. Kuva:\u00a0Brian Snyder \/ Reuters<\/p>\n<p><img decoding=\"async\" src=\"https:\/\/www.europesays.com\/fi\/wp-content\/uploads\/2026\/01\/1767905530_889_468.jpg\" alt=\"Silmiins\u00e4 kaasua saanut mies sai l\u00e4\u00e4kint\u00e4yksik\u00f6n apua.\" class=\"_Img_1rerz_1\" style=\"aspect-ratio:1.5\" loading=\"eager\"\/><\/p>\n<p class=\"article-picture-caption\">Silmiins\u00e4 kaasua saanut mies sai l\u00e4\u00e4kint\u00e4yksik\u00f6n apua. Kuva:\u00a0Tim Evans \/ Reuters<\/p>\n<p><img decoding=\"async\" src=\"https:\/\/www.europesays.com\/fi\/wp-content\/uploads\/2026\/01\/1767905530_942_468.jpg\" alt=\"Nainen osoitti mielt\u00e4\u00e4n ICE:t\u00e4 vastaan torstaina.\" class=\"_Img_1rerz_1\" style=\"aspect-ratio:1.5\" loading=\"eager\"\/><\/p>\n<p class=\"article-picture-caption\">Nainen osoitti mielt\u00e4\u00e4n ICE:t\u00e4 vastaan torstaina. Kuva:\u00a0Tim Evans \/ Reuters<\/p>\n<p><img decoding=\"async\" src=\"https:\/\/www.europesays.com\/fi\/wp-content\/uploads\/2026\/01\/1767905530_246_468.jpg\" alt=\"Liittovaltion SRT-joukkojen j\u00e4sen piteli asettaan mielenosoituksessa.\" class=\"_Img_1rerz_1\" style=\"aspect-ratio:1.5\" loading=\"eager\"\/><\/p>\n<p class=\"article-picture-caption\">Liittovaltion SRT-joukkojen j\u00e4sen piteli asettaan mielenosoituksessa. Kuva:\u00a0Tim Evans \/ Reuters<\/p>\n<p><img decoding=\"async\" src=\"https:\/\/www.europesays.com\/fi\/wp-content\/uploads\/2026\/01\/1767905530_996_468.jpg\" alt=\"Mielenosoittaja vaatii kyltiss\u00e4\u00e4n maahanmuuttoviraston agentteja l\u00e4htem\u00e4\u00e4n kaupungista.\" class=\"_Img_1rerz_1\" style=\"aspect-ratio:1.5\" loading=\"eager\"\/><\/p>\n<p class=\"article-picture-caption\">Mielenosoittaja vaatii kyltiss\u00e4\u00e4n maahanmuuttoviraston agentteja l\u00e4htem\u00e4\u00e4n kaupungista. Kuva:\u00a0Tim Evans \/ Reuters<\/p>\n","protected":false},"excerpt":{"rendered":"Kuvat n\u00e4ytt\u00e4v\u00e4t|Ammutun 37-vuotiaan naisen tapauksen tutkinta on mutkistunut. Paikallisviranomaisten mukaan FBI ja oikeusministeri\u00f6 ovat ev\u00e4nneet p\u00e4\u00e4syn tutkintamateriaaliin. Lue&hellip;\n","protected":false},"author":2,"featured_media":137107,"comment_status":"","ping_status":"","sticky":false,"template":"","format":"standard","meta":{"footnotes":""},"categories":[5],"tags":[22,23,26,27,33,31,30,17,46,24,25,28,29,15,18,21,32,19,20,16],"class_list":{"0":"post-137106","1":"post","2":"type-post","3":"status-publish","4":"format-standard","5":"has-post-thumbnail","7":"category-otsikot","8":"tag-breaking-news","9":"tag-breakingnews","10":"tag-featured-news","11":"tag-featurednews","12":"tag-fi","13":"tag-finland","14":"tag-finnish","15":"tag-headlines","16":"tag-helsingin-sanomat","17":"tag-latest-news","18":"tag-latestnews","19":"tag-main-news","20":"tag-mainnews","21":"tag-news","22":"tag-otsikot","23":"tag-paauutiset","24":"tag-suomi","25":"tag-top-stories","26":"tag-topstories","27":"tag-uutiset"},"share_on_mastodon":{"url":"https:\/\/pubeurope.com\/@fi\/115861464284032959","error":""},"_links":{"self":[{"href":"https:\/\/www.europesays.com\/fi\/wp-json\/wp\/v2\/posts\/137106","targetHints":{"allow":["GET"]}}],"collection":[{"href":"https:\/\/www.europesays.com\/fi\/wp-json\/wp\/v2\/posts"}],"about":[{"href":"https:\/\/www.europesays.com\/fi\/wp-json\/wp\/v2\/types\/post"}],"author":[{"embeddable":true,"href":"https:\/\/www.europesays.com\/fi\/wp-json\/wp\/v2\/users\/2"}],"replies":[{"embeddable":true,"href":"https:\/\/www.europesays.com\/fi\/wp-json\/wp\/v2\/comments?post=137106"}],"version-history":[{"count":0,"href":"https:\/\/www.europesays.com\/fi\/wp-json\/wp\/v2\/posts\/137106\/revisions"}],"wp:featuredmedia":[{"embeddable":true,"href":"https:\/\/www.europesays.com\/fi\/wp-json\/wp\/v2\/media\/137107"}],"wp:attachment":[{"href":"https:\/\/www.europesays.com\/fi\/wp-json\/wp\/v2\/media?parent=137106"}],"wp:term":[{"taxonomy":"category","embeddable":true,"href":"https:\/\/www.europesays.com\/fi\/wp-json\/wp\/v2\/categories?post=137106"},{"taxonomy":"post_tag","embeddable":true,"href":"https:\/\/www.europesays.com\/fi\/wp-json\/wp\/v2\/tags?post=137106"}],"curies":[{"name":"wp","href":"https:\/\/api.w.org\/{rel}","templated":true}]}}