{"id":137110,"date":"2026-01-08T21:04:07","date_gmt":"2026-01-08T21:04:07","guid":{"rendered":"https:\/\/www.europesays.com\/fi\/137110\/"},"modified":"2026-01-08T21:04:07","modified_gmt":"2026-01-08T21:04:07","slug":"lapsi-tuli-jo-ensitreffeilla-samin-ja-charlotten-salamasuhteesta-syntynyt-lapsi-sai-harvinaisen-nimen-iltalehti","status":"publish","type":"post","link":"https:\/\/www.europesays.com\/fi\/137110\/","title":{"rendered":"\u201dLapsi tuli jo ensitreffeill\u00e4\u201d \u2013 Samin ja Charlotten salamasuhteesta syntynyt lapsi sai harvinaisen nimen &#8211; Iltalehti"},"content":{"rendered":"<ol>\n<li><a href=\"https:\/\/news.google.com\/rss\/articles\/CBMigwFBVV95cUxOa2dtS3k0eUcyQTRfSDJ4S3p1Y1BXNmF4WkVTTnhINjNzTXZNZXhjd0Q4N3pNVTJpODg3STgzelJGZ2NQVFRHUXhLSEJWQUJaV2ZtTW9UQVByNC1nRkxDVnNnVDZNTE1OV2RFVWF3Z3NsSG15anNUTjBkVHRUT1I3TzRoSQ?oc=5\" target=\"_blank\" rel=\"nofollow noopener\">\u201dLapsi tuli jo ensitreffeill\u00e4\u201d \u2013 Samin ja Charlotten salamasuhteesta syntynyt lapsi sai harvinaisen nimen<\/a>&nbsp;&nbsp;Iltalehti<\/li>\n<li><a href=\"https:\/\/news.google.com\/rss\/articles\/CBMiZkFVX3lxTE1UR0picWhHYTFGWkFYbEZ0UHZHUTRQczg0Q2ZkdmcxX2d6VTFVeWJaM3RZZFU5NjNEWEt2eEtkdC1sNlRpSWVRZUllR0VVQzU1TEE5MG15NGt3ZWM3REhfaWhSSHVZdw?oc=5\" target=\"_blank\" rel=\"nofollow noopener\">Sami ja Charlotte antoivat lapselleen harvinaisen nimen \u2013 \u201dPappi meinasi py\u00f6rty\u00e4\u201d<\/a>&nbsp;&nbsp;Ilta-Sanomat<\/li>\n<li><a href=\"https:\/\/news.google.com\/rss\/articles\/CBMiggFBVV95cUxNUnN4b09ualpuVnhocUpBaHJnalBLNmtSYUtyWFVyR2VlcnNtdDl5OGplaGxSdGI4NjNIV0VNWTZhZFJiUTRXYlZqam9KUWhzaC1LWE5MQ3hxSlV0ME9LdnJvcXVlNnk2NVc4QWc4MEN1Nnpva09CcTZib0lHLWxMWjN3?oc=5\" target=\"_blank\" rel=\"nofollow noopener\">T\u00e4n\u00e4\u00e4n tv:ss\u00e4: Sami ja Charlotte-puoliso ensimm\u00e4ist\u00e4 kertaa viikon saman katon alla \u2013 Naisella her\u00e4\u00e4 huoli<\/a>&nbsp;&nbsp;Iltalehti<\/li>\n<li><a href=\"https:\/\/news.google.com\/rss\/articles\/CBMiqgFBVV95cUxQUmhacE5MTWhVQnQ5bklzRlhjdy1odjFoUnNYUUtTWlZDVHRsMWFhWm1Fdy11ZGw5THRwZnZfWXExTmNxNkRvczlCUG1fVnQ0blM3WlB3TnZabHNjLXc5SjRPVmszYmtRTkl4MDdwUFFremdTWUdiQnhRNEFCXzI1cHZmOEtjZlk0ZkJIREZtZnRmel9oMEN6OWItc1VkUTJaQmJEdWRzRC1mQQ?oc=5\" target=\"_blank\" rel=\"nofollow noopener\">Uusi tosi-tv-pariskunta! Rinkeliruhtinas Samin vaimo on missikaunotar<\/a>&nbsp;&nbsp;Seiska.fi<\/li>\n<li><a href=\"https:\/\/news.google.com\/rss\/articles\/CBMiV0FVX3lxTE5KSnZlRFBIbkV1QkpWZGczNVNNTnZGXzRCeEJ1MDZRX19weWgxTERybUFHc1JaWWc0RktRdkg4VGgxSHZHeFpmOWNqbTdwZFFET01HdUs4QQ?oc=5\" target=\"_blank\" rel=\"nofollow noopener\">P\u00e4iv\u00e4n tv-vinkit | Sami myy rinkeleit\u00e4, Charlotte sileit\u00e4 naamoja \u2013 kotona odottaa Prince<\/a>&nbsp;&nbsp;Keskisuomalainen<\/li>\n<\/ol>\n","protected":false},"excerpt":{"rendered":"\u201dLapsi tuli jo ensitreffeill\u00e4\u201d \u2013 Samin ja Charlotten salamasuhteesta syntynyt lapsi sai harvinaisen nimen&nbsp;&nbsp;Iltalehti Sami ja Charlotte antoivat&hellip;\n","protected":false},"author":2,"featured_media":135938,"comment_status":"","ping_status":"","sticky":false,"template":"","format":"standard","meta":{"footnotes":""},"categories":[136],"tags":[35,1074,407,137,33,31,30,101,408,99,100,98,32,109],"class_list":{"0":"post-137110","1":"post","2":"type-post","3":"status-publish","4":"format-standard","5":"has-post-thumbnail","7":"category-julkkikset","8":"tag-24h","9":"tag-avioliitto-ja-parisuhde","10":"tag-celebrities","11":"tag-entertainment","12":"tag-fi","13":"tag-finland","14":"tag-finnish","15":"tag-ihmissuhteet","16":"tag-julkkikset","17":"tag-lapset","18":"tag-lapset-ja-nuoret","19":"tag-perhe","20":"tag-suomi","21":"tag-viihde"},"share_on_mastodon":{"url":"https:\/\/pubeurope.com\/@fi\/115861511358522098","error":""},"_links":{"self":[{"href":"https:\/\/www.europesays.com\/fi\/wp-json\/wp\/v2\/posts\/137110","targetHints":{"allow":["GET"]}}],"collection":[{"href":"https:\/\/www.europesays.com\/fi\/wp-json\/wp\/v2\/posts"}],"about":[{"href":"https:\/\/www.europesays.com\/fi\/wp-json\/wp\/v2\/types\/post"}],"author":[{"embeddable":true,"href":"https:\/\/www.europesays.com\/fi\/wp-json\/wp\/v2\/users\/2"}],"replies":[{"embeddable":true,"href":"https:\/\/www.europesays.com\/fi\/wp-json\/wp\/v2\/comments?post=137110"}],"version-history":[{"count":0,"href":"https:\/\/www.europesays.com\/fi\/wp-json\/wp\/v2\/posts\/137110\/revisions"}],"wp:featuredmedia":[{"embeddable":true,"href":"https:\/\/www.europesays.com\/fi\/wp-json\/wp\/v2\/media\/135938"}],"wp:attachment":[{"href":"https:\/\/www.europesays.com\/fi\/wp-json\/wp\/v2\/media?parent=137110"}],"wp:term":[{"taxonomy":"category","embeddable":true,"href":"https:\/\/www.europesays.com\/fi\/wp-json\/wp\/v2\/categories?post=137110"},{"taxonomy":"post_tag","embeddable":true,"href":"https:\/\/www.europesays.com\/fi\/wp-json\/wp\/v2\/tags?post=137110"}],"curies":[{"name":"wp","href":"https:\/\/api.w.org\/{rel}","templated":true}]}}