{"id":137140,"date":"2026-01-08T22:03:08","date_gmt":"2026-01-08T22:03:08","guid":{"rendered":"https:\/\/www.europesays.com\/fi\/137140\/"},"modified":"2026-01-08T22:03:08","modified_gmt":"2026-01-08T22:03:08","slug":"lotta-harala-sai-apua-kokeneelta-tekijalta-mikael-ylostalo-auttanut-se-naista-urheilu","status":"publish","type":"post","link":"https:\/\/www.europesays.com\/fi\/137140\/","title":{"rendered":"Lotta Harala sai apua kokeneelta tekij\u00e4lt\u00e4 \u2013 Mikael Yl\u00f6stalo auttanut SE-naista | Urheilu"},"content":{"rendered":"<p class=\"aw-1gybjub aw-5vja16 kEtdKx kmuxyA yle__article__paragraph\">Pika-aituri k\u00e4ynyt \u00adharjoituksissa Helsingiss\u00e4 Yl\u00f6stalon valmennus\u00adryhm\u00e4n kanssa.<\/p>\n<p><img decoding=\"async\" alt=\"Lotta Harala vilppil\u00e4hd\u00f6n takia ulos MM-v\u00e4lier\u00e4st\u00e4.\" src=\"https:\/\/www.europesays.com\/fi\/wp-content\/uploads\/2026\/01\/39-152310568c80dad043af.jpeg\" class=\"aw-1l9m598 hKVVvP\"\/><\/p>\n<p>Avaa kuvien katselu<\/p>\n<p>Tokion MM-kisoissa viime syksyn\u00e4 Lotta Haralan taival p\u00e4\u00e4ttyi varasl\u00e4ht\u00f6\u00f6n v\u00e4lier\u00e4vaiheessa. Kuva: Sportsfile \/ Getty Images<\/p>\n<p>8.1. 17:30\u2022P\u00e4ivitetty 8.1. 23:28<\/p>\n<p class=\"aw-1gybjub aw-1p7kakr kEtdKx cEmitX yle__article__paragraph\">100 metrin aitajuoksun SE-nainen <strong class=\"aw-ak79eh KyCXm yle__article__strong\">Lotta Harala<\/strong>, 33, etsii edelleen uusia ratkaisuja valmennuskuvioihinsa, jotka meniv\u00e4t p\u00e4\u00e4ttyneen\u00e4 syksyn\u00e4 uusiksi.<\/p>\n<p class=\"aw-1gybjub aw-1p7kakr kEtdKx cEmitX yle__article__paragraph\">Harala menetti suuren kulmapalan valmennustiimist\u00e4\u00e4n sen j\u00e4lkeen, kun h\u00e4n erosi syksyll\u00e4 pitk\u00e4aikaisesta el\u00e4m\u00e4nkumppanistaan <strong class=\"aw-ak79eh KyCXm yle__article__strong\">Matias<\/strong> <strong class=\"aw-ak79eh KyCXm yle__article__strong\">Myttysest\u00e4<\/strong>. T\u00e4m\u00e4 osallistui eritt\u00e4in merkitt\u00e4v\u00e4ll\u00e4 panoksella puolisonsa valmennukseen kaksi edellist\u00e4 kautta.<\/p>\n<p class=\"aw-1gybjub aw-1p7kakr kEtdKx cEmitX yle__article__paragraph\">Harala l\u00f6ysi avukseen mm. eritt\u00e4in kokeneen ja meritoituneen aitajuoksuvalmentajan eli <strong class=\"aw-ak79eh KyCXm yle__article__strong\">Mikael Yl\u00f6stalon<\/strong>. Parhaimmillaan olympiatasolla aitonut Yl\u00f6stalo my\u00f6nt\u00e4\u00e4 asian Yle Urheilulle.<\/p>\n<p class=\"aw-1gybjub aw-1p7kakr kEtdKx cEmitX yle__article__paragraph\">\u2013 En miss\u00e4\u00e4n nimess\u00e4 ole Lotan henkil\u00f6kohtainen valmentaja, mutta olemme sopineet tietyst\u00e4 yhteisty\u00f6st\u00e4. H\u00e4n varmasti miettii kauaskantoisia ratkaisuja uransa kannalta. En tied\u00e4 niist\u00e4, mutta autan h\u00e4nt\u00e4 t\u00e4ss\u00e4 kohdassa hyvin mielell\u00e4ni.<\/p>\n<p class=\"aw-1gybjub aw-1p7kakr kEtdKx cEmitX yle__article__paragraph\">Harala k\u00e4vi viime viikolla kahdesti treenaamassa helsinkil\u00e4isess\u00e4 Urhea-akatemiassa valmentavan Yl\u00f6stalon vet\u00e4miss\u00e4 harjoituksissa. Yl\u00f6stalo kertoi olevansa valmis siihen, ett\u00e4 Harala k\u00e4visi h\u00e4nen aitaharjoituksissaan jatkossa s\u00e4\u00e4nn\u00f6llisesti jopa kahdesti viikossa. Harala viestitti Yle Urheilulle, ettei h\u00e4n ole ainakaan n\u00e4ill\u00e4 n\u00e4kymin liittym\u00e4ss\u00e4 Yl\u00f6stalon valmennusryhm\u00e4\u00e4n n\u00e4in tiiviisti, vaan etsii ensisijaisesti muita ratkaisuja lajiharjoituksiinsa.<\/p>\n<p class=\"aw-1gybjub aw-1p7kakr kEtdKx cEmitX yle__article__paragraph\">\u2013 Oli sovittu h\u00e4nen kanssaan vain kahdesta harjoituksesta, ja ne on nyt tehty, Harala totesi.<\/p>\n<p><img decoding=\"async\" alt=\"Annimari Korte ja valmentaja Mikael Yl\u00f6stalo\" src=\"https:\/\/www.europesays.com\/fi\/wp-content\/uploads\/2026\/01\/39-8755586183d1e0a969a.jpeg\" loading=\"lazy\" class=\"aw-1l9m598 hKVVvP\"\/><\/p>\n<p>Avaa kuvien katselu<\/p>\n<p>Mikael Yl\u00f6stalo on valmentajaurallaan toiminut kahteen eri otteeseen my\u00f6s entisen SE-naisen, uransa jo lopettaneen Annimari Kortteen valmennuksessa. Kuva: Jaani Lampinen \/ Yle<\/p>\n<p class=\"aw-1gybjub aw-1p7kakr kEtdKx cEmitX yle__article__paragraph\">Harjoitusseura Helsingiss\u00e4 oli Haralalle laadukasta ja stimuloivaa. Yl\u00f6stalon jo vuodesta 2021 valmentama <strong class=\"aw-ak79eh KyCXm yle__article__strong\">Saara Keskitalo<\/strong> kohensi viime kaudella enn\u00e4tyksens\u00e4 lukemiin 12,81 ja edusti Tokion MM-kisoissa Suomea Haralan kanssa. <strong class=\"aw-ak79eh KyCXm yle__article__strong\">Vilma M\u00e4ki<\/strong> tuli Yl\u00f6stalon valmennukseen 2024 ja paransi enn\u00e4tyst\u00e4\u00e4n viime kaudella per\u00e4ti 0,19 sekuntia lukemiin 12,88.<\/p>\n<p class=\"aw-1gybjub aw-1p7kakr kEtdKx cEmitX yle__article__paragraph\">\u2013 Lajitreeneiss\u00e4 urheilija hy\u00f6tyy laadukkaasta seurasta, joka antaa mahdollisuuden my\u00f6s laadukkaaseen ajatustenvaihtoon, Yl\u00f6stalo sanoo.<\/p>\n<p class=\"aw-1gybjub aw-1p7kakr kEtdKx cEmitX yle__article__paragraph\">Harala harjoittelee p\u00e4asiassa Tampereella.<\/p>\n<p class=\"aw-1gybjub aw-1p7kakr kEtdKx cEmitX yle__article__paragraph\">\u2013 H\u00e4n on niin kokenut ja osaava urheilija, ett\u00e4 perusharjoittelun laatu siell\u00e4 ei varmasti j\u00e4t\u00e4 toivomisen varaa, Yl\u00f6stalo sanoo.<\/p>\n<p class=\"aw-1gybjub aw-1p7kakr kEtdKx cEmitX yle__article__paragraph\">Harala ei ole Yl\u00f6stalolle uusi tuttavuus. H\u00e4n valmensi urheilijaa <strong class=\"aw-ak79eh KyCXm yle__article__strong\">Kai Kyll\u00f6sen<\/strong> kanssa kauden 2018\u20132019.<\/p>\n<p class=\"aw-1gybjub aw-1p7kakr kEtdKx cEmitX yle__article__paragraph\">Juttua korjattu kello 22.40 Haralan kommentein. Harala kommentoi, ettei n\u00e4ill\u00e4 n\u00e4kymin aio harjoitella s\u00e4\u00e4nn\u00f6llisesti Mikael Yl\u00f6stalon ryhm\u00e4ss\u00e4, vaan valmentajan kanssa oli sovittu vain kahdesta harjoituksesta.<\/p>\n","protected":false},"excerpt":{"rendered":"Pika-aituri k\u00e4ynyt \u00adharjoituksissa Helsingiss\u00e4 Yl\u00f6stalon valmennus\u00adryhm\u00e4n kanssa. Avaa kuvien katselu Tokion MM-kisoissa viime syksyn\u00e4 Lotta Haralan taival p\u00e4\u00e4ttyi&hellip;\n","protected":false},"author":2,"featured_media":137141,"comment_status":"","ping_status":"","sticky":false,"template":"","format":"standard","meta":{"footnotes":""},"categories":[158],"tags":[5784,33,31,30,5787,23885,159,32,160,6112,162],"class_list":{"0":"post-137140","1":"post","2":"type-post","3":"status-publish","4":"format-standard","5":"has-post-thumbnail","7":"category-urheilu","8":"tag-aitajuoksu","9":"tag-fi","10":"tag-finland","11":"tag-finnish","12":"tag-lotta-harala","13":"tag-mikael-ylostalo","14":"tag-sports","15":"tag-suomi","16":"tag-urheilu","17":"tag-urheiluvalmennus","18":"tag-yleisurheilu"},"share_on_mastodon":{"url":"https:\/\/pubeurope.com\/@fi\/115861743489283435","error":""},"_links":{"self":[{"href":"https:\/\/www.europesays.com\/fi\/wp-json\/wp\/v2\/posts\/137140","targetHints":{"allow":["GET"]}}],"collection":[{"href":"https:\/\/www.europesays.com\/fi\/wp-json\/wp\/v2\/posts"}],"about":[{"href":"https:\/\/www.europesays.com\/fi\/wp-json\/wp\/v2\/types\/post"}],"author":[{"embeddable":true,"href":"https:\/\/www.europesays.com\/fi\/wp-json\/wp\/v2\/users\/2"}],"replies":[{"embeddable":true,"href":"https:\/\/www.europesays.com\/fi\/wp-json\/wp\/v2\/comments?post=137140"}],"version-history":[{"count":0,"href":"https:\/\/www.europesays.com\/fi\/wp-json\/wp\/v2\/posts\/137140\/revisions"}],"wp:featuredmedia":[{"embeddable":true,"href":"https:\/\/www.europesays.com\/fi\/wp-json\/wp\/v2\/media\/137141"}],"wp:attachment":[{"href":"https:\/\/www.europesays.com\/fi\/wp-json\/wp\/v2\/media?parent=137140"}],"wp:term":[{"taxonomy":"category","embeddable":true,"href":"https:\/\/www.europesays.com\/fi\/wp-json\/wp\/v2\/categories?post=137140"},{"taxonomy":"post_tag","embeddable":true,"href":"https:\/\/www.europesays.com\/fi\/wp-json\/wp\/v2\/tags?post=137140"}],"curies":[{"name":"wp","href":"https:\/\/api.w.org\/{rel}","templated":true}]}}