{"id":137184,"date":"2026-01-08T23:14:07","date_gmt":"2026-01-08T23:14:07","guid":{"rendered":"https:\/\/www.europesays.com\/fi\/137184\/"},"modified":"2026-01-08T23:14:07","modified_gmt":"2026-01-08T23:14:07","slug":"mita-tama-tarkoittaa-anssi-heikkila-ja-linnea-leino","status":"publish","type":"post","link":"https:\/\/www.europesays.com\/fi\/137184\/","title":{"rendered":"Mit\u00e4 t\u00e4m\u00e4 tarkoittaa, Anssi Heikkil\u00e4 ja Linnea Leino?"},"content":{"rendered":"<p>Tanssija Anssi Heikkil\u00e4n ja n\u00e4yttelij\u00e4 Linnea Leinon l\u00e4mpimist\u00e4 v\u00e4leist\u00e4 on vihjailtu sen j\u00e4lkeen, kun he voittivat vuonna 2024 Tanssii t\u00e4htien kanssa -ohjelman.<\/p>\n<p>Mink\u00e4\u00e4nlaista varmistusta v\u00e4leist\u00e4 ei ole saatu, ja vihjailut ja myh\u00e4ilyt ovat jatkuneet.<\/p>\n<p>Lue my\u00f6s: <a href=\"https:\/\/www.como.fi\/uutiset\/linnea-leino-pakeni-kuvien-avulla-lampoon-helsingissa-on-niin-harmaata-etta\/\" title=\"Linnea Leino pakeni kuvien avulla l\u00e4mp\u00f6\u00f6n \u2013 \u201dHelsingiss\u00e4 on niin harmaata, ett\u00e4\u2026\u201d\" class=\"underline-custom !font-montserrat !font-bold !underline-offset-4 !decoration-4 !decoration-red-600 !text-md\" rel=\"nofollow noopener\" target=\"_blank\">Linnea Leino pakeni kuvien avulla l\u00e4mp\u00f6\u00f6n \u2013 \u201dHelsingiss\u00e4 on niin harmaata, ett\u00e4\u2026\u201d<\/a><\/p>\n<p>Nyt <strong><a href=\"https:\/\/www.seiska.fi\/kotimaa\/anssi-heikkila-ja-linnea-leino-loma-tallinnassa\/2039508\" rel=\"nofollow noopener\" target=\"_blank\">Seiska <\/a><\/strong>on tehnyt erikoisen huomion.<\/p>\n<p>Molemmat ovat olleet loppiaisena Tallinnassa.<\/p>\n<p>Instagram-p\u00e4ivityksi\u00e4 talvisesta Tallinnasta<\/p>\n<p>Asia k\u00e4y ilmi sek\u00e4 Heikkil\u00e4n ett\u00e4 Leinon julkaisemista Instagram-postauksista.<\/p>\n<p>Moni romanssi on paljastunut tai paljastettu tahallaan siten, ett\u00e4 romanssin osapuolet julkaisevat somessa identtist\u00e4 materiaalia: vaikkapa samasta ravintolasta, samasta illallisp\u00f6yd\u00e4st\u00e4 tai samasta hotellin ikkunasta.<\/p>\n<p>Lue my\u00f6s: <a href=\"https:\/\/www.como.fi\/uutiset\/linnea-leinon-erikoinen-elama-harrastaa-tata-pelottavaa-asiaa-pelkaamatta-mutta-pelkaa-tata-pikku-asiaa\/\" title=\"Linnea Leinon erikoinen el\u00e4m\u00e4: Harrastaa t\u00e4t\u00e4 pelottavaa asiaa pelk\u00e4\u00e4m\u00e4tt\u00e4 \u2013 mutta pelk\u00e4\u00e4 t\u00e4t\u00e4 pikku asiaa\" class=\"underline-custom !font-montserrat !font-bold !underline-offset-4 !decoration-4 !decoration-red-600 !text-md\" rel=\"nofollow noopener\" target=\"_blank\">Linnea Leinon erikoinen el\u00e4m\u00e4: Harrastaa t\u00e4t\u00e4 pelottavaa asiaa pelk\u00e4\u00e4m\u00e4tt\u00e4 \u2013 mutta pelk\u00e4\u00e4 t\u00e4t\u00e4 pikku asiaa<\/a><\/p>\n<p>N\u00e4in paljastui aikoinaan esimerkiksi Martina Aitolehden ja Hannu Pikkaraisen suhde.<\/p>\n<p>Anssi ja Linnea eiv\u00e4t ole tehneet n\u00e4in \u2013 mutta samassa kaupungissa he ovat olleet loppiaisena, se on p\u00e4ivityksest\u00e4 p\u00e4\u00e4telt\u00e4viss\u00e4.<\/p>\n<p>Mit\u00e4 t\u00e4m\u00e4 tarkoittaa? Se j\u00e4\u00e4 j\u00e4lleen kerran mystiikan lehdille.<\/p>\n<p>Lue my\u00f6s: <a href=\"https:\/\/www.como.fi\/tilaa-comon-uutiskirje\/\" title=\"Tilaa Comon uutiskirje ja tied\u00e4t mist\u00e4 kahvitauolla puhutaan! Nappaa kotimaan tv-vinkit ja puheenaiheet suoraan s\u00e4hk\u00f6postiin t\u00e4st\u00e4.\" class=\"underline-custom !font-montserrat !font-bold !underline-offset-4 !decoration-4 !decoration-red-600 !text-md\" rel=\"nofollow noopener\" target=\"_blank\">Tilaa Comon uutiskirje ja tied\u00e4t mist\u00e4 kahvitauolla puhutaan! Nappaa kotimaan tv-vinkit ja puheenaiheet suoraan s\u00e4hk\u00f6postiin t\u00e4st\u00e4.<\/a><\/p>\n","protected":false},"excerpt":{"rendered":"Tanssija Anssi Heikkil\u00e4n ja n\u00e4yttelij\u00e4 Linnea Leinon l\u00e4mpimist\u00e4 v\u00e4leist\u00e4 on vihjailtu sen j\u00e4lkeen, kun he voittivat vuonna 2024&hellip;\n","protected":false},"author":2,"featured_media":137185,"comment_status":"","ping_status":"","sticky":false,"template":"","format":"standard","meta":{"footnotes":""},"categories":[136],"tags":[407,137,33,31,30,408,32,109],"class_list":{"0":"post-137184","1":"post","2":"type-post","3":"status-publish","4":"format-standard","5":"has-post-thumbnail","7":"category-julkkikset","8":"tag-celebrities","9":"tag-entertainment","10":"tag-fi","11":"tag-finland","12":"tag-finnish","13":"tag-julkkikset","14":"tag-suomi","15":"tag-viihde"},"share_on_mastodon":{"url":"https:\/\/pubeurope.com\/@fi\/115862022535841155","error":""},"_links":{"self":[{"href":"https:\/\/www.europesays.com\/fi\/wp-json\/wp\/v2\/posts\/137184","targetHints":{"allow":["GET"]}}],"collection":[{"href":"https:\/\/www.europesays.com\/fi\/wp-json\/wp\/v2\/posts"}],"about":[{"href":"https:\/\/www.europesays.com\/fi\/wp-json\/wp\/v2\/types\/post"}],"author":[{"embeddable":true,"href":"https:\/\/www.europesays.com\/fi\/wp-json\/wp\/v2\/users\/2"}],"replies":[{"embeddable":true,"href":"https:\/\/www.europesays.com\/fi\/wp-json\/wp\/v2\/comments?post=137184"}],"version-history":[{"count":0,"href":"https:\/\/www.europesays.com\/fi\/wp-json\/wp\/v2\/posts\/137184\/revisions"}],"wp:featuredmedia":[{"embeddable":true,"href":"https:\/\/www.europesays.com\/fi\/wp-json\/wp\/v2\/media\/137185"}],"wp:attachment":[{"href":"https:\/\/www.europesays.com\/fi\/wp-json\/wp\/v2\/media?parent=137184"}],"wp:term":[{"taxonomy":"category","embeddable":true,"href":"https:\/\/www.europesays.com\/fi\/wp-json\/wp\/v2\/categories?post=137184"},{"taxonomy":"post_tag","embeddable":true,"href":"https:\/\/www.europesays.com\/fi\/wp-json\/wp\/v2\/tags?post=137184"}],"curies":[{"name":"wp","href":"https:\/\/api.w.org\/{rel}","templated":true}]}}