{"id":137195,"date":"2026-01-08T23:27:09","date_gmt":"2026-01-08T23:27:09","guid":{"rendered":"https:\/\/www.europesays.com\/fi\/137195\/"},"modified":"2026-01-08T23:27:09","modified_gmt":"2026-01-08T23:27:09","slug":"harkimon-pinna-petti-kuinka-ne-kehtaavat","status":"publish","type":"post","link":"https:\/\/www.europesays.com\/fi\/137195\/","title":{"rendered":"Harkimon pinna petti \u2013 \u201dKuinka ne kehtaavat\u201d"},"content":{"rendered":"<p>Liike nytin puheenjohtaja Harry Harkimo kuittailee keskustan kansanedustajalle Petri Honkoselle t\u00e4m\u00e4n puheista.<\/p>\n<p><img decoding=\"async\" class=\"image image-show image-preview\" src=\"https:\/\/www.europesays.com\/fi\/wp-content\/uploads\/2026\/01\/cd33160e53590467f69ed8256db13911793b2d42acff2fc62a67b8c0adcbf224.jpg\" alt=\"\"\/><img decoding=\"async\" class=\"image image-show\" src=\"https:\/\/www.europesays.com\/fi\/wp-content\/uploads\/2026\/01\/1767914829_895_cd33160e53590467f69ed8256db13911793b2d42acff2fc62a67b8c0adcbf224.jpg\" alt=\"\"\/><\/p>\n<p>Liike nytin puheenjohtaja Harry Harkimo. Jenni G\u00e4stgivar<\/p>\n<p class=\"paragraph\">Kokoomuksen nimityspeli on saanut \u201dkohtuuttoman h\u00e4rskit mittasuhteet\u201d, kirjoitti keskustan kansanedustaja, entinen tiede- ja kulttuuriministeri <a href=\"https:\/\/www.iltalehti.fi\/henkilot\/Petri Honkonen\" class=\"article-link-person-page\" rel=\"nofollow noopener\" target=\"_blank\">Petri Honkonen<\/a> tiedotteessaan keskiviikkona.<\/p>\n<p class=\"paragraph\">Honkonen arvosteli kovin sanoin kokoomusministereiden tekemi\u00e4, poliittisina pit\u00e4mi\u00e4 virkanimityksi\u00e4 ja kiinnitti huomiota muun muassa siihen, ett\u00e4 oikeuskansleri on kritisoinut poikkeuksellisen vahvasti tiede- ja kulttuuriministeri <a href=\"https:\/\/www.iltalehti.fi\/henkilot\/Mari-Leena Talvitie\" class=\"article-link-person-page\" rel=\"nofollow noopener\" target=\"_blank\">Mari-Leena Talvitien<\/a> (kok) valintaa opetus- ja kulttuuriministeri\u00f6n ylijohtajan paikalle.<\/p>\n<p class=\"paragraph\">Kokoomustaustainen Helsingin seurakuntayhtym\u00e4n johtaja <strong>Juha Rintam\u00e4ki<\/strong> siirtyi opetus ja kulttuuriministeri\u00f6n ylijohtajaksi  t\u00e4m\u00e4n vuoden alusta alkaen.<\/p>\n<p class=\"paragraph\">\u2013 Kokoomus nimitt\u00e4\u00e4 omia miehi\u00e4 ja naisia kuin viimeist\u00e4 p\u00e4iv\u00e4\u00e4 valtion virkoihin. Kelan p\u00e4\u00e4johtajanimitysprosessi oli avoimen poliittinen, ja viimeisimp\u00e4n\u00e4 OKM:n kulttuuripolitiikan osaston ylijohtajanimitys tuli bumerangina takaisin laillisuusvalvojalta ministerille useita kertoja, Honkonen kirjoitti.<\/p>\n<p class=\"paragraph\">Liike nytin puheenjohtaja <a href=\"https:\/\/www.iltalehti.fi\/henkilot\/Hjallis Harkimo\" class=\"article-link-person-page\" rel=\"nofollow noopener\" target=\"_blank\">Harry \u201dHjallis\u201d Harkimo<\/a> n\u00e4kee selv\u00e4sti keskustan viestinn\u00e4ss\u00e4 kaksinaismoralismia ja muistuttaa siit\u00e4, ett\u00e4 historiassa on eletty pitk\u00e4\u00e4n aikoja, jossa Kelassa on ollut keskustataustainen p\u00e4\u00e4johtaja. Nyt Kelaa johtaa kokoomustaustainen <strong>Lasse Lehtonen<\/strong>, joka tosin on sairauslomalla.<\/p>\n<p class=\"paragraph\">Harkimo antaa palaa Honkosen suuntaan <a href=\"https:\/\/x.com\/hjallisharkimo\/status\/2008881845518422406\" target=\"_blank\" rel=\"noopener nofollow\">viestipalvelu X:ss\u00e4<\/a>.<\/p>\n<p class=\"paragraph\">\u2013 Hyi hemmetti, kuinka ne kehtaavat! Kepun Honkonen arvostelee Kelan nimityksi\u00e4, vaikka kepu on itse i\u00e4t ja ajat nimitt\u00e4nyt Kelan p\u00e4\u00e4johtajan, h\u00e4n tykitt\u00e4\u00e4.<\/p>\n<p class=\"paragraph\">Harkimon mukaan poliittiset virkanimitykset pit\u00e4\u00e4 lopettaa.<\/p>\n<p class=\"paragraph\">\u2013 Se koskee kaikkia vanhoja puolueita. N\u00e4ill\u00e4 puheilla kansan luottamus hallintoon loppuu, Harkimo sanoo.<\/p>\n","protected":false},"excerpt":{"rendered":"Liike nytin puheenjohtaja Harry Harkimo kuittailee keskustan kansanedustajalle Petri Honkoselle t\u00e4m\u00e4n puheista. Liike nytin puheenjohtaja Harry Harkimo. Jenni&hellip;\n","protected":false},"author":2,"featured_media":37257,"comment_status":"","ping_status":"","sticky":false,"template":"","format":"standard","meta":{"footnotes":""},"categories":[12],"tags":[35,22,23,26,27,33,31,30,863,17,24,25,28,29,15,18,21,637,886,885,887,32,19,20,16],"class_list":{"0":"post-137195","1":"post","2":"type-post","3":"status-publish","4":"format-standard","5":"has-post-thumbnail","7":"category-suomi","8":"tag-24h","9":"tag-breaking-news","10":"tag-breakingnews","11":"tag-featured-news","12":"tag-featurednews","13":"tag-fi","14":"tag-finland","15":"tag-finnish","16":"tag-hallitus","17":"tag-headlines","18":"tag-latest-news","19":"tag-latestnews","20":"tag-main-news","21":"tag-mainnews","22":"tag-news","23":"tag-otsikot","24":"tag-paauutiset","25":"tag-politiikka","26":"tag-puolueet","27":"tag-suomen-poliittiset-puolueet","28":"tag-suomen-politiikka","29":"tag-suomi","30":"tag-top-stories","31":"tag-topstories","32":"tag-uutiset"},"share_on_mastodon":{"url":"https:\/\/pubeurope.com\/@fi\/115862073735168231","error":""},"_links":{"self":[{"href":"https:\/\/www.europesays.com\/fi\/wp-json\/wp\/v2\/posts\/137195","targetHints":{"allow":["GET"]}}],"collection":[{"href":"https:\/\/www.europesays.com\/fi\/wp-json\/wp\/v2\/posts"}],"about":[{"href":"https:\/\/www.europesays.com\/fi\/wp-json\/wp\/v2\/types\/post"}],"author":[{"embeddable":true,"href":"https:\/\/www.europesays.com\/fi\/wp-json\/wp\/v2\/users\/2"}],"replies":[{"embeddable":true,"href":"https:\/\/www.europesays.com\/fi\/wp-json\/wp\/v2\/comments?post=137195"}],"version-history":[{"count":0,"href":"https:\/\/www.europesays.com\/fi\/wp-json\/wp\/v2\/posts\/137195\/revisions"}],"wp:featuredmedia":[{"embeddable":true,"href":"https:\/\/www.europesays.com\/fi\/wp-json\/wp\/v2\/media\/37257"}],"wp:attachment":[{"href":"https:\/\/www.europesays.com\/fi\/wp-json\/wp\/v2\/media?parent=137195"}],"wp:term":[{"taxonomy":"category","embeddable":true,"href":"https:\/\/www.europesays.com\/fi\/wp-json\/wp\/v2\/categories?post=137195"},{"taxonomy":"post_tag","embeddable":true,"href":"https:\/\/www.europesays.com\/fi\/wp-json\/wp\/v2\/tags?post=137195"}],"curies":[{"name":"wp","href":"https:\/\/api.w.org\/{rel}","templated":true}]}}