{"id":137200,"date":"2026-01-08T23:47:12","date_gmt":"2026-01-08T23:47:12","guid":{"rendered":"https:\/\/www.europesays.com\/fi\/137200\/"},"modified":"2026-01-08T23:47:12","modified_gmt":"2026-01-08T23:47:12","slug":"emilia-soinin-raju-avautuminen-karjisti-apurahavaittelyn-olympiakomitean-pomolla-selva-nakemys-kuohunnan-juurisyysta-urheilu","status":"publish","type":"post","link":"https:\/\/www.europesays.com\/fi\/137200\/","title":{"rendered":"Emilia Soinin raju avautuminen k\u00e4rjisti apu\u00adraha\u00adv\u00e4ittelyn \u2013 Olympia\u00adkomitean pomolla selv\u00e4 n\u00e4kemys kuohunnan juurisyyst\u00e4 | Urheilu"},"content":{"rendered":"<p class=\"aw-1gybjub aw-1p7kakr kEtdKx cEmitX yle__article__paragraph\">Suomalaisessa urheilussa nousi tuttuun tapaan myr\u00e4kk\u00e4, kun opetus- ja kulttuuriministeri\u00f6 <a class=\"aw-iao6s4 iHOxEa yle__article__link\" href=\"https:\/\/yle.fi\/a\/74-20202312\" role=\"link\" rel=\"nofollow noopener\" target=\"_blank\">jakoi urheilija-apurahansa<\/a>.<\/p>\n<p class=\"aw-1gybjub aw-1p7kakr kEtdKx cEmitX yle__article__paragraph\">Apurahakriteereist\u00e4 nousee aina keskustelua, mutta nyt ne nousivat erityisell\u00e4 tavalla tikunnokkaan, koska tuet jaettiin ensi kertaa <a class=\"aw-iao6s4 iHOxEa yle__article__link\" href=\"https:\/\/yle.fi\/a\/74-20188921\" role=\"link\" rel=\"nofollow noopener\" target=\"_blank\">uudistetuilla perusteilla<\/a>.<\/p>\n<p class=\"aw-1gybjub aw-1p7kakr kEtdKx cEmitX yle__article__paragraph\">Vuosi takaperin kes\u00e4lajien apurahanjaossa tukea sai 162 urheilijaa, nyt 76 urheilijaa. Tavoitteena on apurahojen tarkempi kohdentaminen ja Suomen kansainv\u00e4lisen urheilumenestyksen parantaminen.<\/p>\n<p class=\"aw-1gybjub aw-1p7kakr kEtdKx cEmitX yle__article__paragraph\">26 urheilijaa sai suuremman eli 24\u00a0000 euron apurahan ja 50 pienemm\u00e4n eli 12\u00a0000 euron apurahan. Suuremmista apurahoista 19 kappaletta my\u00f6nnettiin kaksivuotisina, kun aiemmin t\u00e4llaista mahdollisuutta ei ollut. Yksitt\u00e4iset joukkuelajien urheilijat eiv\u00e4t en\u00e4\u00e4 tukea saa.<\/p>\n<p><img decoding=\"async\" alt=\"Saga Vanninen ei onnistu kuulassa.\" src=\"https:\/\/www.europesays.com\/fi\/wp-content\/uploads\/2026\/01\/39-152615768cd464db199d.jpeg\" loading=\"lazy\" class=\"aw-1l9m598 hKVVvP\"\/><\/p>\n<p>Avaa kuvien katselu<\/p>\n<p>Saga Vanninen sai 24 000 euron apurahan kahdelle vuodelle. H\u00e4nen lis\u00e4kseen saman sai seitsem\u00e4n yleisurheilijaa. Kuva: Getty ImagesRajuja tikareita<\/p>\n<p class=\"aw-1gybjub aw-1p7kakr kEtdKx cEmitX yle__article__paragraph\">Lajien vertailussa yleisurheilu on uudistuksessa selv\u00e4sti eniten rahaa menett\u00e4nyt laji. Keilailu oli selvin voittaja.<\/p>\n<p class=\"aw-1gybjub aw-1p7kakr kEtdKx cEmitX yle__article__paragraph\">Suomen urheiluliiton puheenjohtaja <strong class=\"aw-ak79eh KyCXm yle__article__strong\">Riikka Pakarinen<\/strong> julkaisi <a class=\"aw-iao6s4 iHOxEa yle__article__link\" href=\"https:\/\/www.yleisurheilu.fi\/uutinen\/apurahapaatokset-herattivat-yleisurheilun-osalta-ihmetysta\/\" role=\"link\" rel=\"nofollow noopener\" target=\"_blank\">tekstin<\/a>, jossa h\u00e4n nosti esiin kriittisi\u00e4 n\u00e4k\u00f6kantoja apurahojen jakautumisesta.<\/p>\n<p><img decoding=\"async\" alt=\"Riikka Pakarinen l\u00e4hikuvassa Laaksolahden jalkapallohallissa.\" src=\"https:\/\/www.europesays.com\/fi\/wp-content\/uploads\/2026\/01\/39-1577316695bcb0c6ff62.jpeg\" loading=\"lazy\" class=\"aw-1l9m598 hKVVvP\"\/><\/p>\n<p>Avaa kuvien katselu<\/p>\n<p>Riikka Pakarisen johtamassa Urheiluliitossa ollaan pettyneit\u00e4 eik\u00e4 apurahojen jako mennyt heid\u00e4n n\u00e4k\u00f6kulmastaan oikeudenmukaisesti. Kuva: Jorma Vihtonen \/ Yle<\/p>\n<p class=\"aw-1gybjub aw-1p7kakr kEtdKx cEmitX yle__article__paragraph\">Erityisesti otsikoihin nousi squashin kaksinkertaisen EM-mitalistin <strong class=\"aw-ak79eh KyCXm yle__article__strong\">Emilia Soinin<\/strong> raju avautuminen. H\u00e4n kirjoitti Instagramissa, ett\u00e4 koko Suomen urheiluun liittyv\u00e4 politiikka on perseest\u00e4. Erityisesti h\u00e4n nosti esille keilailun, joka ei Soinin mielest\u00e4 edes ole urheilulaji.<\/p>\n<p class=\"aw-1gybjub aw-1p7kakr kEtdKx cEmitX yle__article__paragraph\">Keilailuliitto <a class=\"aw-iao6s4 iHOxEa yle__article__link\" href=\"https:\/\/www.keilailu.fi\/suomen-keilailuliiton-kannanotto-mediassa-esilla-olleeseen-urheilija-apurahakeskusteluun\/\" role=\"link\" rel=\"nofollow noopener\" target=\"_blank\">julkaisi kannanoton<\/a>, jossa se ihmetteli, ett\u00e4 Soinin kirjoituksessa nostettiin keilailu sek\u00e4 yksitt\u00e4iset keilaajat \u201deritt\u00e4in ala-arvoisesti esille\u201d. Keilailuliitto kertoi tehneens\u00e4 ja tekev\u00e4ns\u00e4 p\u00e4ivitt\u00e4in t\u00f6it\u00e4, jotta sen urheilijat ja laji saisivat ansaitsemansa arvostuksen.<\/p>\n<p><img decoding=\"async\" alt=\"Emilia Soini.\" src=\"https:\/\/www.europesays.com\/fi\/wp-content\/uploads\/2025\/12\/39-124180665c77edea7653.jpeg\" loading=\"lazy\" class=\"aw-1l9m598 hKVVvP\"\/><\/p>\n<p>Avaa kuvien katselu<\/p>\n<p>\u2013 Olkoon vaikka kuinka moninkertaisia maailmanmestareita, niin v***u mik\u00e4 vitsi, Emilia Soini latasi keilailuun kohdistuneista apurahap\u00e4\u00e4t\u00f6ksist\u00e4. Kuva: Jorma Vihtonen \/ Yle<\/p>\n<p class=\"aw-1gybjub aw-1p7kakr kEtdKx cEmitX yle__article__paragraph\">Keilailuliitto my\u00f6s kiitteli Suomen squashliittoa siit\u00e4, ett\u00e4 se <a class=\"aw-iao6s4 iHOxEa yle__article__link\" href=\"https:\/\/www.squash.fi\/Tiedonanto\" role=\"link\" rel=\"nofollow noopener\" target=\"_blank\">omalla tiedotteellaan<\/a> ja oma-aloitteisesti irtautui Soinin mielipiteist\u00e4.<\/p>\n<p class=\"aw-1gybjub aw-1p7kakr kEtdKx cEmitX yle__article__paragraph\">Squashliitto puolestaan kertoi jakavansa Soinin tuskan siit\u00e4, ett\u00e4 etenkin yksil\u00f6lajeissa taloudelliset mahdollisuudet huipulle pyrkimiseen ovat nykytilanteessa l\u00e4hes olemattomat.<\/p>\n<p class=\"aw-1gybjub aw-1p7kakr kEtdKx cEmitX yle__article__paragraph\">Se ei kuitenkaan ole mink\u00e4\u00e4n muun lajin tai ministeri\u00f6n vika, Squashliitto totesi.<\/p>\n<p class=\"aw-1gybjub aw-1p7kakr kEtdKx cEmitX yle__article__paragraph\">\u2013 Nyt urheilijamme hampaissa ollut keilailu on globaalisti eritt\u00e4in kilpailtu laji ja apurahan saaneet urheilijat t\u00e4ytt\u00e4v\u00e4t apurahakriteerit.<\/p>\n<p><img decoding=\"async\" alt=\"Suomen naiset juhlivat keilailun maailmanmestaruutta Suomen lipun kanssa ja mitalit kaulassa.\" src=\"https:\/\/www.europesays.com\/fi\/wp-content\/uploads\/2026\/01\/39-1561893692c30392ba00.jpeg\" loading=\"lazy\" class=\"aw-1l9m598 hKVVvP\"\/><\/p>\n<p>Avaa kuvien katselu<\/p>\n<p>Suomi kahmi mitaleita MM-kisoissa marras-joulukuussa 2025. Essi Pakarinen ja Peppi Konsteri juhlivat kultaa parikisassa. Kuva: Tiina Viljakka \/ Suomen keilailuliitto<\/p>\n<p class=\"aw-1gybjub aw-1p7kakr kEtdKx cEmitX yle__article__paragraph\">Pararatsastaja <strong class=\"aw-ak79eh KyCXm yle__article__strong\">Jonna Aaltonen<\/strong> kirjoitti <a class=\"aw-iao6s4 iHOxEa yle__article__link\" href=\"https:\/\/www.facebook.com\/story.php?story_fbid=10163768990444207&amp;id=603064206&amp;rdid=NpijfJl3Lj4dMknm#\" role=\"link\" rel=\"nofollow noopener\" target=\"_blank\">Facebookissa<\/a>, ettei saanut apurahaa, vaikka nousi kansainv\u00e4lisess\u00e4 rankingissa top10:een ja EM-kisojen finaalissa seitsem\u00e4nneksi.<\/p>\n<p class=\"aw-1gybjub aw-1p7kakr kEtdKx cEmitX yle__article__paragraph\">\u2013 Nyt joudun pohtimaan koko kilpailu-uran jatkamisen mielekkyytt\u00e4 ja sit\u00e4, ett\u00e4 jos jatkan, toinen hevonen on joka tapauksessa myyt\u00e4v\u00e4.<\/p>\n<p class=\"aw-1gybjub aw-1p7kakr kEtdKx cEmitX yle__article__paragraph\">Maineikas yleisurheiluvalmentaja <strong class=\"aw-ak79eh KyCXm yle__article__strong\">Hannu Kangas<\/strong> kirjoitti <a class=\"aw-iao6s4 iHOxEa yle__article__link\" href=\"https:\/\/www.instagram.com\/p\/DTBRDWBCE-Q\/?utm_source=ig_embed\" role=\"link\" rel=\"nofollow noopener\" target=\"_blank\">Instagramissa<\/a> \u201dkatkeran ja pitk\u00e4n tilityksen\u201d, koska h\u00e4nen tytt\u00e4rens\u00e4, kuulanty\u00f6nt\u00e4j\u00e4 <strong class=\"aw-ak79eh KyCXm yle__article__strong\">Emilia Kangas<\/strong> pudotettiin apurahoilta.<\/p>\n<p><img decoding=\"async\" alt=\"Emilia Kangas ty\u00f6nt\u00e4\u00e4.\" src=\"https:\/\/www.europesays.com\/fi\/wp-content\/uploads\/2026\/01\/39-1501899688d0ec43ad61.jpeg\" loading=\"lazy\" class=\"aw-1l9m598 hKVVvP\"\/><\/p>\n<p>Avaa kuvien katselu<\/p>\n<p>Hannu Kangas ihmetteli Emilia Kankaan pudottamista apurahoilta. Euroopan tilaston kymmenes sija ja karsitun maailmantilaston (kolme urheilijaa \/ maa) 18. sija kertovat, ett\u00e4 maailman k\u00e4rki on saavutettavissa, Kangas kirjoitti. Kuva: All Over PressT\u00e4rke\u00e4 keskustelu edelleen k\u00e4ym\u00e4tt\u00e4, linjaa huippu-urheilujohtaja<\/p>\n<p class=\"aw-1gybjub aw-1p7kakr kEtdKx cEmitX yle__article__paragraph\">Elokuussa Suomen olympiakomitean huippu-urheilujohtajana aloittanut <strong class=\"aw-ak79eh KyCXm yle__article__strong\">Janne H\u00e4nninen<\/strong> <a class=\"aw-iao6s4 iHOxEa yle__article__link\" href=\"https:\/\/areena.yle.fi\/1-76828740\" role=\"link\" rel=\"nofollow noopener\" target=\"_blank\">vieraili torstai-iltana Radio Suomen Urheiluillassa<\/a>.<\/p>\n<p class=\"aw-1gybjub aw-1p7kakr kEtdKx cEmitX yle__article__paragraph\">H\u00e4nninen halusi muistuttaa, miksi urheiluapurahoja piti uudistaa.<\/p>\n<p class=\"aw-1gybjub aw-1p7kakr kEtdKx cEmitX yle__article__paragraph\">\u2013 Pariisin olympialaisissa 2024 ei tullut mitaleja. Alkoi kauhea h\u00e4rdelli.<\/p>\n<p class=\"aw-1gybjub aw-1p7kakr kEtdKx cEmitX yle__article__paragraph\">Silloinen liikunta-, urheilu- ja nuorisoministeri <strong class=\"aw-ak79eh KyCXm yle__article__strong\">Sandra Bergqvist<\/strong> aloitti uudistusty\u00f6n. Kev\u00e4\u00e4ll\u00e4 2025 ministeri nimitti <a class=\"aw-iao6s4 iHOxEa yle__article__link\" href=\"https:\/\/yle.fi\/a\/74-20164565\" role=\"link\" rel=\"nofollow noopener\" target=\"_blank\">huippu-urheilun asiantuntijaryhm\u00e4n<\/a>.<\/p>\n<p class=\"aw-1gybjub aw-1p7kakr kEtdKx cEmitX yle__article__paragraph\">Asiantuntijaryhm\u00e4 ja Olympiakomitea ovat antaneet lausuntonsa, millaisin kriteerein apurahoja tulisi jakaa.<\/p>\n<p class=\"aw-1gybjub aw-1p7kakr kEtdKx cEmitX yle__article__paragraph\">\u2013 Olemme Olympiakomiteassa tyytyv\u00e4isi\u00e4 kriteereihin. Ne eiv\u00e4t ole yksi yhteen, mit\u00e4 halusimme, eiv\u00e4tk\u00e4 ne ole yksi yhteen, mit\u00e4 asiantuntijaryhm\u00e4 halusi, mutta riitt\u00e4v\u00e4n l\u00e4hell\u00e4, H\u00e4nninen kommentoi apurahap\u00e4\u00e4t\u00f6ksi\u00e4, jotka viime k\u00e4dess\u00e4 OKM hyv\u00e4ksyy.<\/p>\n<p><img decoding=\"async\" alt=\"Olympiakomitean uusi huippu-urheilujohtaja Janne H\u00e4nninen Olympiastadionin tornin vieress\u00e4.\" src=\"https:\/\/www.europesays.com\/fi\/wp-content\/uploads\/2026\/01\/39-14835416853d0bbe57b0.jpeg\" loading=\"lazy\" class=\"aw-1l9m598 hKVVvP\"\/><\/p>\n<p>Avaa kuvien katselu<\/p>\n<p>Janne H\u00e4nninen huomauttaa, ett\u00e4 apurahakriteerit perustuvat siihen tilaukseen, ett\u00e4 Suomessa halutaan mitaleita. Kuva: Jukka Lehto \/ Yle<\/p>\n<p class=\"aw-1gybjub aw-1p7kakr kEtdKx cEmitX yle__article__paragraph\">Tukirahoja halutaan suunnata urheilijoille, jotka ovat maailman top8:ssa \u2013 H\u00e4nnisen sanoin askeleen p\u00e4\u00e4ss\u00e4 mitalitasosta.<\/p>\n<p class=\"aw-1gybjub aw-1p7kakr kEtdKx cEmitX yle__article__paragraph\">Sitten on haluttu tukea pienemm\u00e4ll\u00e4 apurahalla lahjakkuuksia, joilta l\u00f6ytyy \u201dtodennettavissa oleva n\u00e4kym\u00e4\u201d ylt\u00e4\u00e4 olympialaisissa 2028 maailman top8:aan. Sen lis\u00e4ksi on tuettu joitakin nuorempia poikkeuslahjakkuuksia.<\/p>\n<p class=\"aw-1gybjub aw-1p7kakr kEtdKx cEmitX yle__article__paragraph\">\u2013 Kaikki n\u00e4m\u00e4 p\u00e4\u00e4t\u00f6kset, mit\u00e4 lausuimme ministeri\u00f6lle, perustuvat hyvin selke\u00e4\u00e4n tulos- ja kehityskaareen. Lajeissa, kuten yleisurheilu ja uinti, joissa kaikki on mitattavaa, meill\u00e4 on dataa vuosilta 2012\u20132024 kaikista globaaleista arvokisamitalisteista, top8-sijoista sek\u00e4 heid\u00e4n kehitysk\u00e4yrist\u00e4\u00e4n.<\/p>\n<p class=\"aw-1gybjub aw-1p7kakr kEtdKx cEmitX yle__article__paragraph\">Toisaalta voi pohtia, mit\u00e4 puolusteltavaa vanhassa j\u00e4rjestelm\u00e4ss\u00e4 oli. Nyt vain pettyji\u00e4 oli paljon, kun apurahan saajien m\u00e4\u00e4r\u00e4 oli 47 prosenttia aiemmasta.<\/p>\n<p class=\"aw-1gybjub aw-1p7kakr kEtdKx cEmitX yle__article__paragraph\">\u2013 Olen v\u00e4\u00e4r\u00e4 ihminen arvioimaan vanhoja kriteereit\u00e4, mutta nyt tavoitetila on, ett\u00e4 pit\u00e4\u00e4 saada mitaleja. T\u00e4m\u00e4 on siihen parempi. Ovatko kriteerit t\u00e4ydellisi\u00e4? T\u00e4ydellist\u00e4 j\u00e4rjestelm\u00e4\u00e4 ei saada koskaan. Nyt tehtiin selke\u00e4 muutos.<\/p>\n<p><img decoding=\"async\" alt=\"Laura Lahtinen.\" src=\"https:\/\/www.europesays.com\/fi\/wp-content\/uploads\/2025\/12\/39-1395082675c90c3e0a14.jpeg\" loading=\"lazy\" class=\"aw-1l9m598 hKVVvP\"\/><\/p>\n<p>Avaa kuvien katselu<\/p>\n<p>Esimerkiksi uimari Laura Lahtinen ei saanut urheilija-apurahaa, sill\u00e4 h\u00e4nen parhaat n\u00e4ytt\u00f6ns\u00e4 uinnista ovat lyhyen radan kilpailuista. Olympialaisissa kisataan pitk\u00e4ll\u00e4 radalla. Kuva: Alex Plavevski \/ AOP<\/p>\n<p class=\"aw-1gybjub aw-1p7kakr kEtdKx cEmitX yle__article__paragraph\">Toisaalta apurahap\u00e4\u00e4t\u00f6ksiss\u00e4 olympialajeja ja ei-olympialajeja vertaillaan eri kriteerein.<\/p>\n<p class=\"aw-1gybjub aw-1p7kakr kEtdKx cEmitX yle__article__paragraph\">SUL:n Riikka Pakarinen ihmetteli, ett\u00e4 apurahoja on jaettu varsin avok\u00e4tisesti ei-olympialajien edustajille, ja lajikattausta on pit\u00e4nyt karsia, kun nyt sit\u00e4 lis\u00e4ttiin.<\/p>\n<p class=\"aw-1gybjub aw-1p7kakr kEtdKx cEmitX yle__article__paragraph\">Onko suomalaisella urheilulla varaa siihen, ett\u00e4 lajiliitot ja urheilijat ovat toistensa kimpussa?<\/p>\n<p class=\"aw-1gybjub aw-1p7kakr kEtdKx cEmitX yle__article__paragraph\">\u2013 No sanotaanko n\u00e4in, ett\u00e4 lajikateus tai muiden lajien kritisointi ei ole hyv\u00e4 asia. Mutta selv\u00e4stikin t\u00e4m\u00e4 kielii, ett\u00e4 yhteiskunnallinen keskustelu siit\u00e4, mit\u00e4 halutaan tavoitella, olisi hyv\u00e4 k\u00e4yd\u00e4, H\u00e4nninen vastaa.<\/p>\n<p class=\"aw-1gybjub aw-1p7kakr kEtdKx cEmitX yle__article__paragraph\">T\u00e4m\u00e4 on keskustelu, jota H\u00e4nninen per\u00e4\u00e4nkuuluttaa useita kertoja haastattelun aikana.<\/p>\n<p class=\"aw-1gybjub aw-1p7kakr kEtdKx cEmitX yle__article__paragraph\">\u2013 Mielell\u00e4ni kutsuisin yhteiskunnan p\u00e4\u00e4tt\u00e4ji\u00e4, lajiliittoja, mediaa, kaikkia huippu-urheilun toimijoita keskustelemaan avoimesti, mit\u00e4 tavoitellaan.<\/p>\n<p class=\"aw-1gybjub aw-1p7kakr kEtdKx cEmitX yle__article__paragraph\">\u2013 Olympiamenestyst\u00e4? Joukkuepelien vai yksil\u00f6lajien menestyst\u00e4, talvi- vai kes\u00e4lajien menestyst\u00e4? Se pit\u00e4isi keskustella auki. Sitten voidaan tehd\u00e4 johtop\u00e4\u00e4t\u00f6ksi\u00e4. Sit\u00e4 keskustelua ei mielest\u00e4ni ole koskaan k\u00e4yty.<\/p>\n<p class=\"aw-1gybjub aw-1p7kakr kEtdKx cEmitX yle__article__paragraph\">My\u00f6s Suomen yleisurheiluvalmentajat ry <a class=\"aw-iao6s4 iHOxEa yle__article__link\" href=\"https:\/\/www.sulvalmentajat.fi\/uutiset\/suomen-yleisurheiluvalmentajat-ry-n\/\" role=\"link\" rel=\"nofollow noopener\" target=\"_blank\">arvosteli<\/a> apurahap\u00e4\u00e4t\u00f6ksi\u00e4. J\u00e4rjest\u00f6n kannanotossa nostettiin kova ehdotus, ett\u00e4 paraurheilu pit\u00e4isi siirt\u00e4\u00e4 oman tukij\u00e4rjestelm\u00e4ns\u00e4 piiriin.<\/p>\n<p class=\"aw-1gybjub aw-1p7kakr kEtdKx cEmitX yle__article__paragraph\">\u2013 Olen sit\u00e4 mielt\u00e4, ett\u00e4 pit\u00e4isi k\u00e4yd\u00e4 keskustelu, mihin lajeihin halutaan satsata. Nyt satsataan kaikkeen ja urheilijan taso sitten m\u00e4\u00e4rittelee, saako tukea, H\u00e4nninen py\u00f6rittelee.<\/p>\n<p class=\"aw-1gybjub aw-1p7kakr kEtdKx cEmitX yle__article__paragraph\">\u2013 Min\u00e4 en ole se, joka sanoo, ettei paraurheilua pit\u00e4isi tukea. Mielest\u00e4ni se on yksi laji, vaikka tied\u00e4n, ett\u00e4 siihen kuuluu monta eri lajia.<\/p>\n<p><script async src=\"\/\/www.instagram.com\/embed.js\"><\/script><\/p>\n","protected":false},"excerpt":{"rendered":"Suomalaisessa urheilussa nousi tuttuun tapaan myr\u00e4kk\u00e4, kun opetus- ja kulttuuriministeri\u00f6 jakoi urheilija-apurahansa. Apurahakriteereist\u00e4 nousee aina keskustelua, mutta nyt&hellip;\n","protected":false},"author":2,"featured_media":95728,"comment_status":"","ping_status":"","sticky":false,"template":"","format":"standard","meta":{"footnotes":""},"categories":[158],"tags":[1274,33,31,30,2776,159,17591,32,78,160,4845],"class_list":{"0":"post-137200","1":"post","2":"type-post","3":"status-publish","4":"format-standard","5":"has-post-thumbnail","7":"category-urheilu","8":"tag-ammattiurheilu","9":"tag-fi","10":"tag-finland","11":"tag-finnish","12":"tag-olympialaiset","13":"tag-sports","14":"tag-suomen-olympiakomitea","15":"tag-suomi","16":"tag-talous","17":"tag-urheilu","18":"tag-urheilu-ja-liikuntajarjestot"},"share_on_mastodon":{"url":"https:\/\/pubeurope.com\/@fi\/115862152516748548","error":""},"_links":{"self":[{"href":"https:\/\/www.europesays.com\/fi\/wp-json\/wp\/v2\/posts\/137200","targetHints":{"allow":["GET"]}}],"collection":[{"href":"https:\/\/www.europesays.com\/fi\/wp-json\/wp\/v2\/posts"}],"about":[{"href":"https:\/\/www.europesays.com\/fi\/wp-json\/wp\/v2\/types\/post"}],"author":[{"embeddable":true,"href":"https:\/\/www.europesays.com\/fi\/wp-json\/wp\/v2\/users\/2"}],"replies":[{"embeddable":true,"href":"https:\/\/www.europesays.com\/fi\/wp-json\/wp\/v2\/comments?post=137200"}],"version-history":[{"count":0,"href":"https:\/\/www.europesays.com\/fi\/wp-json\/wp\/v2\/posts\/137200\/revisions"}],"wp:featuredmedia":[{"embeddable":true,"href":"https:\/\/www.europesays.com\/fi\/wp-json\/wp\/v2\/media\/95728"}],"wp:attachment":[{"href":"https:\/\/www.europesays.com\/fi\/wp-json\/wp\/v2\/media?parent=137200"}],"wp:term":[{"taxonomy":"category","embeddable":true,"href":"https:\/\/www.europesays.com\/fi\/wp-json\/wp\/v2\/categories?post=137200"},{"taxonomy":"post_tag","embeddable":true,"href":"https:\/\/www.europesays.com\/fi\/wp-json\/wp\/v2\/tags?post=137200"}],"curies":[{"name":"wp","href":"https:\/\/api.w.org\/{rel}","templated":true}]}}