{"id":137211,"date":"2026-01-08T23:54:08","date_gmt":"2026-01-08T23:54:08","guid":{"rendered":"https:\/\/www.europesays.com\/fi\/137211\/"},"modified":"2026-01-08T23:54:08","modified_gmt":"2026-01-08T23:54:08","slug":"liverpool-paatti-arsenalin-voittoputken-valioliigassa-urheilua-lyhyesti","status":"publish","type":"post","link":"https:\/\/www.europesays.com\/fi\/137211\/","title":{"rendered":"Liverpool p\u00e4\u00e4tti Arsenalin voittoputken Valioliigassa | Urheilua lyhyesti"},"content":{"rendered":"<p class=\"aw-1gybjub aw-5vja16 kEtdKx kmuxyA yle__article__paragraph\"> Arsenal johtaa sarjataulukossa toisena majailevaa Manchester City\u00e4 nyt kuudella pisteell\u00e4.<\/p>\n<p><img decoding=\"async\" alt=\"Liverpoolin kaksi punapaitaista pelaajaa kent\u00e4ll\u00e4.\" src=\"https:\/\/www.europesays.com\/fi\/wp-content\/uploads\/2025\/12\/39-1574317694afa6b72cc8.jpeg\" class=\"aw-1l9m598 hKVVvP\"\/><\/p>\n<p>Avaa kuvien katselu<\/p>\n<p>Liverpoolin Virgil van Dijk ja Florian Wirtz pelasivat t\u00e4ydet minuutit Arsenalia vastaan. Kuva: Adam Vaughan \/ EPA<\/p>\n<p class=\"aw-1gybjub aw-1p7kakr kEtdKx cEmitX yle__article__paragraph\">Englannin jalkapallon Valioliigaa johtava Arsenal ja hallitseva mestari Liverpool pelasivat maalittoman tasapelin torstai-iltana Lontoossa.<\/p>\n<p class=\"aw-1gybjub aw-1p7kakr kEtdKx cEmitX yle__article__paragraph\">Arsenal vei maaliodottaman 0,57\u20130,36 ja laukaukset 9\u20138.<\/p>\n<p class=\"aw-1gybjub aw-1p7kakr kEtdKx cEmitX yle__article__paragraph\">Liverpool hallitsi etenkin toisella puoliajalla, muttei saanut ottelussa laukaustakaan maalia kohden. Punapaidoille on viimeksi k\u00e4ynyt niin Valioliigassa Sky Sportsin mukaan Wigan Athleticia vastaan maaliskuussa 2010.<\/p>\n<p class=\"aw-1gybjub aw-1p7kakr kEtdKx cEmitX yle__article__paragraph\">Tasapeli p\u00e4\u00e4tti Arsenalin viiden ottelun voittoputken Valioliigassa. Se johtaa sarjataulukossa toisena majailevaa Manchester City\u00e4 nyt kuudella pisteell\u00e4.<\/p>\n<p class=\"aw-1gybjub aw-1p7kakr kEtdKx cEmitX yle__article__paragraph\">Liverpool on liigassa yhdeks\u00e4n ottelun tappiottomassa putkessa. Se on kahdeksan pistett\u00e4 sarjakolmosta Aston Villaa per\u00e4ss\u00e4 ja kaksi pinnaa Brentfordin edell\u00e4.<\/p>\n<p class=\"aw-1gybjub aw-1p7kakr kEtdKx cEmitX yle__article__paragraph\"><a class=\"aw-iao6s4 iHOxEa yle__article__link\" href=\"https:\/\/yle.fi\/aihe\/tekstitv?P=674\" role=\"link\" rel=\"nofollow noopener\" target=\"_blank\">Valioliigan sarjataulukko (teksti-tv).<\/a><\/p>\n","protected":false},"excerpt":{"rendered":"Arsenal johtaa sarjataulukossa toisena majailevaa Manchester City\u00e4 nyt kuudella pisteell\u00e4. Avaa kuvien katselu Liverpoolin Virgil van Dijk ja&hellip;\n","protected":false},"author":2,"featured_media":137212,"comment_status":"","ping_status":"","sticky":false,"template":"","format":"standard","meta":{"footnotes":""},"categories":[5],"tags":[4287,22,23,531,26,27,33,31,30,17,43,24,25,529,28,29,15,18,21,32,19,20,16],"class_list":{"0":"post-137211","1":"post","2":"type-post","3":"status-publish","4":"format-standard","5":"has-post-thumbnail","7":"category-otsikot","8":"tag-arsenal-fc","9":"tag-breaking-news","10":"tag-breakingnews","11":"tag-englannin-valioliiga","12":"tag-featured-news","13":"tag-featurednews","14":"tag-fi","15":"tag-finland","16":"tag-finnish","17":"tag-headlines","18":"tag-jalkapallo","19":"tag-latest-news","20":"tag-latestnews","21":"tag-liverpool-fc","22":"tag-main-news","23":"tag-mainnews","24":"tag-news","25":"tag-otsikot","26":"tag-paauutiset","27":"tag-suomi","28":"tag-top-stories","29":"tag-topstories","30":"tag-uutiset"},"share_on_mastodon":{"url":"https:\/\/pubeurope.com\/@fi\/115862179848176563","error":""},"_links":{"self":[{"href":"https:\/\/www.europesays.com\/fi\/wp-json\/wp\/v2\/posts\/137211","targetHints":{"allow":["GET"]}}],"collection":[{"href":"https:\/\/www.europesays.com\/fi\/wp-json\/wp\/v2\/posts"}],"about":[{"href":"https:\/\/www.europesays.com\/fi\/wp-json\/wp\/v2\/types\/post"}],"author":[{"embeddable":true,"href":"https:\/\/www.europesays.com\/fi\/wp-json\/wp\/v2\/users\/2"}],"replies":[{"embeddable":true,"href":"https:\/\/www.europesays.com\/fi\/wp-json\/wp\/v2\/comments?post=137211"}],"version-history":[{"count":0,"href":"https:\/\/www.europesays.com\/fi\/wp-json\/wp\/v2\/posts\/137211\/revisions"}],"wp:featuredmedia":[{"embeddable":true,"href":"https:\/\/www.europesays.com\/fi\/wp-json\/wp\/v2\/media\/137212"}],"wp:attachment":[{"href":"https:\/\/www.europesays.com\/fi\/wp-json\/wp\/v2\/media?parent=137211"}],"wp:term":[{"taxonomy":"category","embeddable":true,"href":"https:\/\/www.europesays.com\/fi\/wp-json\/wp\/v2\/categories?post=137211"},{"taxonomy":"post_tag","embeddable":true,"href":"https:\/\/www.europesays.com\/fi\/wp-json\/wp\/v2\/tags?post=137211"}],"curies":[{"name":"wp","href":"https:\/\/api.w.org\/{rel}","templated":true}]}}