{"id":137223,"date":"2026-01-09T00:19:10","date_gmt":"2026-01-09T00:19:10","guid":{"rendered":"https:\/\/www.europesays.com\/fi\/137223\/"},"modified":"2026-01-09T00:19:10","modified_gmt":"2026-01-09T00:19:10","slug":"nain-kiristynyt-on-rovaniemen-tilanne-taksi-iskuista-uutta-tietoa","status":"publish","type":"post","link":"https:\/\/www.europesays.com\/fi\/137223\/","title":{"rendered":"N\u00e4in kiristynyt on Rovaniemen tilanne \u2013 Taksi-iskuista uutta tietoa"},"content":{"rendered":"<p>Poliisin mukaan Rovaniemell\u00e4 on r\u00e4j\u00e4ytetty ilotulitteita ainakin kahden taksin sis\u00e4ll\u00e4.<\/p>\n<p><img decoding=\"async\" class=\"image image-show image-preview\" src=\"https:\/\/www.europesays.com\/fi\/wp-content\/uploads\/2026\/01\/64b5170bb589b453a9531aa8b85f53529d6432a06861f2bc5cc4dea85bb8c7fe.jpg\" alt=\"\"\/><img decoding=\"async\" class=\"image image-show\" src=\"https:\/\/www.europesays.com\/fi\/wp-content\/uploads\/2026\/01\/1767917950_538_64b5170bb589b453a9531aa8b85f53529d6432a06861f2bc5cc4dea85bb8c7fe.jpg\" alt=\"\"\/><\/p>\n<p>Er\u00e4s ilkivallan kohteeksi joutuneen taksiyrityksen omistaja l\u00e4hetti Iltalehteen kuvia tuhoj\u00e4ljist\u00e4 autossaan. Taksiyritt\u00e4j\u00e4<\/p>\n<p class=\"paragraph\">Rovaniemen laaja ilkivalta takseihin on vahingoittanut Lapin poliisin mukaan ainakin 11 autoa.<\/p>\n<p class=\"paragraph\">\u2013 Autojen ikkunoita on rikottu ja kahden taksin sis\u00e4ll\u00e4 on r\u00e4j\u00e4ytetty ilotulite, kertoo  rikosylikomisario <strong>P\u00e4lvi Suokas<\/strong>.<\/p>\n<p class=\"paragraph\">Laaja ilkivaltaisku tapahtui loppiaisen vastaisena y\u00f6n\u00e4. Poliisi tutkii tapauksia vahingontekoina.<\/p>\n<p>Ylikuumentunut tilanne<\/p>\n<p>Taksissa r\u00e4j\u00e4ytettiin ilotulite ja ikkunat rikottiin.  Taksiyritt\u00e4j\u00e4<\/p>\n<p class=\"paragraph\">Toistaiseksi ep\u00e4illyst\u00e4 tekij\u00e4st\u00e4 ei ole tietoa. Osa taksiyritt\u00e4jist\u00e4 pit\u00e4\u00e4 tekoa rasistisena, kertoo <a href=\"https:\/\/yle.fi\/a\/74-20203010\" target=\"_blank\" rel=\"noopener nofollow\">Yle<\/a>. <a href=\"https:\/\/www.lapinkansa.fi\/loppiaisen-taksi-isku-kohdistui-myos-kahteen-paika\/12479866\" target=\"_blank\" rel=\"noopener nofollow\">Lapin Kansan<\/a> mukaan osa taas ep\u00e4ilee, ett\u00e4 kyse voi olla ulkopaikkakuntalaisten autoilijoiden keskin\u00e4isest\u00e4 kilpailusta.<\/p>\n<p class=\"paragraph\">Vahingonteon kohteena olleista takseista osa on muualta tulleiden yritt\u00e4jien autoja. Mutta ilkivaltaa on <a href=\"https:\/\/www.lapinkansa.fi\/loppiaisen-taksi-isku-kohdistui-myos-kahteen-paika\/12479866\" target=\"_blank\" rel=\"noopener nofollow\">Lapin Kansan<\/a> mukaan kohdistunut my\u00f6s paikallisiin takseihin, sill\u00e4 ainakin kahden L\u00e4hitaksin auton ikkunat oli rikottu.<\/p>\n<p class=\"paragraph\">Kaiken kaikkiaan ilmapiiri Rovaniemen taksimaailmassa on kiristynyt. Poliisi ei toistaiseksi ota kantaa ep\u00e4iltyyn tekij\u00e4\u00e4n tai motiiveihin, sill\u00e4 esitutkinta on viel\u00e4 kesken.<\/p>\n<p>Poliisi tutkii tapauksia vahingontekoina.  Taksiyritt\u00e4j\u00e4<\/p>\n<p class=\"paragraph\">\u2013 Ilkivallan kohteena on ollut niin paikallisten kuin muualta tulleiden takseja, Suokas vahvistaa.<\/p>\n<p class=\"paragraph\">Vaikka poliisi ei kommentoi tapausta tarkemmin, Soukas tarkentaa, ett\u00e4 poliisi tiet\u00e4\u00e4 miten k\u00e4rjistynyt tilanne Rovaniemell\u00e4 on t\u00e4ll\u00e4 hetkell\u00e4.<\/p>\n<p class=\"paragraph\">\u2013 Kyse ei ole vain takseista, vaan koko matkailualasta. Matkailu on r\u00e4j\u00e4hdysm\u00e4isesti kasvanut. Osa hy\u00f6tyy siit\u00e4, osalle taas se on aiheuttanut haittaa.<\/p>\n<p class=\"paragraph\">Suokkaan mukaan poliisi on esimerkiksi joutunut puuttumaan h\u00e4iri\u00f6k\u00e4ytt\u00e4ytymiseen Rovaniemen lentokent\u00e4ll\u00e4 ja rautatieasemalla.<\/p>\n<p class=\"paragraph\">\u2013 Tilanne on yleisesti ottaen ylikuumentunut, Suokas sanoo.<\/p>\n<p class=\"paragraph\">Lapin poliisi pyyt\u00e4\u00e4 edelleen silminn\u00e4kij\u00e4havaintoja tapauksesta.<\/p>\n<p class=\"paragraph\">Vihjeet voi ilmoittaa puhelinvastaajaan 029\u00a0546\u00a06250, Whatsappiin 050\u00a0415\u00a05803 tai s\u00e4hk\u00f6postilla vihjeet.lappi@poliisi.fi.<\/p>\n<p>Poliisi pyyt\u00e4\u00e4 edelleen vihjeit\u00e4 silminn\u00e4kij\u00f6ilt\u00e4.  Taksiyritt\u00e4j\u00e4<\/p>\n","protected":false},"excerpt":{"rendered":"Poliisin mukaan Rovaniemell\u00e4 on r\u00e4j\u00e4ytetty ilotulitteita ainakin kahden taksin sis\u00e4ll\u00e4. Er\u00e4s ilkivallan kohteeksi joutuneen taksiyrityksen omistaja l\u00e4hetti Iltalehteen&hellip;\n","protected":false},"author":2,"featured_media":137224,"comment_status":"","ping_status":"","sticky":false,"template":"","format":"standard","meta":{"footnotes":""},"categories":[12],"tags":[35,22,23,26,27,33,31,30,17,55,24,25,121,28,29,15,18,21,122,54,52,32,19,20,16],"class_list":{"0":"post-137223","1":"post","2":"type-post","3":"status-publish","4":"format-standard","5":"has-post-thumbnail","7":"category-suomi","8":"tag-24h","9":"tag-breaking-news","10":"tag-breakingnews","11":"tag-featured-news","12":"tag-featurednews","13":"tag-fi","14":"tag-finland","15":"tag-finnish","16":"tag-headlines","17":"tag-lainvalvonta","18":"tag-latest-news","19":"tag-latestnews","20":"tag-liikenne-ja-kuljetus","21":"tag-main-news","22":"tag-mainnews","23":"tag-news","24":"tag-otsikot","25":"tag-paauutiset","26":"tag-pelastaminen","27":"tag-pelastuspalvelut","28":"tag-poliisi","29":"tag-suomi","30":"tag-top-stories","31":"tag-topstories","32":"tag-uutiset"},"share_on_mastodon":{"url":"https:\/\/pubeurope.com\/@fi\/115862278222904671","error":""},"_links":{"self":[{"href":"https:\/\/www.europesays.com\/fi\/wp-json\/wp\/v2\/posts\/137223","targetHints":{"allow":["GET"]}}],"collection":[{"href":"https:\/\/www.europesays.com\/fi\/wp-json\/wp\/v2\/posts"}],"about":[{"href":"https:\/\/www.europesays.com\/fi\/wp-json\/wp\/v2\/types\/post"}],"author":[{"embeddable":true,"href":"https:\/\/www.europesays.com\/fi\/wp-json\/wp\/v2\/users\/2"}],"replies":[{"embeddable":true,"href":"https:\/\/www.europesays.com\/fi\/wp-json\/wp\/v2\/comments?post=137223"}],"version-history":[{"count":0,"href":"https:\/\/www.europesays.com\/fi\/wp-json\/wp\/v2\/posts\/137223\/revisions"}],"wp:featuredmedia":[{"embeddable":true,"href":"https:\/\/www.europesays.com\/fi\/wp-json\/wp\/v2\/media\/137224"}],"wp:attachment":[{"href":"https:\/\/www.europesays.com\/fi\/wp-json\/wp\/v2\/media?parent=137223"}],"wp:term":[{"taxonomy":"category","embeddable":true,"href":"https:\/\/www.europesays.com\/fi\/wp-json\/wp\/v2\/categories?post=137223"},{"taxonomy":"post_tag","embeddable":true,"href":"https:\/\/www.europesays.com\/fi\/wp-json\/wp\/v2\/tags?post=137223"}],"curies":[{"name":"wp","href":"https:\/\/api.w.org\/{rel}","templated":true}]}}