{"id":137234,"date":"2026-01-09T00:41:06","date_gmt":"2026-01-09T00:41:06","guid":{"rendered":"https:\/\/www.europesays.com\/fi\/137234\/"},"modified":"2026-01-09T00:41:06","modified_gmt":"2026-01-09T00:41:06","slug":"miehistoa-palaa-etuajassa-kansainvaliselta-avaruusasemalta-astronautin-terveysongelman-vuoksi-uutisia-lyhyesti","status":"publish","type":"post","link":"https:\/\/www.europesays.com\/fi\/137234\/","title":{"rendered":"Miehist\u00f6\u00e4 palaa etuajassa kansainv\u00e4liselt\u00e4 avaruusasemalta astronautin terveysongelman vuoksi | Uutisia lyhyesti"},"content":{"rendered":"<p class=\"aw-1gybjub aw-1p7kakr kEtdKx cEmitX yle__article__paragraph\">Ranska \u00e4\u00e4nest\u00e4\u00e4 EU:n ja Etel\u00e4-Amerikan Mercosur-maiden v\u00e4lisen vapaakauppasopimuksen hyv\u00e4ksymist\u00e4 vastaan, sanoo Ranskan presidentti <strong class=\"aw-ak79eh KyCXm yle__article__strong\">Emmanuel Macron<\/strong>.<\/p>\n<p class=\"aw-1gybjub aw-1p7kakr kEtdKx cEmitX yle__article__paragraph\">Macronin mukaan \u00e4\u00e4nestysp\u00e4\u00e4t\u00f6ksen taustalla on Ranskan parlamentin yksimielinen sopimusta vastustanut kanta.<\/p>\n<p class=\"aw-1gybjub aw-1p7kakr kEtdKx cEmitX yle__article__paragraph\">EU-maiden on m\u00e4\u00e4r\u00e4 \u00e4\u00e4nest\u00e4\u00e4 perjantaina vapaakauppasopimuksen hyv\u00e4ksymisest\u00e4. Sopimus synnytt\u00e4isi maailman suurimman vapaakauppa-alueen.<\/p>\n<p class=\"aw-1gybjub aw-1p7kakr kEtdKx cEmitX yle__article__paragraph\">Mercosur-maihin kuuluvat Argentiina, Brasilia, Paraguay ja Uruguay. Sopimusta on valmisteltu jo yli 25 vuoden ajan.<\/p>\n<p class=\"aw-1gybjub aw-1p7kakr kEtdKx cEmitX yle__article__paragraph\">Sopimuksen solmiminen lykk\u00e4\u00e4ntyi viime kuussa Italian ja Ranskan vastustuksen vuoksi. Ne ovat nostaneet esiin erityisesti maatalouteen liittyvi\u00e4 huoliaan.<\/p>\n","protected":false},"excerpt":{"rendered":"Ranska \u00e4\u00e4nest\u00e4\u00e4 EU:n ja Etel\u00e4-Amerikan Mercosur-maiden v\u00e4lisen vapaakauppasopimuksen hyv\u00e4ksymist\u00e4 vastaan, sanoo Ranskan presidentti Emmanuel Macron. Macronin mukaan \u00e4\u00e4nestysp\u00e4\u00e4t\u00f6ksen&hellip;\n","protected":false},"author":2,"featured_media":137235,"comment_status":"","ping_status":"","sticky":false,"template":"","format":"standard","meta":{"footnotes":""},"categories":[112],"tags":[453,33,31,30,1327,1324,118,32,119,56],"class_list":{"0":"post-137234","1":"post","2":"type-post","3":"status-publish","4":"format-standard","5":"has-post-thumbnail","7":"category-tiede","8":"tag-avaruus","9":"tag-fi","10":"tag-finland","11":"tag-finnish","12":"tag-kansainvalinen-avaruusasema","13":"tag-nasa","14":"tag-science","15":"tag-suomi","16":"tag-tiede","17":"tag-ulkomaat"},"share_on_mastodon":{"url":"https:\/\/pubeurope.com\/@fi\/115862364654470968","error":""},"_links":{"self":[{"href":"https:\/\/www.europesays.com\/fi\/wp-json\/wp\/v2\/posts\/137234","targetHints":{"allow":["GET"]}}],"collection":[{"href":"https:\/\/www.europesays.com\/fi\/wp-json\/wp\/v2\/posts"}],"about":[{"href":"https:\/\/www.europesays.com\/fi\/wp-json\/wp\/v2\/types\/post"}],"author":[{"embeddable":true,"href":"https:\/\/www.europesays.com\/fi\/wp-json\/wp\/v2\/users\/2"}],"replies":[{"embeddable":true,"href":"https:\/\/www.europesays.com\/fi\/wp-json\/wp\/v2\/comments?post=137234"}],"version-history":[{"count":0,"href":"https:\/\/www.europesays.com\/fi\/wp-json\/wp\/v2\/posts\/137234\/revisions"}],"wp:featuredmedia":[{"embeddable":true,"href":"https:\/\/www.europesays.com\/fi\/wp-json\/wp\/v2\/media\/137235"}],"wp:attachment":[{"href":"https:\/\/www.europesays.com\/fi\/wp-json\/wp\/v2\/media?parent=137234"}],"wp:term":[{"taxonomy":"category","embeddable":true,"href":"https:\/\/www.europesays.com\/fi\/wp-json\/wp\/v2\/categories?post=137234"},{"taxonomy":"post_tag","embeddable":true,"href":"https:\/\/www.europesays.com\/fi\/wp-json\/wp\/v2\/tags?post=137234"}],"curies":[{"name":"wp","href":"https:\/\/api.w.org\/{rel}","templated":true}]}}