{"id":137240,"date":"2026-01-09T00:46:07","date_gmt":"2026-01-09T00:46:07","guid":{"rendered":"https:\/\/www.europesays.com\/fi\/137240\/"},"modified":"2026-01-09T00:46:07","modified_gmt":"2026-01-09T00:46:07","slug":"orpon-hallitus-vaihtoi-100-000-tyopaikkaa-100-000-tyottomaan","status":"publish","type":"post","link":"https:\/\/www.europesays.com\/fi\/137240\/","title":{"rendered":"Orpon hallitus vaihtoi 100 000 ty\u00f6paikkaa 100 000 ty\u00f6tt\u00f6m\u00e4\u00e4n"},"content":{"rendered":"<p>SDP:n puheenjohtaja Antti Lindtman: \u201dYksi keskeinen kasvun este on luottamuksen puute\u201d.<\/p>\n<p><img decoding=\"async\" class=\"image image-show image-preview\" src=\"https:\/\/www.europesays.com\/fi\/wp-content\/uploads\/2026\/01\/6a5cffff9f1ad703401b5b7564ca4b1ea4480c3a2ad6c0e4a7fef93dd69df95e.jpg\" alt=\"\"\/><img decoding=\"async\" class=\"image image-show\" src=\"https:\/\/www.europesays.com\/fi\/wp-content\/uploads\/2026\/01\/1767919567_500_6a5cffff9f1ad703401b5b7564ca4b1ea4480c3a2ad6c0e4a7fef93dd69df95e.jpg\" alt=\"\"\/><\/p>\n<p>SDP:n puheenjohtaja Antti Lindtman. Arkistokuva viime marraskuulta. TIINA SOMERPURO<\/p>\n<p class=\"paragraph\">SDP:n puheenjohtaja, oppositiojohtaja <strong>Antti Lindtman<\/strong> kertoo <a href=\"https:\/\/x.com\/AnttiLindtman\/status\/2009298375049404835\" target=\"_blank\" rel=\"noopener nofollow\">X-p\u00e4ivityksess\u00e4\u00e4n<\/a> varoittaneensa jo viime syksyn\u00e4, ett\u00e4 <strong>Petteri Orpon<\/strong> (kok) hallituksen linjalla Suomi uhkaa p\u00e4\u00e4ty\u00e4 Euroopan korkeimman ty\u00f6tt\u00f6myyden maaksi.<\/p>\n<p class=\"paragraph\">Lindtmanin mukaan Orpon hallituksen tulostaululla on kerta kaikkiaan kylm\u00e4\u00e4v\u00e4t luvut.<\/p>\n<p class=\"paragraph\">\u2013 K\u00e4yt\u00e4nn\u00f6ss\u00e4 hallitus ei ole saavuttamassa mit\u00e4\u00e4n kovaan \u00e4\u00e4neen rummuttamistaan taloustavoitteista. Luvattua kasvua ei ole tullut ja velkaantuminen on enn\u00e4tyslukemissa. Hallituksen lupaus 100\u00a0000 uudesta ty\u00f6paikasta on vaihtunut 100\u00a0000 uuteen ty\u00f6tt\u00f6m\u00e4\u00e4n, Lindtman arvostelee.<\/p>\n<p class=\"paragraph\">Lindtman ei kerro p\u00e4ivityksess\u00e4\u00e4n sit\u00e4, ett\u00e4 ty\u00f6tt\u00f6myyden kasvu johtuu pitk\u00e4lti maahanmuuton kasvusta ja el\u00e4keik\u00e4isten tulosta ty\u00f6markkinoille. Ty\u00f6llisten m\u00e4\u00e4r\u00e4 on Tilastokeskuksen mukaan pysynyt jo pitk\u00e4\u00e4n ennallaan ja saattanut jopa hieman kasvaa viime vuoden j\u00e4lkipuoliskolla.<\/p>\n<p class=\"paragraph\">\u2013 Samalla, kun Suomen ty\u00f6tt\u00f6myys heikentyy, on valtaosassa Eurooppaa suunta p\u00e4invastainen. Eurostatin t\u00e4n\u00e4\u00e4n julkaisemien tietojen mukaan Espanjakin kiilasi Suomen ohi, Lindtman kirjoittaa.<\/p>\n<p class=\"paragraph\">Lindtmanin mukaan keskeinen syy Suomen korkeaan ty\u00f6tt\u00f6myyteen on Suomen surkeassa kasvussa. Suomen talous on ollut k\u00e4yt\u00e4nn\u00f6ss\u00e4 nollakasvussa 2025 ja 2024.<\/p>\n<p class=\"paragraph\">\u2013 Samalla, kun Suomessa on kerta toisensa j\u00e4lkeen ruuvattu kasvuennusteita alasp\u00e4in, kasvaa muu Eurooppa jo. Yksi keskeinen kasvun este on luottamuksen puute. Suomalaiset eiv\u00e4t uskalla kuluttaa ja yritykset eiv\u00e4t uskalla investoida, Lindtman kirjoittaa.<\/p>\n<p class=\"paragraph\">Lindtmanin mukaan Suomen Pankin keskiviikkona julkaisemat tilastot ovat karu osoitus t\u00e4st\u00e4. Suomalaisilla on tileill\u00e4\u00e4n enemm\u00e4n talletuksia kuin koskaan, l\u00e4hes 5 miljardia euroa enemm\u00e4n kuin vuosi sitten.<\/p>\n<p class=\"paragraph\">\u2013 Suomi tarvitsee kipe\u00e4sti luottamusloikkaa, jotta kasvu saadaan k\u00e4yntiin ja ty\u00f6tt\u00f6myyden suunta k\u00e4\u00e4nnetty\u00e4, Lindtman p\u00e4\u00e4tt\u00e4\u00e4.<\/p>\n<p class=\"paragraph\">Iltalehti tavoitteli torstaina ty\u00f6ministeri <strong>Matias Marttista<\/strong> (kok) kommentoimaan Suomen ty\u00f6tt\u00f6myystilannetta, mutta h\u00e4nen esikunnastaan kerrottiin, ettei Marttinen kommentoi ulkomaanmatkan takia.<\/p>\n","protected":false},"excerpt":{"rendered":"SDP:n puheenjohtaja Antti Lindtman: \u201dYksi keskeinen kasvun este on luottamuksen puute\u201d. SDP:n puheenjohtaja Antti Lindtman. Arkistokuva viime marraskuulta.&hellip;\n","protected":false},"author":2,"featured_media":137241,"comment_status":"","ping_status":"","sticky":false,"template":"","format":"standard","meta":{"footnotes":""},"categories":[5],"tags":[35,22,23,26,27,33,31,30,17,24,25,28,29,15,18,21,637,886,888,885,887,32,19,20,16],"class_list":{"0":"post-137240","1":"post","2":"type-post","3":"status-publish","4":"format-standard","5":"has-post-thumbnail","7":"category-otsikot","8":"tag-24h","9":"tag-breaking-news","10":"tag-breakingnews","11":"tag-featured-news","12":"tag-featurednews","13":"tag-fi","14":"tag-finland","15":"tag-finnish","16":"tag-headlines","17":"tag-latest-news","18":"tag-latestnews","19":"tag-main-news","20":"tag-mainnews","21":"tag-news","22":"tag-otsikot","23":"tag-paauutiset","24":"tag-politiikka","25":"tag-puolueet","26":"tag-suomalaiset-poliitikot","27":"tag-suomen-poliittiset-puolueet","28":"tag-suomen-politiikka","29":"tag-suomi","30":"tag-top-stories","31":"tag-topstories","32":"tag-uutiset"},"share_on_mastodon":{"url":"https:\/\/pubeurope.com\/@fi\/115862384298061459","error":""},"_links":{"self":[{"href":"https:\/\/www.europesays.com\/fi\/wp-json\/wp\/v2\/posts\/137240","targetHints":{"allow":["GET"]}}],"collection":[{"href":"https:\/\/www.europesays.com\/fi\/wp-json\/wp\/v2\/posts"}],"about":[{"href":"https:\/\/www.europesays.com\/fi\/wp-json\/wp\/v2\/types\/post"}],"author":[{"embeddable":true,"href":"https:\/\/www.europesays.com\/fi\/wp-json\/wp\/v2\/users\/2"}],"replies":[{"embeddable":true,"href":"https:\/\/www.europesays.com\/fi\/wp-json\/wp\/v2\/comments?post=137240"}],"version-history":[{"count":0,"href":"https:\/\/www.europesays.com\/fi\/wp-json\/wp\/v2\/posts\/137240\/revisions"}],"wp:featuredmedia":[{"embeddable":true,"href":"https:\/\/www.europesays.com\/fi\/wp-json\/wp\/v2\/media\/137241"}],"wp:attachment":[{"href":"https:\/\/www.europesays.com\/fi\/wp-json\/wp\/v2\/media?parent=137240"}],"wp:term":[{"taxonomy":"category","embeddable":true,"href":"https:\/\/www.europesays.com\/fi\/wp-json\/wp\/v2\/categories?post=137240"},{"taxonomy":"post_tag","embeddable":true,"href":"https:\/\/www.europesays.com\/fi\/wp-json\/wp\/v2\/tags?post=137240"}],"curies":[{"name":"wp","href":"https:\/\/api.w.org\/{rel}","templated":true}]}}