{"id":137242,"date":"2026-01-09T00:58:08","date_gmt":"2026-01-09T00:58:08","guid":{"rendered":"https:\/\/www.europesays.com\/fi\/137242\/"},"modified":"2026-01-09T00:58:08","modified_gmt":"2026-01-09T00:58:08","slug":"joensuulaislahtoinen-ex-poliisi-on-suomen-uusi-bachelor-uutissuomalainen","status":"publish","type":"post","link":"https:\/\/www.europesays.com\/fi\/137242\/","title":{"rendered":"Joensuulaisl\u00e4ht\u00f6inen ex-poliisi on Suomen uusi Bachelor | Uutissuomalainen"},"content":{"rendered":"<p>Joensuulaisl\u00e4ht\u00f6inen <strong>Arttu Kilpel\u00e4inen<\/strong> on Suomen seuraava Bachelor. 29-vuotias Kilpel\u00e4inen etsii rakkautta MTV:n Bachelor Suomi -televisio-ohjelman uudella kaudella.<\/p>\n<p>Nyky\u00e4\u00e4n Helsingiss\u00e4 asuva Kilpel\u00e4inen ty\u00f6skenteli aiemmin poliisina, mutta lopetti ty\u00f6t hiljattain. Julkisuuteen Kilpel\u00e4inen nousi, kun h\u00e4n seurusteli aiemmin somet\u00e4hti <strong>Pernilla B\u00f6ckermanin<\/strong> kanssa. B\u00f6ckermanin kanssa Kilpel\u00e4inen teki podcastia Pernilla ja Kytt\u00e4.<\/p>\n<p>Bachelor Suomi -ohjelmassa etsit\u00e4\u00e4n rakkautta ja Kilpel\u00e4inen toivoo l\u00f6yt\u00e4v\u00e4ns\u00e4 kumppanin, jonka kanssa voi jakaa aidon yhteyden, nauraa paljon ja el\u00e4\u00e4 tavallista arkea.<\/p>\n<p>Tiedotteessa Kilpel\u00e4inen kertoo viihtyv\u00e4ns\u00e4 luonnossa ja kuntosaleilla. H\u00e4n kertoo viett\u00e4v\u00e4ns\u00e4 aikaa koiransa, yst\u00e4viens\u00e4 sek\u00e4 Joensuussa asuvan perheens\u00e4 kanssa.<\/p>\n<p>\u2013\u2009En ole mik\u00e4\u00e4n seurapiirikelluttelija unelmien poikamies, vaan pikemminkin luonnonl\u00e4heisyyden vuoksi olen unelmien luolamies, h\u00e4n kuvailee.<\/p>\n<p>Uusi Bachelor Suomi -kausi kuvataan tulevana kev\u00e4\u00e4n\u00e4 ja esitet\u00e4\u00e4n televisiossa my\u00f6hemmin.<\/p>\n","protected":false},"excerpt":{"rendered":"Joensuulaisl\u00e4ht\u00f6inen Arttu Kilpel\u00e4inen on Suomen seuraava Bachelor. 29-vuotias Kilpel\u00e4inen etsii rakkautta MTV:n Bachelor Suomi -televisio-ohjelman uudella kaudella. Nyky\u00e4\u00e4n&hellip;\n","protected":false},"author":2,"featured_media":137243,"comment_status":"","ping_status":"","sticky":false,"template":"","format":"standard","meta":{"footnotes":""},"categories":[136],"tags":[407,137,33,31,30,104,1133,408,2923,32,139,109],"class_list":{"0":"post-137242","1":"post","2":"type-post","3":"status-publish","4":"format-standard","5":"has-post-thumbnail","7":"category-julkkikset","8":"tag-celebrities","9":"tag-entertainment","10":"tag-fi","11":"tag-finland","12":"tag-finnish","13":"tag-helsinki","14":"tag-joensuu","15":"tag-julkkikset","16":"tag-podcast","17":"tag-suomi","18":"tag-tv-ohjelmat","19":"tag-viihde"},"share_on_mastodon":{"url":"https:\/\/pubeurope.com\/@fi\/115862431522934010","error":""},"_links":{"self":[{"href":"https:\/\/www.europesays.com\/fi\/wp-json\/wp\/v2\/posts\/137242","targetHints":{"allow":["GET"]}}],"collection":[{"href":"https:\/\/www.europesays.com\/fi\/wp-json\/wp\/v2\/posts"}],"about":[{"href":"https:\/\/www.europesays.com\/fi\/wp-json\/wp\/v2\/types\/post"}],"author":[{"embeddable":true,"href":"https:\/\/www.europesays.com\/fi\/wp-json\/wp\/v2\/users\/2"}],"replies":[{"embeddable":true,"href":"https:\/\/www.europesays.com\/fi\/wp-json\/wp\/v2\/comments?post=137242"}],"version-history":[{"count":0,"href":"https:\/\/www.europesays.com\/fi\/wp-json\/wp\/v2\/posts\/137242\/revisions"}],"wp:featuredmedia":[{"embeddable":true,"href":"https:\/\/www.europesays.com\/fi\/wp-json\/wp\/v2\/media\/137243"}],"wp:attachment":[{"href":"https:\/\/www.europesays.com\/fi\/wp-json\/wp\/v2\/media?parent=137242"}],"wp:term":[{"taxonomy":"category","embeddable":true,"href":"https:\/\/www.europesays.com\/fi\/wp-json\/wp\/v2\/categories?post=137242"},{"taxonomy":"post_tag","embeddable":true,"href":"https:\/\/www.europesays.com\/fi\/wp-json\/wp\/v2\/tags?post=137242"}],"curies":[{"name":"wp","href":"https:\/\/api.w.org\/{rel}","templated":true}]}}