{"id":137267,"date":"2026-01-09T01:50:09","date_gmt":"2026-01-09T01:50:09","guid":{"rendered":"https:\/\/www.europesays.com\/fi\/137267\/"},"modified":"2026-01-09T01:50:09","modified_gmt":"2026-01-09T01:50:09","slug":"ohhoh-uutisankkuri-kirsi-alm-siira-repaisi-tama-perinne-saa-kylla-naurulihakset-nytkymaan","status":"publish","type":"post","link":"https:\/\/www.europesays.com\/fi\/137267\/","title":{"rendered":"Ohhoh! Uutisankkuri Kirsi Alm-Siira rep\u00e4isi &#8211; T\u00e4m\u00e4 \u201cperinne\u201d saa kyll\u00e4 naurulihakset nytkym\u00e4\u00e4n!"},"content":{"rendered":"<p><a href=\"https:\/\/www.suomi24.fi\/viihde\/l\/695f6b560e98b-5562.webp\" rel=\"nofollow noopener\" target=\"_blank\"><img decoding=\"async\" src=\"https:\/\/www.europesays.com\/fi\/wp-content\/uploads\/2026\/01\/695f6b560e98b-5562.webp.webp\" alt=\"Kirsi Alm-Siira\" loading=\"lazy\"\/><\/a>Kirsi Alm-Siira on MTV:n uutisankkuri. Kuva: MTV3<\/p>\n<p>Uutisankkuri <strong>Kirsi Alm-Siira <\/strong>on MTV:n uutisankkuri, joka on n\u00e4hty tv:ss\u00e4 my\u00f6s kepe\u00e4mmiss\u00e4 T\u00e4m\u00e4 on t\u00e4m\u00e4 -ohjelman juontohommissa ja Suurmestarissa.<\/p>\n<p>Huumorintajuisella uutisankkurilla on aivan erityinen vuosiperinne somessa. Alm-Siira jakaa kollegansa <strong>Jan Anderssonin <\/strong>kanssa yhteiskuvan somessa vuosittain. Yhteiskuvia toki otetaan ja jaetaan, mutta t\u00e4ss\u00e4 Alm-Siiran ja Anderssonin potretissa on yksi erityinen seikka.<\/p>\n<p>Kirsi Alm-Siira on 158 cm pitk\u00e4, kun puolestaan Andersson on liki kaksi metri\u00e4 pitk\u00e4. Uudessa yhteiskuvassa he seisovat selk\u00e4 toisiaan vasten, jolloin pituusero korostuu entisest\u00e4\u00e4n. Kuvassa Alm-Siiralla on viel\u00e4p\u00e4 korkokeng\u00e4t jalassa, mutta pituusero on silti merkitt\u00e4v\u00e4.<\/p>\n<p>Uutisankkuri Alm-Siira kirjoittaa Instagramissa syd\u00e4n-emojin kera:<\/p>\n<p>-On vuosikuvamme aika! Olkoon 2026 armollinen ihan jokaiselle maasta ponnistavalle.<\/p>\n<p>Kuva lainattu Kirsi Alm-Siiran Instagram-tililt\u00e4:<\/p>\n<p>Kirsi Alm-Siira k\u00e4ytt\u00e4\u00e4 tekstiss\u00e4\u00e4n veike\u00e4sti sanontaa &#8221;maasta se pienikin ponnistaa&#8221;. Sanonta tarkoittaa, ett\u00e4 vaatimattomastakin tai pienelt\u00e4 vaikuttavasta asiasta voi kasvaa jotain suurta ja menestyksek\u00e4st\u00e4.<\/p>\n<p>Someseuraajat ovat ihastuksissaan kuvasta ja antavat kannustusta kumpaisellekin uutisankkurille.<\/p>\n<p><a href=\"https:\/\/www.telsu.fi\/?ref=s24_article\" rel=\"noopener noreferrer nofollow\" target=\"_blank\">Katso tv-ohjelma-ajat Telsu.fi<\/a><\/p>\n","protected":false},"excerpt":{"rendered":"Kirsi Alm-Siira on MTV:n uutisankkuri. Kuva: MTV3 Uutisankkuri Kirsi Alm-Siira on MTV:n uutisankkuri, joka on n\u00e4hty tv:ss\u00e4 my\u00f6s&hellip;\n","protected":false},"author":2,"featured_media":137268,"comment_status":"","ping_status":"","sticky":false,"template":"","format":"standard","meta":{"footnotes":""},"categories":[136],"tags":[407,137,33,31,30,408,32,109],"class_list":{"0":"post-137267","1":"post","2":"type-post","3":"status-publish","4":"format-standard","5":"has-post-thumbnail","7":"category-julkkikset","8":"tag-celebrities","9":"tag-entertainment","10":"tag-fi","11":"tag-finland","12":"tag-finnish","13":"tag-julkkikset","14":"tag-suomi","15":"tag-viihde"},"share_on_mastodon":{"url":"https:\/\/pubeurope.com\/@fi\/115862635982879153","error":""},"_links":{"self":[{"href":"https:\/\/www.europesays.com\/fi\/wp-json\/wp\/v2\/posts\/137267","targetHints":{"allow":["GET"]}}],"collection":[{"href":"https:\/\/www.europesays.com\/fi\/wp-json\/wp\/v2\/posts"}],"about":[{"href":"https:\/\/www.europesays.com\/fi\/wp-json\/wp\/v2\/types\/post"}],"author":[{"embeddable":true,"href":"https:\/\/www.europesays.com\/fi\/wp-json\/wp\/v2\/users\/2"}],"replies":[{"embeddable":true,"href":"https:\/\/www.europesays.com\/fi\/wp-json\/wp\/v2\/comments?post=137267"}],"version-history":[{"count":0,"href":"https:\/\/www.europesays.com\/fi\/wp-json\/wp\/v2\/posts\/137267\/revisions"}],"wp:featuredmedia":[{"embeddable":true,"href":"https:\/\/www.europesays.com\/fi\/wp-json\/wp\/v2\/media\/137268"}],"wp:attachment":[{"href":"https:\/\/www.europesays.com\/fi\/wp-json\/wp\/v2\/media?parent=137267"}],"wp:term":[{"taxonomy":"category","embeddable":true,"href":"https:\/\/www.europesays.com\/fi\/wp-json\/wp\/v2\/categories?post=137267"},{"taxonomy":"post_tag","embeddable":true,"href":"https:\/\/www.europesays.com\/fi\/wp-json\/wp\/v2\/tags?post=137267"}],"curies":[{"name":"wp","href":"https:\/\/api.w.org\/{rel}","templated":true}]}}