{"id":137273,"date":"2026-01-09T01:58:08","date_gmt":"2026-01-09T01:58:08","guid":{"rendered":"https:\/\/www.europesays.com\/fi\/137273\/"},"modified":"2026-01-09T01:58:08","modified_gmt":"2026-01-09T01:58:08","slug":"jennifer-lopezin-uusi-elokuva-tihkuu-glamouria","status":"publish","type":"post","link":"https:\/\/www.europesays.com\/fi\/137273\/","title":{"rendered":"Jennifer Lopezin uusi elokuva tihkuu glamouria"},"content":{"rendered":"<p>Muusikko ja n\u00e4yttelij\u00e4<strong> Jennifer Lopez<\/strong> oli haaveillut jo pitk\u00e4\u00e4n musikaalin tekemisest\u00e4. Unelma toteutui viimein, kun h\u00e4n sai osan <strong>Bill Condonin<\/strong> ohjaamasta H\u00e4m\u00e4h\u00e4kkinaisen suudelma -elokuvasta. Monitasoinen tarina perustuu vuoden 1992 teatteriesitykseen, joka puolestaan oli adaptaatio <strong>Manuel Puigin<\/strong> vuonna 1976 ilmestyneest\u00e4 romaanista.<\/p>\n<p>\u2013 Luin Puigin kirjan yliopistoaikana. Kun valmistauduin tekem\u00e4\u00e4n omaa versiotani, luin ja katsoin kaiken mahdollisen materiaalin, mik\u00e4 liittyi H\u00e4m\u00e4h\u00e4kkinaisen suudelmaan. Kirjoitin ensimm\u00e4isen k\u00e4sikirjoitusversioni siit\u00e4 reilut kolme vuotta sitten ja vasta sen j\u00e4lkeen mietin, miten tarina toimii musikaalina, Condon kertoo Los Angelesissa.<\/p>\n<p>Homoseksuaalisuutensa takia argentiinalaisessa vankilassa sotilasjuntan tuomitsevana lojuva Luis Molina (<strong>Tonatiuh<\/strong>) kertoo poliittisista syist\u00e4 vangitulle sellitoverilleen Valentina Arreguille (<strong>Diego Luna<\/strong>) tarinaa kuvitteellisesta elokuvasta H\u00e4m\u00e4h\u00e4kkinaisen suudelma. Sen p\u00e4\u00e4osaa esitt\u00e4\u00e4 Molinan ihailema Ingrid Luna (Lopez). My\u00f6s Lunalla ja Tonatiuhalla on osat elokuvassa elokuvan sis\u00e4ll\u00e4.<\/p>\n<p>\u2013 Pidin kaikista 12 musikaalinumerosta, Lopez kertoo.<\/p>\n<p>T\u00e4hti jatkaa, ett\u00e4 kasvoi itsekin katsoen musikaaleja.<\/p>\n<p>Kurjuutta ja glamouria<\/p>\n<p>H\u00e4m\u00e4h\u00e4kkinaisen suudelman musikaalikohtaukset tihkuvat glamouria vastapainona ankarille ja askeettisille sellikohtauksille. Condonin mukaan Lopez sopi kuin nakutettu osaan, sill\u00e4 h\u00e4nen taitojensa avulla tanssikohtaukset pystyttiin kuvaamaan nopeasti, usein yhdell\u00e4 pitk\u00e4ll\u00e4 otolla.<\/p>\n<p>\u2013 V\u00e4lill\u00e4 olin turhautunut, koska Bill ei halunnut l\u00e4hikuvia, mutta kaiken kaikkiaan luotin h\u00e4nen visioonsa. Kyseess\u00e4 oli monin tavoin vaativa kokonaisuus, Lopez miettii.<\/p>\n<p>\u2013 Suosikkikohtaukseni tapahtui juhlasalissa, miss\u00e4 Jennifer tanssii miesryhm\u00e4n kanssa ja h\u00e4nell\u00e4 oli p\u00e4\u00e4ll\u00e4 kultainen iltapuku, Condon kertoo.<\/p>\n<p><img loading=\"lazy\" height=\"365\" width=\"648\" class=\"wp-image-251826 sp-no-webp perfmatters-lazy\" alt=\"\" decoding=\"async\" src=\"https:\/\/www.europesays.com\/fi\/wp-content\/uploads\/2026\/01\/hamahakkinaisen-suudelma-1-648x365.jpg\"  data-\/> <\/p>\n<p>\u2013 Tuo <strong>Colleen Atwoodin <\/strong>suunnittelema iltapuku oli todella painava ja aina v\u00e4lill\u00e4 korkokenk\u00e4ni j\u00e4i kiinni helmaan. Se otti minua p\u00e4\u00e4st\u00e4 varsinkin, jos numero oli melkein purkissa ja sitten se piti kuvata uudestaan, Lopez muistelee.<\/p>\n<p>Lopez ja nelj\u00e4 Oscaria voittanut pukusuunnitelija Colleen tekiv\u00e4t l\u00e4heist\u00e4 yhteisty\u00f6t\u00e4.<\/p>\n<p>\u2013 H\u00e4nell\u00e4 oli selke\u00e4 n\u00e4kemys siit\u00e4, millainen asu sopii mihinkin kohtaukseen. Ja jos puku ei tuntunut sopivalta, oli h\u00e4nell\u00e4 muita vaihtoehtoja sek\u00e4 referenssikuvia erilaisista ideoista. Minulle tietysti oli t\u00e4rke\u00e4\u00e4, ett\u00e4 pystyin tanssimaan kaikissa asuissa, Lopez valottaa.<\/p>\n<p>Kulttuuria ja politiikkaa<\/p>\n<p>Kaliforniassa kasvanut Tonatiuhin l\u00f6ytyi tarinaan itsekuvatun koe-esiintymistiedoston ja nelj\u00e4n koe-esiintymisen kautta. H\u00e4nen avoimuutensa ja ilmeikk\u00e4\u00e4t kasvot tekiv\u00e4t vaikutuksen roolittajiin. H\u00e4n muistaa onnenkyyneleen nousseen silm\u00e4kulmaansa, kun h\u00e4n lopulta oli mukana kuvauksissa.<\/p>\n<p>\u2013 Etsin klassista tyyli\u00e4, pieni\u00e4 eleit\u00e4<strong> Errol Flynnin<\/strong> ja<strong> Gene Kellyn<\/strong> tavoin ja sitten lis\u00e4sin Molinan persoonallisuuden mukaan ja ripauksen itse\u00e4ni, kaksikymment\u00e4 kiloa osaa varten tiputtanut n\u00e4yttelij\u00e4 kertoo.<\/p>\n<p>Lopez pit\u00e4\u00e4 ensiarvoisen t\u00e4rke\u00e4n\u00e4, ett\u00e4 seksuaaliv\u00e4hemmist\u00f6jen henkil\u00f6hahmot ovat esill\u00e4 elokuvissa.<\/p>\n<p>\u2013 Ajatuksena on, ett\u00e4 kaksi erilaista ihmist\u00e4, jotka eiv\u00e4t v\u00e4ltt\u00e4m\u00e4tt\u00e4 normiarjessaan edes tapaisi, rakastuvat ja l\u00f6yt\u00e4v\u00e4t ihmisyyden, h\u00e4n painottaa.<\/p>\n<p>Lue my\u00f6s: <a href=\"https:\/\/www.episodi.fi\/uutiset\/tama-tuli-yllattaen-kuin-amerikan-tati-eronneet-ben-affleck-ja-jennifer-lopez-nahtiin-yhdessa-punaisella-matolla\/\" title=\"T\u00e4m\u00e4 tuli yll\u00e4tt\u00e4en kuin Amerikan t\u00e4ti \u2013 Eronneet Ben Affleck ja Jennifer Lopez n\u00e4htiin yhdess\u00e4 punaisella matolla\" class=\"underline-custom !font-montserrat !font-bold !underline-offset-4 !decoration-4 !decoration-episodi-blue !text-md\" rel=\"nofollow noopener\" target=\"_blank\">T\u00e4m\u00e4 tuli yll\u00e4tt\u00e4en kuin Amerikan t\u00e4ti \u2013 Eronneet Ben Affleck ja Jennifer Lopez n\u00e4htiin yhdess\u00e4 punaisella matolla<\/a><\/p>\n<p>\u2013 Kulttuuri muuttuu nopeammin kuin politiikka. Ymm\u00e4rr\u00e4n my\u00f6s, ett\u00e4 minun valintani rooliin oli periaatteellinen teko, Tonatiuh sanoo.<\/p>\n<p>My\u00f6s Lopezille on ollut t\u00e4rke\u00e4\u00e4 n\u00e4hd\u00e4 erilaisia hahmoja valkokankaalla.<\/p>\n<p>\u2013 Taustani ovat Puerto Ricossa. Minulle merkitsi paljon, kun <strong>Rita Moreno <\/strong>esiintyi aikoinaan West Side Storyssa. Se muutti asenteeni, ja sai minut uskomaan, ett\u00e4 minulla on mahdollisuuksia tehd\u00e4 erilaisia asioita eik\u00e4 minun tarvitse valita perinteist\u00e4 uraa, yksi maailman menestyneimmist\u00e4 artisteista muistelee esikuvien merkityst\u00e4.<\/p>\n<p>Lopuksi Condon kuvailee H\u00e4m\u00e4h\u00e4kkinaisen suudelma -elokuvaansa kuin maalaukseksi.<\/p>\n<p>\u2013 Mit\u00e4 syvemm\u00e4ksi Tonan ja Diegon hahmojen yhteys kehittyy, sit\u00e4 taiteellisemmaksi tarina muuttuu. Realismi kietoutuu yhteen Hollywoodin glamourin ja telenovellamaisten saippuaoopperajuonik\u00e4\u00e4nteiden kanssa.<\/p>\n<p>Teksti: Kirpi Uimonen, Los Angeles. Kuvat: Cinemanse.<\/p>\n<p><strong>Lue arvio t\u00e4st\u00e4:<\/strong> <a href=\"https:\/\/www.episodi.fi\/elokuvat\/hamahakkinaisen-suudelma\/\" rel=\"nofollow noopener\" target=\"_blank\">40 vuoden takaisen elokuvan musikaaliversiosta tehty uudelleenfilmatisointi kertoo rankoista vankilaoloista Argentiinan sotilasjuntan loppuaikoina 1980-luvun alussa ja toimii yll\u00e4tt\u00e4v\u00e4n hyvin taitavan ohjaajan sek\u00e4 p\u00e4\u00e4osakaksikon roolisuoritusten ansiosta<\/a><\/p>\n<p>Lue my\u00f6s: <a href=\"https:\/\/www.episodi.fi\/uutiskirje\/?uutiskirjemainos=tekstilinkkimainos\" title=\"Tilaa Episodin uutiskirje ja voit voittaa leffalippuja! Nappaa tv-vinkit suoraan s\u00e4hk\u00f6postiin t\u00e4st\u00e4.\" class=\"underline-custom !font-montserrat !font-bold !underline-offset-4 !decoration-4 !decoration-episodi-blue !text-md\" rel=\"nofollow noopener\" target=\"_blank\">Tilaa Episodin uutiskirje ja voit voittaa leffalippuja! Nappaa katseluvinkit suoraan s\u00e4hk\u00f6postiin t\u00e4st\u00e4.<\/a><\/p>\n","protected":false},"excerpt":{"rendered":"Muusikko ja n\u00e4yttelij\u00e4 Jennifer Lopez oli haaveillut jo pitk\u00e4\u00e4n musikaalin tekemisest\u00e4. Unelma toteutui viimein, kun h\u00e4n sai osan&hellip;\n","protected":false},"author":2,"featured_media":137274,"comment_status":"","ping_status":"","sticky":false,"template":"","format":"standard","meta":{"footnotes":""},"categories":[130],"tags":[137,33,31,30,6413,32,109],"class_list":{"0":"post-137273","1":"post","2":"type-post","3":"status-publish","4":"format-standard","5":"has-post-thumbnail","7":"category-viihde","8":"tag-entertainment","9":"tag-fi","10":"tag-finland","11":"tag-finnish","12":"tag-jennifer-lopez","13":"tag-suomi","14":"tag-viihde"},"share_on_mastodon":{"url":"https:\/\/pubeurope.com\/@fi\/115862667434713050","error":""},"_links":{"self":[{"href":"https:\/\/www.europesays.com\/fi\/wp-json\/wp\/v2\/posts\/137273","targetHints":{"allow":["GET"]}}],"collection":[{"href":"https:\/\/www.europesays.com\/fi\/wp-json\/wp\/v2\/posts"}],"about":[{"href":"https:\/\/www.europesays.com\/fi\/wp-json\/wp\/v2\/types\/post"}],"author":[{"embeddable":true,"href":"https:\/\/www.europesays.com\/fi\/wp-json\/wp\/v2\/users\/2"}],"replies":[{"embeddable":true,"href":"https:\/\/www.europesays.com\/fi\/wp-json\/wp\/v2\/comments?post=137273"}],"version-history":[{"count":0,"href":"https:\/\/www.europesays.com\/fi\/wp-json\/wp\/v2\/posts\/137273\/revisions"}],"wp:featuredmedia":[{"embeddable":true,"href":"https:\/\/www.europesays.com\/fi\/wp-json\/wp\/v2\/media\/137274"}],"wp:attachment":[{"href":"https:\/\/www.europesays.com\/fi\/wp-json\/wp\/v2\/media?parent=137273"}],"wp:term":[{"taxonomy":"category","embeddable":true,"href":"https:\/\/www.europesays.com\/fi\/wp-json\/wp\/v2\/categories?post=137273"},{"taxonomy":"post_tag","embeddable":true,"href":"https:\/\/www.europesays.com\/fi\/wp-json\/wp\/v2\/tags?post=137273"}],"curies":[{"name":"wp","href":"https:\/\/api.w.org\/{rel}","templated":true}]}}