{"id":137275,"date":"2026-01-09T02:01:13","date_gmt":"2026-01-09T02:01:13","guid":{"rendered":"https:\/\/www.europesays.com\/fi\/137275\/"},"modified":"2026-01-09T02:01:13","modified_gmt":"2026-01-09T02:01:13","slug":"yit-oyj-muutos-yitn-johtoryhmassa-mari-puoskari-nimitetty-asuminen-suomi-segmentin-johtajaksi","status":"publish","type":"post","link":"https:\/\/www.europesays.com\/fi\/137275\/","title":{"rendered":"YIT Oyj: Muutos YIT:n johtoryhm\u00e4ss\u00e4: Mari Puoskari nimitetty Asuminen Suomi -segmentin johtajaksi"},"content":{"rendered":"<p>YIT Oyj\u00a0P\u00f6rssitiedote\u00a08.1.2026\u00a0klo\u00a015:00\u00a0<\/p>\n<p><strong>Muutos\u00a0YIT:n johtoryhm\u00e4ss\u00e4:\u00a0Mari Puoskari\u00a0nimitetty Asuminen Suomi -segmentin johtajaksi\u00a0\u00a0<\/strong><\/p>\n<p>YIT\u00a0on nimitt\u00e4nyt\u00a0<strong>Mari Puoskarin<\/strong>\u00a0(dipl. ins.)\u00a0Asuminen Suomi -segmentin johtajaksi ja YIT:n johtoryhm\u00e4n\u00a0j\u00e4seneksi\u00a0viimeist\u00e4\u00e4n 8.7.2026\u00a0alkaen.\u00a0H\u00e4n\u00a0toimii t\u00e4ll\u00e4 hetkell\u00e4\u00a0Pilke\u00a0P\u00e4iv\u00e4kodit Oy:n\u00a0ja\u00a0Dibber\u00a0Sverige Ab:n\u00a0toimitusjohtajana.\u00a0\u00a0<\/p>\n<p>Mari Puoskarilla on\u00a0yli\u00a020\u00a0vuoden kokemus\u00a0sek\u00e4\u00a0yritys-\u00a0ett\u00e4\u00a0yhteiskunnallista teht\u00e4vist\u00e4.\u00a0Ennen nykyist\u00e4 teht\u00e4v\u00e4\u00e4ns\u00e4 h\u00e4n oli\u00a0FCG\u00a0Finnish\u00a0Consulting Groupin toimitusjohtaja.\u00a0Lis\u00e4ksi h\u00e4n on ty\u00f6skennellyt\u00a0P\u00f6yryll\u00e4\u00a0liiketoimintajohtajana\u00a0ja Ekokemin johtoryhm\u00e4ss\u00e4 useissa eri rooleissa.\u00a0Mari Puoskari\u00a0on toiminut\u00a0my\u00f6s\u00a0useissa\u00a0yhteiskunnallisissa\u00a0teht\u00e4viss\u00e4, muun muassa\u00a0Helsingin kaupunginvaltuuston\u00a0puheenjohtajana vuosina 2013-2016.\u00a0<\/p>\n<p>&#8221;Asiakaskokemuksen parantaminen on strateginen prioriteettimme, ja\u00a0olen iloinen, ett\u00e4\u00a0voimme Mari Puoskarin johdolla edist\u00e4\u00e4 t\u00e4t\u00e4 Asuminen Suomi -segmentiss\u00e4.\u00a0Asiakkaiden odotukset muuttuvat nopeasti, ja haluamme varmistaa, ett\u00e4 YIT vastaa niihin entist\u00e4\u00a0ketter\u00e4mmin.\u00a0Mari\u00a0tuo mukanaan vahvaa kokemusta\u00a0asiakasl\u00e4ht\u00f6isest\u00e4 kehitt\u00e4misest\u00e4,\u00a0muutosjohtamisesta\u00a0ja kilpailukyvyn vahvistamisesta nopeasti muuttuvilla markkinoilla. T\u00e4m\u00e4 osaaminen on meille arvokasta, kun kehit\u00e4mme\u00a0niin\u00a0YIT kotien\u00a0tuoteportfoliota\u00a0kuin toimintatapojammekin\u00a0vastaamaan\u00a0asiakkaiden odotuksia&#8221;, sanoi\u00a0<strong>Heikki Vuorenmaa<\/strong>, toimitusjohtaja, YIT Oyj.\u00a0\u00a0<\/p>\n<p>Heikki Vuorenmaa jatkaa\u00a0toimitusjohtajan teht\u00e4v\u00e4n lis\u00e4ksi Asuminen Suomi -segmentin v\u00e4liaikaisena johtajana, kunnes Mari Puoskari aloittaa teht\u00e4v\u00e4ss\u00e4\u00e4n.\u00a0\u00a0<\/p>\n<p><strong>CV\u00a0Mari Puoskari\u00a0\u00a0<\/strong><\/p>\n<p>Syntynyt 1979\u00a0<\/p>\n<p>\u00a0<br \/><strong>Koulutus:\u00a0<\/strong><\/p>\n<p>Diplomi-insin\u00f6\u00f6ri, kemia ja ymp\u00e4rist\u00f6tekniikka\u00a0<\/p>\n<p><strong>Keskeinen ty\u00f6kokemus:\u00a0<\/strong><\/p>\n<p><strong>Luottamusteht\u00e4v\u00e4t:\u00a0\u00a0<\/strong><\/p>\n<ul role=\"list\">\n<li aria-setsize=\"-1\" data-aria-level=\"1\" data-aria-posinset=\"9\" data-font=\"Symbol\" data-leveltext=\"\uf0b7\" data-list-defn-props=\"{&quot;335552541&quot;:1,&quot;335559685&quot;:720,&quot;335559991&quot;:360,&quot;469769226&quot;:&quot;Symbol&quot;,&quot;469769242&quot;:[8226],&quot;469777803&quot;:&quot;left&quot;,&quot;469777804&quot;:&quot;\uf0b7&quot;,&quot;469777815&quot;:&quot;hybridMultilevel&quot;}\" data-listid=\"16\" role=\"listitem\">\n<p>Elo,\u00a0hallintoneuvoston\u00a0j\u00e4sen,\u00a02023-, varapuheenjohtaja ja\u00a0vaalivaliokunnan j\u00e4sen,\u00a02026-\u00a0<\/p>\n<\/li>\n<\/ul>\n<p><strong>Lis\u00e4tietoja:\u00a0<\/strong><br \/>YIT:n konserniviestint\u00e4, puh. 044 743 7536,\u202f<a href=\"https:\/\/www.inderes.fi\/releases\/mailto:press@yit.fi\" rel=\"nofollow noopener\" target=\"_blank\">press@yit.fi<\/a>\u202f\u00a0<br \/>\u00a0<br \/><strong>Jakelu:<\/strong>\u202fNasdaq Helsinki, keskeiset tiedotusv\u00e4lineet,\u202f<a href=\"https:\/\/www.yitgroup.com\/fi\" rel=\"nofollow noopener\" target=\"_blank\">www.yitgroup.com\/fi<\/a>\u202f\u202f\u00a0<\/p>\n<p><strong>YIT Oyj\u00a0<\/strong><\/p>\n<p>Heikki Vuorenmaa\u00a0<br \/>Toimitusjohtaja\u00a0<\/p>\n<p>Rakennamme ja kehit\u00e4mme kest\u00e4vi\u00e4 elinymp\u00e4rist\u00f6j\u00e4: toimivia ja viihtyisi\u00e4 koteja asumiseen, julkisia ja kaupallisia rakennuksia tulevaisuuden tarpeisiin, infrastruktuuria vihre\u00e4n siirtym\u00e4n edist\u00e4miseksi sek\u00e4\u00a0teollisuus-, tuotanto- ja energialaitoksia asiakkaidemme prosessien tueksi. YIT:n visiona on olla osaavin kumppani kest\u00e4vien kotien, tilojen ja kaupunkien kehitt\u00e4misess\u00e4 &#8211; hyv\u00e4\u00e4 el\u00e4m\u00e4\u00e4 varten. Tiimiimme kuuluu noin 4 100 ammattilaista ja vuonna 2024 liikevaihtomme oli 1,8 miljardia euroa. YIT:n osake on listattuna Nasdaq Helsingiss\u00e4.\u202f \u202f\u00a0<\/p>\n<p>\u00a0<br \/>Lue lis\u00e4\u00e4:\u202f<a href=\"https:\/\/www.yitgroup.com\/fi%22%20\/t%20%22_blank\" rel=\"nofollow noopener\" target=\"_blank\">www.yitgroup.com\/fi<\/a>\u202fja seuraa meit\u00e4\u202f<a href=\"https:\/\/www.linkedin.com\/company\/yit\/%22%20\/t%20%22_blank\" rel=\"nofollow noopener\" target=\"_blank\">Linkedin<\/a>\u202fI\u202f<a href=\"https:\/\/twitter.com\/YITGroup%22%20\/t%20%22_blank\" rel=\"nofollow noopener\" target=\"_blank\">X<\/a>\u202fI\u202f<a href=\"https:\/\/www.instagram.com\/yitsuomi\/%22%20\/t%20%22_blank\" rel=\"nofollow noopener\" target=\"_blank\">Instagram<\/a>\u202fI\u202f<a href=\"https:\/\/www.facebook.com\/yitsuomi\/%22%20\/t%20%22_blank\" rel=\"nofollow noopener\" target=\"_blank\">Facebook<\/a><\/p>\n<p><script async src=\"https:\/\/platform.twitter.com\/widgets.js\" charset=\"utf-8\"><\/script><script async src=\"\/\/www.instagram.com\/embed.js\"><\/script><\/p>\n","protected":false},"excerpt":{"rendered":"YIT Oyj\u00a0P\u00f6rssitiedote\u00a08.1.2026\u00a0klo\u00a015:00\u00a0 Muutos\u00a0YIT:n johtoryhm\u00e4ss\u00e4:\u00a0Mari Puoskari\u00a0nimitetty Asuminen Suomi -segmentin johtajaksi\u00a0\u00a0 YIT\u00a0on nimitt\u00e4nyt\u00a0Mari Puoskarin\u00a0(dipl. ins.)\u00a0Asuminen Suomi -segmentin johtajaksi ja YIT:n&hellip;\n","protected":false},"author":2,"featured_media":137276,"comment_status":"","ping_status":"","sticky":false,"template":"","format":"standard","meta":{"footnotes":""},"categories":[76],"tags":[79,77,33,31,30,32,78],"class_list":{"0":"post-137275","1":"post","2":"type-post","3":"status-publish","4":"format-standard","5":"has-post-thumbnail","7":"category-talous","8":"tag-business","9":"tag-economy","10":"tag-fi","11":"tag-finland","12":"tag-finnish","13":"tag-suomi","14":"tag-talous"},"share_on_mastodon":{"url":"https:\/\/pubeurope.com\/@fi\/115862679285144054","error":""},"_links":{"self":[{"href":"https:\/\/www.europesays.com\/fi\/wp-json\/wp\/v2\/posts\/137275","targetHints":{"allow":["GET"]}}],"collection":[{"href":"https:\/\/www.europesays.com\/fi\/wp-json\/wp\/v2\/posts"}],"about":[{"href":"https:\/\/www.europesays.com\/fi\/wp-json\/wp\/v2\/types\/post"}],"author":[{"embeddable":true,"href":"https:\/\/www.europesays.com\/fi\/wp-json\/wp\/v2\/users\/2"}],"replies":[{"embeddable":true,"href":"https:\/\/www.europesays.com\/fi\/wp-json\/wp\/v2\/comments?post=137275"}],"version-history":[{"count":0,"href":"https:\/\/www.europesays.com\/fi\/wp-json\/wp\/v2\/posts\/137275\/revisions"}],"wp:featuredmedia":[{"embeddable":true,"href":"https:\/\/www.europesays.com\/fi\/wp-json\/wp\/v2\/media\/137276"}],"wp:attachment":[{"href":"https:\/\/www.europesays.com\/fi\/wp-json\/wp\/v2\/media?parent=137275"}],"wp:term":[{"taxonomy":"category","embeddable":true,"href":"https:\/\/www.europesays.com\/fi\/wp-json\/wp\/v2\/categories?post=137275"},{"taxonomy":"post_tag","embeddable":true,"href":"https:\/\/www.europesays.com\/fi\/wp-json\/wp\/v2\/tags?post=137275"}],"curies":[{"name":"wp","href":"https:\/\/api.w.org\/{rel}","templated":true}]}}