{"id":137277,"date":"2026-01-09T02:02:09","date_gmt":"2026-01-09T02:02:09","guid":{"rendered":"https:\/\/www.europesays.com\/fi\/137277\/"},"modified":"2026-01-09T02:02:09","modified_gmt":"2026-01-09T02:02:09","slug":"englannissa-annettu-varoitus-hengenvaarallisen-kovasta-tuulesta-myrsky-lahestyy-keski-eurooppaa-uutiset","status":"publish","type":"post","link":"https:\/\/www.europesays.com\/fi\/137277\/","title":{"rendered":"Englannissa annettu varoitus hengenvaarallisen kovasta tuulesta \u2013 myrsky l\u00e4hestyy Keski-Eurooppaa | Uutiset"},"content":{"rendered":"<p>Goretti-myrsky tuo Eurooppaan lumimyr\u00e4k\u00e4n<\/p>\n<p class=\"aw-lzd4tw hrgmTi\">Goretti-myrsky iskee Keski-Eurooppaan loppuviikon aikana. Se tuo mukanaan todella voimakkaita tuulia, lumimyr\u00e4kk\u00e4\u00e4 ja runsaita vesisateita.<\/p>\n<p class=\"aw-lzd4tw hrgmTi\">Torstai-iltana Britannian s\u00e4\u00e4palvelu antoi harvinaisen punaisen tuulivaroituksen lounaiseen Englantiin, <a href=\"https:\/\/www.bbc.com\/news\/live\/cgez72ln8wwt\" class=\"aw-oli4x9 aw-1hhoivf hroXgU ewUJYP\" rel=\"nofollow noopener\" target=\"_blank\">BBC kertoo<\/a>. T\u00e4m\u00e4 on korkein mahdollinen varoitustaso. <\/p>\n<p class=\"aw-lzd4tw hrgmTi\">S\u00e4\u00e4palvelun mukaan odotettavissa on poikkeuksellisen voimakkaita tuulia, jopa 160 kilometri\u00e4 tunnissa. Britannian viranomaiset ovat l\u00e4hett\u00e4neet alueen yli puolelle miljoonalle ihmiselle heid\u00e4n puhelimiinsa viestin, jossa varoitetaan hengenvaarallisen voimakkaasta tuulesta. <\/p>\n<p><img decoding=\"async\" alt=\"Myrskyis\u00e4 meri ja majakka taustalla, kun henkil\u00f6 k\u00e4velee kalliot reunustavalla rannikolla.\" src=\"https:\/\/www.europesays.com\/fi\/wp-content\/uploads\/2026\/01\/39-15788206960075acb62e.jpeg\" loading=\"lazy\" class=\"aw-1l9m598 hKVVvP\"\/><\/p>\n<p>Avaa kuvien katselu<\/p>\n<p>L\u00e4ntisess\u00e4 Ranskassa Ouessantissa myrskytuulet ovat nostaneet korkeita aaltoja. Kuva: Baptiste Kerrien \/ All Over Press<\/p>\n<p class=\"aw-lzd4tw hrgmTi\">Torstai-illan aikana myrsky etenee Brittein saarilta Euroopan mantereelle Ranskan, Belgian, Hollannin ja Saksan ylle.<\/p>\n<p>Saksassa s\u00e4hk\u00f6autojen tuotanto keskeytyy myrskyn takia<\/p>\n<p class=\"aw-lzd4tw hrgmTi\">Saksan s\u00e4\u00e4palvelun (DWD)  mukaan maan pohjoisosissa voi sataa jopa 15 sentti\u00e4 lunta.<\/p>\n<p class=\"aw-lzd4tw hrgmTi\">L\u00e4mp\u00f6tilat voivat viikonloppuna laskea jopa miinus 20 asteeseen tietyill\u00e4 alueilla Saksassa, DWD:n meteorologi Andreas Walter kertoi uutistoimisto AFP:lle.<\/p>\n<p class=\"aw-lzd4tw hrgmTi\">Volkswagen <a href=\"https:\/\/www.handelsblatt.com\/politik\/deutschland\/winterwetter-vw-stoppt-wegen-sturmtief-elli-am-freitag-produktion-in-emden\/100189738.html\" class=\"aw-oli4x9 aw-1hhoivf hroXgU ewUJYP\" rel=\"nofollow noopener\" target=\"_blank\">keskeytt\u00e4\u00e4<\/a> s\u00e4hk\u00f6autojen tuotannon Emdenin tehtaalla perjantaina myrskyn takia.  Yhti\u00f6n mukaan myrsky aiheuttaa ongelmia ty\u00f6ntekij\u00f6ille ja autonosien toimituksille, siksi p\u00e4iv\u00e4n molemmat ty\u00f6vuorot perutaan.<\/p>\n<p class=\"aw-lzd4tw hrgmTi\">Hampurissa ja Bremeniss\u00e4 koulut ovat ilmoittaneet pysyv\u00e4ns\u00e4 kiinni perjantaina.<\/p>\n<p class=\"aw-lzd4tw hrgmTi\">Saksan valtion rautatieyhti\u00f6 on j\u00e4rjest\u00e4nyt yli 14 000 ty\u00f6ntekij\u00e4\u00e4 raiteiden ja asemien lumen auraamiseen.<\/p>\n<p class=\"aw-lzd4tw hrgmTi\">Saksan s\u00e4\u00e4palvelu DWD kertoo, ett\u00e4 myrskyn odotetaan kest\u00e4v\u00e4n lauantaihin asti, ja lumisateet loppuvat maanantaina.<\/p>\n<p>L\u00e4hde: AFP, BBC<\/p>\n","protected":false},"excerpt":{"rendered":"Goretti-myrsky tuo Eurooppaan lumimyr\u00e4k\u00e4n Goretti-myrsky iskee Keski-Eurooppaan loppuviikon aikana. Se tuo mukanaan todella voimakkaita tuulia, lumimyr\u00e4kk\u00e4\u00e4 ja runsaita&hellip;\n","protected":false},"author":2,"featured_media":137278,"comment_status":"","ping_status":"","sticky":false,"template":"","format":"standard","meta":{"footnotes":""},"categories":[14],"tags":[22,23,1775,26,27,33,31,30,17,24,25,28,29,3381,15,18,21,710,3911,32,19,20,56,16,59,60,61],"class_list":{"0":"post-137277","1":"post","2":"type-post","3":"status-publish","4":"format-standard","5":"has-post-thumbnail","7":"category-ulkomaat","8":"tag-breaking-news","9":"tag-breakingnews","10":"tag-britannia","11":"tag-featured-news","12":"tag-featurednews","13":"tag-fi","14":"tag-finland","15":"tag-finnish","16":"tag-headlines","17":"tag-latest-news","18":"tag-latestnews","19":"tag-main-news","20":"tag-mainnews","21":"tag-myrskyt","22":"tag-news","23":"tag-otsikot","24":"tag-paauutiset","25":"tag-saa","26":"tag-saksa","27":"tag-suomi","28":"tag-top-stories","29":"tag-topstories","30":"tag-ulkomaat","31":"tag-uutiset","32":"tag-world","33":"tag-world-news","34":"tag-worldnews"},"share_on_mastodon":{"url":"https:\/\/pubeurope.com\/@fi\/115862683296862774","error":""},"_links":{"self":[{"href":"https:\/\/www.europesays.com\/fi\/wp-json\/wp\/v2\/posts\/137277","targetHints":{"allow":["GET"]}}],"collection":[{"href":"https:\/\/www.europesays.com\/fi\/wp-json\/wp\/v2\/posts"}],"about":[{"href":"https:\/\/www.europesays.com\/fi\/wp-json\/wp\/v2\/types\/post"}],"author":[{"embeddable":true,"href":"https:\/\/www.europesays.com\/fi\/wp-json\/wp\/v2\/users\/2"}],"replies":[{"embeddable":true,"href":"https:\/\/www.europesays.com\/fi\/wp-json\/wp\/v2\/comments?post=137277"}],"version-history":[{"count":0,"href":"https:\/\/www.europesays.com\/fi\/wp-json\/wp\/v2\/posts\/137277\/revisions"}],"wp:featuredmedia":[{"embeddable":true,"href":"https:\/\/www.europesays.com\/fi\/wp-json\/wp\/v2\/media\/137278"}],"wp:attachment":[{"href":"https:\/\/www.europesays.com\/fi\/wp-json\/wp\/v2\/media?parent=137277"}],"wp:term":[{"taxonomy":"category","embeddable":true,"href":"https:\/\/www.europesays.com\/fi\/wp-json\/wp\/v2\/categories?post=137277"},{"taxonomy":"post_tag","embeddable":true,"href":"https:\/\/www.europesays.com\/fi\/wp-json\/wp\/v2\/tags?post=137277"}],"curies":[{"name":"wp","href":"https:\/\/api.w.org\/{rel}","templated":true}]}}