{"id":137298,"date":"2026-01-09T02:30:08","date_gmt":"2026-01-09T02:30:08","guid":{"rendered":"https:\/\/www.europesays.com\/fi\/137298\/"},"modified":"2026-01-09T02:30:08","modified_gmt":"2026-01-09T02:30:08","slug":"venaja-teki-laajan-iskun-kiovaan-ja-lviviin","status":"publish","type":"post","link":"https:\/\/www.europesays.com\/fi\/137298\/","title":{"rendered":"Ven\u00e4j\u00e4 teki laajan iskun Kiovaan ja Lviviin"},"content":{"rendered":"<p>Ukrainan sota|P\u00e4\u00e4kaupunki Kiovassa on syttynyt useita tulipaloja lennokki-iskujen seurauksena.<\/p>\n<p class=\"article-body mb-nof-24 px-nof-16\">Ven\u00e4j\u00e4 on tehnyt laajan drooni- ja ohjusiskun Ukrainaan torstain ja perjantain v\u00e4lisen y\u00f6n aikana.<\/p>\n<p class=\"article-body mb-nof-24 px-nof-16\">Kiovan pormestari kertoi Telegramissa p\u00e4\u00e4kaupunkiin kohdistetuista drooni-iskuista, jotka ovat aiheuttaneet r\u00e4j\u00e4hdyksi\u00e4 ja tulipaloja usealla alueella. R\u00e4j\u00e4hdyksi\u00e4 kuultiin <a class=\"underline underline-offset-[0.12em] [text-decoration-thickness:var(--generic-link-underline-thickness)] [text-decoration-color:var(--generic-link-underline-color)] [text-decoration-skip-ink:var(--generic-link-underline-skip-ink)] break-words\" href=\"https:\/\/kyivindependent.com\/russia-targets-kyiv-lviv-in-mass-attack-across-ukraine\/\" rel=\"nofollow noopener\" target=\"_blank\">The Kyiv Independentin mukaan<\/a> torstaina noin 11.45 paikallista aikaa. Aiemmin ilmavoimat varoitti mahdollisesta ohjusiskusta ja kertoi droonien lent\u00e4v\u00e4n kohti kaupunkia.<\/p>\n<p class=\"article-body mb-nof-24 px-nof-16\">Pormestarin mukaan drooni-iskuista on aiheutunut tulipaloja kaupungin kolmella alueella. Droonit ovat osuneet rakennuksiin Dnepr-joen molemmilla puolilla.<\/p>\n<p class=\"article-body mb-nof-24 px-nof-16\">Ainakin kahden kerrotaan kuolleen. Pormestari <a class=\"font-bold underline-offset-[0.12em] [text-decoration:var(--person-link-text-decoration)] ![text-decoration-color:var(--person-link-text-decoration-color)]\" href=\"https:\/\/www.hs.fi\/haku\/?query=Vitali%20Klitschkon\" rel=\"nofollow noopener\" target=\"_blank\">Vitali Klitschkon<\/a> mukaan loukkaantuneita on ainakin kuusi, Reuters kertoo. Yhden iskuista kerrotaan osuneen kauppakeskukseen.<\/p>\n<p class=\"article-body mb-nof-24 px-nof-16\">Niin ik\u00e4\u00e4n Lviviss\u00e4 kuultiin y\u00f6ll\u00e4 r\u00e4j\u00e4hdyksi\u00e4. Ven\u00e4j\u00e4n iskujen kerrotaan kohdistuneen alueen kriittiseen infrastruktuuriin.<\/p>\n<p class=\"article-body mb-nof-24 px-nof-16\">Sotaa seuraavien sosiaalisen median tilien mukaan Lviviin osuneet ohjukset olisivat olleet Oreshnik-ohjuksia.<\/p>\n<p class=\"article-body mb-nof-24 px-nof-16\">Lvivin pormestari tai alueen kuvern\u00f6\u00f6ri eiv\u00e4t kuitenkaan ottaneet kantaa asiaan Telegram-viesteiss\u00e4\u00e4n, Reuters kertoo.<\/p>\n<p class=\"article-body mb-nof-24 px-nof-16\">Pormestari <a class=\"font-bold underline-offset-[0.12em] [text-decoration:var(--person-link-text-decoration)] ![text-decoration-color:var(--person-link-text-decoration-color)]\" href=\"https:\/\/www.hs.fi\/haku\/?query=Andriy%20Sadovyin\" rel=\"nofollow noopener\" target=\"_blank\">Andriy Sadovyin<\/a> mukaan on Ukrainan asevoimien teht\u00e4v\u00e4 selvitt\u00e4\u00e4 oliko kyseess\u00e4 Oreshnik. Kuvern\u00f6\u00f6rin mukaan selvitys on k\u00e4ynniss\u00e4 alueilla, joihin isku on osunut.<\/p>\n<p class=\"article-body mb-nof-24 px-nof-16\">Ven\u00e4j\u00e4 k\u00e4ytti Oreshnik-ohjuksia Ukrainassa ensimm\u00e4isen kerran marraskuussa 2024. Keskipitk\u00e4n kantaman ballistinen Oreshnik-ohjus pystyy kantamaan useita taisteluk\u00e4rki\u00e4.<\/p>\n<p class=\"article-body mb-nof-24 px-nof-16\">Ukrainan ilmavoimat varoitti, ett\u00e4 Ven\u00e4j\u00e4 saattaisi laukaista ohjuksia Kapustin Jarista, joka on maan rakettien koe- ja laukaisupaikka. Oreshnik-ohjuksia on s\u00e4ilytetty Kapustin Jarissa Lounais-Ven\u00e4j\u00e4ll\u00e4.<\/p>\n<p class=\"article-body mb-nof-24 px-nof-16\">Ukrainan presidentti <a class=\"font-bold underline-offset-[0.12em] [text-decoration:var(--person-link-text-decoration)] ![text-decoration-color:var(--person-link-text-decoration-color)]\" href=\"https:\/\/www.hs.fi\/haku\/?query=Volodymyr%20Zelenskyi\" rel=\"nofollow noopener\" target=\"_blank\">Volodymyr Zelenskyi<\/a> varoitti aiemmin torstaina mahdollisesta massiivisesta ilmahy\u00f6kk\u00e4yksest\u00e4. Zelenskyin mukaan on tietoja siit\u00e4, ett\u00e4 Ven\u00e4j\u00e4 toteuttaisi ison hy\u00f6kk\u00e4yksen perjantaiy\u00f6n\u00e4.<\/p>\n","protected":false},"excerpt":{"rendered":"Ukrainan sota|P\u00e4\u00e4kaupunki Kiovassa on syttynyt useita tulipaloja lennokki-iskujen seurauksena. Ven\u00e4j\u00e4 on tehnyt laajan drooni- ja ohjusiskun Ukrainaan torstain&hellip;\n","protected":false},"author":2,"featured_media":137299,"comment_status":"","ping_status":"","sticky":false,"template":"","format":"standard","meta":{"footnotes":""},"categories":[5],"tags":[22,23,26,27,33,31,30,17,46,24,25,28,29,15,18,21,32,19,20,16],"class_list":{"0":"post-137298","1":"post","2":"type-post","3":"status-publish","4":"format-standard","5":"has-post-thumbnail","7":"category-otsikot","8":"tag-breaking-news","9":"tag-breakingnews","10":"tag-featured-news","11":"tag-featurednews","12":"tag-fi","13":"tag-finland","14":"tag-finnish","15":"tag-headlines","16":"tag-helsingin-sanomat","17":"tag-latest-news","18":"tag-latestnews","19":"tag-main-news","20":"tag-mainnews","21":"tag-news","22":"tag-otsikot","23":"tag-paauutiset","24":"tag-suomi","25":"tag-top-stories","26":"tag-topstories","27":"tag-uutiset"},"share_on_mastodon":{"url":"https:\/\/pubeurope.com\/@fi\/115862793287525093","error":""},"_links":{"self":[{"href":"https:\/\/www.europesays.com\/fi\/wp-json\/wp\/v2\/posts\/137298","targetHints":{"allow":["GET"]}}],"collection":[{"href":"https:\/\/www.europesays.com\/fi\/wp-json\/wp\/v2\/posts"}],"about":[{"href":"https:\/\/www.europesays.com\/fi\/wp-json\/wp\/v2\/types\/post"}],"author":[{"embeddable":true,"href":"https:\/\/www.europesays.com\/fi\/wp-json\/wp\/v2\/users\/2"}],"replies":[{"embeddable":true,"href":"https:\/\/www.europesays.com\/fi\/wp-json\/wp\/v2\/comments?post=137298"}],"version-history":[{"count":0,"href":"https:\/\/www.europesays.com\/fi\/wp-json\/wp\/v2\/posts\/137298\/revisions"}],"wp:featuredmedia":[{"embeddable":true,"href":"https:\/\/www.europesays.com\/fi\/wp-json\/wp\/v2\/media\/137299"}],"wp:attachment":[{"href":"https:\/\/www.europesays.com\/fi\/wp-json\/wp\/v2\/media?parent=137298"}],"wp:term":[{"taxonomy":"category","embeddable":true,"href":"https:\/\/www.europesays.com\/fi\/wp-json\/wp\/v2\/categories?post=137298"},{"taxonomy":"post_tag","embeddable":true,"href":"https:\/\/www.europesays.com\/fi\/wp-json\/wp\/v2\/tags?post=137298"}],"curies":[{"name":"wp","href":"https:\/\/api.w.org\/{rel}","templated":true}]}}