{"id":137300,"date":"2026-01-09T02:42:11","date_gmt":"2026-01-09T02:42:11","guid":{"rendered":"https:\/\/www.europesays.com\/fi\/137300\/"},"modified":"2026-01-09T02:42:11","modified_gmt":"2026-01-09T02:42:11","slug":"koko-maa-ihan-perseesta-nain-tamperelaispomo-vastaa","status":"publish","type":"post","link":"https:\/\/www.europesays.com\/fi\/137300\/","title":{"rendered":"\u201dKoko maa ihan perseest\u00e4\u201d \u2013 n\u00e4in tamperelaispomo vastaa"},"content":{"rendered":"<p>Suomen keilailuliiton toiminnanjohtaja Sami J\u00e4rvil\u00e4 ihmettelee Emilia Soinin n\u00e4kemyksi\u00e4.<\/p>\n<p>8.1. 10:30<\/p>\n<p class=\"article-body mb-nof-24 px-nof-16\">Suomalainen squashpelaaja <a class=\"font-bold underline-offset-[0.12em] [text-decoration:var(--person-link-text-decoration)] ![text-decoration-color:var(--person-link-text-decoration-color)]\" href=\"https:\/\/www.aamulehti.fi\/haku\/?query=Emilia%20Soini\" rel=\"nofollow noopener\" target=\"_blank\">Emilia Soini<\/a>, 30, julkaisi keskiviikkona Instagram-tilins\u00e4 tarinat-osiossa tulikivenkatkuista teksti\u00e4, jossa h\u00e4n kritisoi Opetus- ja kulttuuriministeri\u00f6n (OKM) my\u00f6nt\u00e4mi\u00e4 apurahoja.<\/p>\n<p class=\"article-body mb-nof-24 px-nof-16\">OKM julkisti aiemmin perjantaina 2. tammikuuta t\u00e4m\u00e4n vuoden kes\u00e4lajien urheilija-apurahat uusituilla kriteereill\u00e4. Ministeri\u00f6 kertoi <a class=\"underline underline-offset-[0.12em] [text-decoration-thickness:var(--generic-link-underline-thickness)] [text-decoration-color:var(--generic-link-underline-color)] [text-decoration-skip-ink:var(--generic-link-underline-skip-ink)] break-words\" href=\"https:\/\/okm.fi\/-\/kesalajien-urheilija-apurahat-myonnetty-kriteerit-uusittu\" rel=\"nofollow noopener\" target=\"_blank\">tiedotteessaan<\/a>, ett\u00e4 apurahaa my\u00f6nnet\u00e4\u00e4n varteenotettavimmille arvokisojen menestyj\u00e4ehdokkaille.<\/p>\n<p class=\"article-body mb-nof-24 px-nof-16\">Apurahan saaneesta 76 urheilijasta viisi oli keilaajia. N\u00e4ist\u00e4 nelj\u00e4lle (<a class=\"font-bold underline-offset-[0.12em] [text-decoration:var(--person-link-text-decoration)] ![text-decoration-color:var(--person-link-text-decoration-color)]\" href=\"https:\/\/www.aamulehti.fi\/haku\/?query=Peppi%20Konsteri\" rel=\"nofollow noopener\" target=\"_blank\">Peppi Konsteri<\/a>, <a class=\"font-bold underline-offset-[0.12em] [text-decoration:var(--person-link-text-decoration)] ![text-decoration-color:var(--person-link-text-decoration-color)]\" href=\"https:\/\/www.aamulehti.fi\/haku\/?query=Tomas%20K%C3%A4yhk%C3%B6\" rel=\"nofollow noopener\" target=\"_blank\">Tomas K\u00e4yhk\u00f6<\/a>, <a class=\"font-bold underline-offset-[0.12em] [text-decoration:var(--person-link-text-decoration)] ![text-decoration-color:var(--person-link-text-decoration-color)]\" href=\"https:\/\/www.aamulehti.fi\/haku\/?query=Essi%20Pakarinen\" rel=\"nofollow noopener\" target=\"_blank\">Essi Pakarinen<\/a>, <a class=\"font-bold underline-offset-[0.12em] [text-decoration:var(--person-link-text-decoration)] ![text-decoration-color:var(--person-link-text-decoration-color)]\" href=\"https:\/\/www.aamulehti.fi\/haku\/?query=Luukas%20V%C3%A4%C3%A4n%C3%A4nen\" rel=\"nofollow noopener\" target=\"_blank\">Luukas V\u00e4\u00e4n\u00e4nen<\/a>) my\u00f6nnettiin suoraan kahdeksi vuodeksi isompi apuraha, joka on 24\u202f000 euroa. <a class=\"font-bold underline-offset-[0.12em] [text-decoration:var(--person-link-text-decoration)] ![text-decoration-color:var(--person-link-text-decoration-color)]\" href=\"https:\/\/www.aamulehti.fi\/haku\/?query=Emma%20Palermaalle\" rel=\"nofollow noopener\" target=\"_blank\">Emma Palermaalle<\/a> my\u00f6nnettiin pienempi 12\u202f000 euron apuraha yhdeksi vuodeksi.<\/p>\n<p class=\"article-body mb-nof-24 px-nof-16\">P\u00e4\u00e4t\u00f6s her\u00e4tti squashissa maailmanlistalla sijalla 72 olevassa Soinissa voimakasta kritiikki\u00e4.<\/p>\n<p class=\"article-body mb-nof-24 px-nof-16\">\u201dSuomen huippu-urheilu on kyll\u00e4 aika huolestuttavassa tilassa. Koko maa on ihan perseest\u00e4, ja t\u00e4m\u00e4n maan urheiluun liittyv\u00e4 politiikka. OKM:n apurahoista meni nelj\u00e4lle keilaajalle kahden vuoden diili ja 24 tonnia\u201d, Soini kirjoitti Instagram-tilill\u00e4\u00e4n.<\/p>\n<p class=\"article-body mb-nof-24 px-nof-16\">H\u00e4n luonnehti keilaajien apurahoja vitsiksi.<\/p>\n<p class=\"article-body mb-nof-24 px-nof-16\">\u201dEi mit\u00e4\u00e4n henkil\u00f6kohtaista heit\u00e4 kohtaan, jos ovat hyvi\u00e4 niin kunnioitan kaikkea heid\u00e4n saavuttamaansa. Mutta kyll\u00e4 se on huippu-urheilusta kaukana. Hieno ja vaativa laji, mutta ei urheilulaji.\u201d<\/p>\n<p class=\"article-body mb-nof-24 px-nof-16\">Soini on squashin kaksinkertainen EM-pronssimitalisti. Maailmanlistalla h\u00e4n on ollut parhaimmillaan sijalla 41.<\/p>\n<p><img decoding=\"async\" src=\"https:\/\/www.europesays.com\/fi\/wp-content\/uploads\/2026\/01\/1767844270_930_468.jpg\" alt=\"Emilia Soini on juhlinut squashin EM-pronssia vuosina 2023 ja 2024.\" class=\"_Img_1rerz_1\" style=\"aspect-ratio:1.7777777777777777\" loading=\"eager\"\/><\/p>\n<p class=\"article-picture-caption\">Emilia Soini on juhlinut squashin EM-pronssia vuosina 2023 ja 2024. Kuva:\u00a0MI News &amp; Sport  \/ Alamy Stock Photo<\/p>\n<p class=\"article-body mb-nof-24 px-nof-16\">Keilaajien apurahojen saantia puoltaa se, ett\u00e4 Suomi menestyi marras-joulukuun vaihteessa pelatuissa keilauksen MM-kisoissa sensaatiomaisesti. Suomalaiset kahmivat kisoista per\u00e4ti kuusi MM-mitalia, joista viisi oli kultaisia.<\/p>\n<p class=\"article-body mb-nof-24 px-nof-16\">Juuri siksi Suomen keilailuliiton toiminnanjohtaja <a class=\"font-bold underline-offset-[0.12em] [text-decoration:var(--person-link-text-decoration)] ![text-decoration-color:var(--person-link-text-decoration-color)]\" href=\"https:\/\/www.aamulehti.fi\/haku\/?query=Sami%20J%C3%A4rvil%C3%A4\" rel=\"nofollow noopener\" target=\"_blank\">Sami J\u00e4rvil\u00e4<\/a> oli h\u00e4keltynyt Soinin ulostulosta.<\/p>\n<p class=\"article-body mb-nof-24 px-nof-16\">\u201dOnpas halveksuttavia kommentteja. Ensimm\u00e4isen\u00e4 tulee mieleen, ett\u00e4 Soini ei ymm\u00e4rr\u00e4 kyll\u00e4 huippu-urheilusta mit\u00e4\u00e4n\u201d, J\u00e4rvil\u00e4 kommentoi.<\/p>\n<p class=\"article-body mb-nof-24 px-nof-16\">\u201dMeid\u00e4n laji on ihan maailman tasolla yksi kilpailullisimpia lajeja. Ja jos sit\u00e4 squashiin vertaa, niin meill\u00e4 on 113 maaliittoa sek\u00e4 yli sata miljoonaa harrastaa ja miljoonia kilpakeilaajia, niin sit\u00e4 ei Suomessa edes ymm\u00e4rret\u00e4 kuinka merkitt\u00e4v\u00e4 laji keilaus maailmalla on.\u201d<\/p>\n<blockquote class=\"p-[var(--citation-padding)] m-[var(--citation-margin)] border-y-[length:var(--citation-border-width)] border-y-[color:var(--citation-border-color)]\">\n<p>\u201dMinun mielest\u00e4ni uudistus apurahojen suhteen on hyv\u00e4, ja nyt meid\u00e4n urheilijat ja laji saa vihdoin sen, mit\u00e4 oltaisiin ansaittu jo kauan aikaa sitten.\u201d<\/p>\n<\/blockquote>\n<p class=\"article-body mb-nof-24 px-nof-16\">Tamperelainen muistuttaa, ett\u00e4 OKM:n apurahojen uudet kriteerit on saatettu lajiliitoille tietoon jo Pariisin 2024 kes\u00e4olympialaisten j\u00e4lkeen.<\/p>\n<p class=\"article-body mb-nof-24 px-nof-16\">\u201dLajiliitot ovat olleet mukana kriteerien uudistusty\u00f6ss\u00e4 ja hyv\u00e4ksyneet ne. Luulisi, ett\u00e4 tieto olisi kantautunut urheilijoidenkin korviin. Siksi Soinin teksti kuulostaa t\u00e4ysin harkitsemattomalta teolta\u201d, J\u00e4rvil\u00e4 sanoo.<\/p>\n<p><img decoding=\"async\" src=\"https:\/\/www.europesays.com\/fi\/wp-content\/uploads\/2026\/01\/1767844270_71_468.jpg\" alt=\"Keilaaja Peppi Konsteri on yksi OKM:n apurahan saajista.\" class=\"_Img_1rerz_1\" style=\"aspect-ratio:1.7777777777777777\" loading=\"eager\"\/><\/p>\n<p class=\"article-picture-caption\">Keilaaja Peppi Konsteri on yksi OKM:n apurahan saajista. Kuva:\u00a0Ossi Ahola \/ Aamulehti<\/p>\n<p class=\"article-body mb-nof-24 px-nof-16\">J\u00e4rvil\u00e4n mielest\u00e4 tarkempien kriteerien luominen vie suomalaista huippu-urheilua oikeaan suuntaan, sill\u00e4 niist\u00e4 n\u00e4kee nyt selv\u00e4sti miss\u00e4 lajeissa suomalaiset p\u00e4rj\u00e4\u00e4.<\/p>\n<p class=\"article-body mb-nof-24 px-nof-16\">\u201dEi sellaisten lajien kuulu saada tukea, mitk\u00e4 eiv\u00e4t p\u00e4rj\u00e4\u00e4. Apuraha on kuitenkin tarkoitettu huippu-urheilua varten ja sellaisille urheilijoille, jotka ovat siell\u00e4 maailman k\u00e4rjess\u00e4\u201d, J\u00e4rvil\u00e4 kertoo.<\/p>\n<p class=\"article-body mb-nof-24 px-nof-16\">\u201dMinun mielest\u00e4ni uudistus apurahojen suhteen on hyv\u00e4, ja nyt meid\u00e4n urheilijat ja laji saa vihdoin sen, mit\u00e4 oltaisiin ansaittu jo kauan aikaa sitten.\u201d<\/p>\n<p class=\"article-body mb-nof-24 px-nof-16\">J\u00e4rvil\u00e4 tarkentaa, ett\u00e4 keilailuliitolla ei ole tarvetta l\u00e4hte\u00e4 polkemaan muita urheilulajeja tai niiden harrastajia alas.<\/p>\n<p class=\"article-body mb-nof-24 px-nof-16\">\u201dJos lajista ei ymm\u00e4rr\u00e4 mit\u00e4\u00e4n, niin ymm\u00e4rr\u00e4n, ett\u00e4 t\u00e4llaisia sammakoita voi p\u00e4\u00e4st\u00e4\u00e4 ulos suustaan\u201d, J\u00e4rvil\u00e4 sanoo.<\/p>\n<p class=\"article-body mb-nof-24 px-nof-16\">\u201dN\u00e4m\u00e4h\u00e4n perustuvat valitettavasti usein vain tiet\u00e4m\u00e4tt\u00f6myyteen.\u201d<\/p>\n","protected":false},"excerpt":{"rendered":"Suomen keilailuliiton toiminnanjohtaja Sami J\u00e4rvil\u00e4 ihmettelee Emilia Soinin n\u00e4kemyksi\u00e4. 8.1. 10:30 Suomalainen squashpelaaja Emilia Soini, 30, julkaisi keskiviikkona&hellip;\n","protected":false},"author":2,"featured_media":137301,"comment_status":"","ping_status":"","sticky":false,"template":"","format":"standard","meta":{"footnotes":""},"categories":[136],"tags":[157,407,137,33,31,30,408,32,109],"class_list":{"0":"post-137300","1":"post","2":"type-post","3":"status-publish","4":"format-standard","5":"has-post-thumbnail","7":"category-julkkikset","8":"tag-aamulehti","9":"tag-celebrities","10":"tag-entertainment","11":"tag-fi","12":"tag-finland","13":"tag-finnish","14":"tag-julkkikset","15":"tag-suomi","16":"tag-viihde"},"share_on_mastodon":{"url":"https:\/\/pubeurope.com\/@fi\/115862840475394950","error":""},"_links":{"self":[{"href":"https:\/\/www.europesays.com\/fi\/wp-json\/wp\/v2\/posts\/137300","targetHints":{"allow":["GET"]}}],"collection":[{"href":"https:\/\/www.europesays.com\/fi\/wp-json\/wp\/v2\/posts"}],"about":[{"href":"https:\/\/www.europesays.com\/fi\/wp-json\/wp\/v2\/types\/post"}],"author":[{"embeddable":true,"href":"https:\/\/www.europesays.com\/fi\/wp-json\/wp\/v2\/users\/2"}],"replies":[{"embeddable":true,"href":"https:\/\/www.europesays.com\/fi\/wp-json\/wp\/v2\/comments?post=137300"}],"version-history":[{"count":0,"href":"https:\/\/www.europesays.com\/fi\/wp-json\/wp\/v2\/posts\/137300\/revisions"}],"wp:featuredmedia":[{"embeddable":true,"href":"https:\/\/www.europesays.com\/fi\/wp-json\/wp\/v2\/media\/137301"}],"wp:attachment":[{"href":"https:\/\/www.europesays.com\/fi\/wp-json\/wp\/v2\/media?parent=137300"}],"wp:term":[{"taxonomy":"category","embeddable":true,"href":"https:\/\/www.europesays.com\/fi\/wp-json\/wp\/v2\/categories?post=137300"},{"taxonomy":"post_tag","embeddable":true,"href":"https:\/\/www.europesays.com\/fi\/wp-json\/wp\/v2\/tags?post=137300"}],"curies":[{"name":"wp","href":"https:\/\/api.w.org\/{rel}","templated":true}]}}