{"id":137304,"date":"2026-01-09T02:48:07","date_gmt":"2026-01-09T02:48:07","guid":{"rendered":"https:\/\/www.europesays.com\/fi\/137304\/"},"modified":"2026-01-09T02:48:07","modified_gmt":"2026-01-09T02:48:07","slug":"san-diegossa-flunssan-ilmaantuvuus-on-lisaantynyt-huolimatta-intensiivisesta-kansallisesta-skenaariosta-yhdysvalloissa-mix-vale","status":"publish","type":"post","link":"https:\/\/www.europesays.com\/fi\/137304\/","title":{"rendered":"San Diegossa flunssan ilmaantuvuus on lis\u00e4\u00e4ntynyt huolimatta intensiivisest\u00e4 kansallisesta skenaariosta Yhdysvalloissa \u2013 Mix Vale"},"content":{"rendered":"<p>Photo: mulher espirrando em len\u00e7o de papel, gripe &#8211; Dragana Gordic\/shutterstock.com<\/p>\n<p>Estados Unidos:n kansanterveysskenaariota leimaa edelleen hengitystiesairauksien vallitsevuus, ja influenssa on lis\u00e4\u00e4ntynyt merkitt\u00e4v\u00e4sti useilla alueilla. Enquanto maata kohtaa intensiivinen aalto, jota ohjaavat muunnelmat, kuten K-alaryhm\u00e4, terveysviranomaiset seuraavat tiiviisti taudin kehityst\u00e4. San Diego, vaikka se ei ole viel\u00e4 kokenut massiivista kasvua kuten muissa paikoissa, tapaukset ja sairaalahoidot ovat lis\u00e4\u00e4ntyneet.<\/p>\n<p>T\u00e4m\u00e4 tilanne on osa laajempaa huolenaihetta, jossa flunssa esiintyy rinnakkain muiden sairauksien, kuten \u201ctalvioksennusviruksen\u201d, COVID-19:n ja hinkuysk\u00e4n kanssa. Epidemiologisesta seurannasta tulee ratkaisevan t\u00e4rke\u00e4\u00e4 levi\u00e4misen hillitsemiseksi ja paikalliseen ja kansalliseen terveydenhuoltoj\u00e4rjestelm\u00e4\u00e4n kohdistuvien vaikutusten lievent\u00e4miseksi. A\u00e7\u00f5es ennaltaehk\u00e4isy ja tietoisuuden lis\u00e4\u00e4minen ovat v\u00e4ltt\u00e4m\u00e4tt\u00f6mi\u00e4 v\u00e4est\u00f6n suojelemiseksi t\u00e4n\u00e4 aikana.<\/p>\n<p>Kansallinen skenaario: alustavat flunssatiedot vuonna 2025<\/p>\n<p>Centros:st\u00e4 Controle ja Preven\u00e7\u00e3o:st\u00e4 Tapausten jakautuminen levi\u00e4\u00e4 rannikolta rannikolle, mik\u00e4 kuvastaa viruskierron intensiteetti\u00e4. Este -tutkimus korostaa kansanterveysstrategioiden jatkamisen t\u00e4rkeytt\u00e4.<\/p>\n<p>T\u00e4h\u00e4n menness\u00e4 t\u00e4ll\u00e4 kaudella on todettu miljoonia flunssatapauksia, kymmeni\u00e4 tuhansia sairaalahoitoja ja tuhansia kuolemantapauksia. Esses-numerot vahvistavat tilanteen vakavuutta ja jatkuvan huomion tarvetta. N\u00e4iden tietojen analysointi on v\u00e4ltt\u00e4m\u00e4t\u00f6nt\u00e4 resurssien ja tiedotuskampanjoiden ohjaamiseksi kansallisella tasolla.<\/p>\n<p>Alaluokka K: \u201csuperflunssa\u201d, joka huolestuttaa<\/p>\n<p>Monet viimeaikaisista flunssadiagnooseista on liitetty K-alaryhm\u00e4\u00e4n, H3N2-viruksen muunnelmaan, joka on influenssa A:n alatyyppi. Spesifinen Esta-kanta on osoittanut huolestuttavia ominaisuuksia levi\u00e4misnopeuden ja oireiden voimakkuuden suhteen. Sua nopea levi\u00e4minen my\u00f6t\u00e4vaikuttaa vuonna 2025 rekister\u00f6ityjen tapausten yleiseen kasvuun.<\/p>\n<p>Asiantuntijat ja yleis\u00f6 ovat viitanneet K-alaryhm\u00e4\u00e4n esimerkkin\u00e4 \u201csuperflunssasta\u201d korostaen sen kyky\u00e4 aiheuttaa vakavampia tiloja. Nimikkeist\u00f6 heijastaa k\u00e4sityst\u00e4 aggressiivisemmasta ja ongelmallisemmasta kannasta, joka vaatii enemm\u00e4n huomiota terveysviranomaisilta ja koko v\u00e4est\u00f6lt\u00e4.<\/p>\n<p>Tapausten kasvu San Diego l\u00e4\u00e4niss\u00e4<\/p>\n<p>San Diego:ss\u00e4 flunssatapaukset ja sairaalahoidot ovat nousussa, vaikka paikalliset m\u00e4\u00e4r\u00e4t eiv\u00e4t ole viel\u00e4 saavuttaneet edellisten kausien huippuja. Esta tilanne osoittaa, ett\u00e4 alue alkaa jo alkuresilienssill\u00e4kin tuntea kansallisen aallon vaikutukset. Ennusteet osoittavat, ett\u00e4 ilmaantuvuus voi jatkaa kasvuaan.<\/p>\n<p>L\u00e4\u00e4nin terveysviranomaiset varoittivat vuoden 2025 alussa alhaisista influenssarokotuksista alueella. Essa-huoli perustui mahdollisuuteen, ett\u00e4 nykyisest\u00e4 kaudesta voi tulla yksi viime vuosien haastavimmista, kun otetaan huomioon aggressiivisempien varianttien levikki.<\/p>\n<p>Vaikeiden vuodenaikojen historia<\/p>\n<p>Kuntien varovaisuus on perusteltua alueen l\u00e4hihistorian vuoksi. Edellist\u00e4 flunssakautta vuonna 2024 pidettiin yhten\u00e4 vuosikymmenen vakavimmista San Diego:ss\u00e4. Naquele ajanjaksolla l\u00e4\u00e4nin asukkaiden keskuudessa kirjattiin satoja kuolemantapauksia.<\/p>\n<p>Kauden 2024 uhrien joukossa oli valitettava lasten menetys, mik\u00e4 korosti kaikkien ik\u00e4ryhmien alttiutta taudille. Estes Historialliset tiedot ovat synkk\u00e4 muistutus flunssan riskeist\u00e4 ja vahvistavat jatkuvien ennaltaehk\u00e4isevien toimenpiteiden merkityst\u00e4 vuonna 2025.<\/p>\n<p>Rokotuksen ja ehk\u00e4isevien toimenpiteiden t\u00e4rkeys<\/p>\n<p>Rokotukset ovat edelleen t\u00e4rkein suojakeino influenssaa vastaan, ja on v\u00e4ltt\u00e4m\u00e4t\u00f6nt\u00e4, ett\u00e4 v\u00e4est\u00f6 pyrkii immunisoitumaan. Mesmo Vaikka kausi 2025 on jo k\u00e4ynniss\u00e4, rokotteella voidaan v\u00e4hent\u00e4\u00e4 taudin vakavuutta ja ehk\u00e4ist\u00e4 komplikaatioita. Suoja ei koske vain yksil\u00f6\u00e4 vaan my\u00f6s yhteis\u00f6\u00e4.<\/p>\n<p>In addition to immunization, other hygiene and prevention measures are equally important to contain the spread of the virus. Yksinkertaisten tapojen omaksuminen, kuten usein k\u00e4sien pesu, alkoholigeelin k\u00e4ytt\u00f6 ja suun peitt\u00e4minen yskimisen tai aivastamisen aikana, voi vaikuttaa merkitt\u00e4v\u00e4sti. Evitar v\u00e4kijoukkoja ja suljetut ymp\u00e4rist\u00f6t v\u00e4hent\u00e4v\u00e4t my\u00f6s tartuntariski\u00e4 ja suojelevat haavoittuvimpia v\u00e4est\u00f6ryhmi\u00e4.<\/p>\n<ul>\n<li>Vuosittainen influenssarokotus<\/li>\n<li>S\u00e4\u00e4nn\u00f6llinen k\u00e4sien pesu saippualla ja vedell\u00e4<\/li>\n<li>Alkoholigeelin k\u00e4ytt\u00f6, kun vett\u00e4 ei ole saatavilla<\/li>\n<li>Peit\u00e4 suusi ja nen\u00e4si yskiess\u00e4 tai aivastaessa<\/li>\n<li>V\u00e4lt\u00e4 kasvojen koskettamista<\/li>\n<li>Sosiaalinen et\u00e4isyys oireiden ilmetess\u00e4 tai korkean riskin ymp\u00e4rist\u00f6iss\u00e4<\/li>\n<\/ul>\n<p>N\u00e4kym\u00e4t loppukaudelle<\/p>\n<p>Vuoden 2025 flunssakauden huippua ei ole viel\u00e4 saavutettu monilla alueilla, mukaan lukien San Diego, mik\u00e4 osoittaa, ett\u00e4 huomiota on kiinnitett\u00e4v\u00e4 tulevina kuukausina. Terveysviranomaiset jatkavat tietojen seurantaa ja ohjeiden antamista v\u00e4est\u00f6lle. Kaikkien yhteisty\u00f6 on elint\u00e4rke\u00e4\u00e4 taudin kansanterveydellisten vaikutusten minimoimiseksi.<\/p>\n","protected":false},"excerpt":{"rendered":"Photo: mulher espirrando em len\u00e7o de papel, gripe &#8211; Dragana Gordic\/shutterstock.com Estados Unidos:n kansanterveysskenaariota leimaa edelleen hengitystiesairauksien vallitsevuus,&hellip;\n","protected":false},"author":2,"featured_media":137305,"comment_status":"","ping_status":"","sticky":false,"template":"","format":"standard","meta":{"footnotes":""},"categories":[165],"tags":[33,31,30,166,32,167],"class_list":{"0":"post-137304","1":"post","2":"type-post","3":"status-publish","4":"format-standard","5":"has-post-thumbnail","7":"category-terveys","8":"tag-fi","9":"tag-finland","10":"tag-finnish","11":"tag-health","12":"tag-suomi","13":"tag-terveys"},"share_on_mastodon":{"url":"https:\/\/pubeurope.com\/@fi\/115862864085393985","error":""},"_links":{"self":[{"href":"https:\/\/www.europesays.com\/fi\/wp-json\/wp\/v2\/posts\/137304","targetHints":{"allow":["GET"]}}],"collection":[{"href":"https:\/\/www.europesays.com\/fi\/wp-json\/wp\/v2\/posts"}],"about":[{"href":"https:\/\/www.europesays.com\/fi\/wp-json\/wp\/v2\/types\/post"}],"author":[{"embeddable":true,"href":"https:\/\/www.europesays.com\/fi\/wp-json\/wp\/v2\/users\/2"}],"replies":[{"embeddable":true,"href":"https:\/\/www.europesays.com\/fi\/wp-json\/wp\/v2\/comments?post=137304"}],"version-history":[{"count":0,"href":"https:\/\/www.europesays.com\/fi\/wp-json\/wp\/v2\/posts\/137304\/revisions"}],"wp:featuredmedia":[{"embeddable":true,"href":"https:\/\/www.europesays.com\/fi\/wp-json\/wp\/v2\/media\/137305"}],"wp:attachment":[{"href":"https:\/\/www.europesays.com\/fi\/wp-json\/wp\/v2\/media?parent=137304"}],"wp:term":[{"taxonomy":"category","embeddable":true,"href":"https:\/\/www.europesays.com\/fi\/wp-json\/wp\/v2\/categories?post=137304"},{"taxonomy":"post_tag","embeddable":true,"href":"https:\/\/www.europesays.com\/fi\/wp-json\/wp\/v2\/tags?post=137304"}],"curies":[{"name":"wp","href":"https:\/\/api.w.org\/{rel}","templated":true}]}}