{"id":137319,"date":"2026-01-09T03:11:12","date_gmt":"2026-01-09T03:11:12","guid":{"rendered":"https:\/\/www.europesays.com\/fi\/137319\/"},"modified":"2026-01-09T03:11:12","modified_gmt":"2026-01-09T03:11:12","slug":"salkkareihin-paluun-tehnyt-johanna-puhakka-kuin-olisi-palannut-toiseen-kotiin","status":"publish","type":"post","link":"https:\/\/www.europesays.com\/fi\/137319\/","title":{"rendered":"Salkkareihin paluun tehnyt Johanna Puhakka: &#8221;Kuin olisi palannut toiseen kotiin&#8221;"},"content":{"rendered":"<p><a class=\"sr-only bg-component-bg-color focus:not-sr-only focus:absolute focus:left-0 focus:right-auto focus:top-0 focus:p-200\" href=\"#main\" data-sentry-component=\"SkipToContentLink\" data-sentry-source-file=\"SkipToContentLink.tsx\">Hypp\u00e4\u00e4 p\u00e4\u00e4sis\u00e4lt\u00f6\u00f6n<\/a>Sis\u00e4ll\u00f6t<\/p>\n<ul class=\"flex w-full flex-1 flex-wrap gap-800\">\n<li class=\"block flex-1 flex-nowrap xs:flex-initial\" data-testid=\"site-footer-section-item-component\" data-sentry-component=\"SiteFooterSectionItem\" data-sentry-source-file=\"SiteFooterSectionItem.tsx\">Tomi Einonen<br \/>Vastaava p\u00e4\u00e4toimittaja<\/li>\n<li class=\"block flex-1 flex-nowrap xs:flex-initial\" data-testid=\"site-footer-section-item-component\" data-sentry-component=\"SiteFooterSectionItem\" data-sentry-source-file=\"SiteFooterSectionItem.tsx\">Ilkka Ahtiainen<br \/>Uutisp\u00e4\u00e4toimittaja<\/li>\n<li class=\"block flex-1 flex-nowrap xs:flex-initial\" data-testid=\"site-footer-section-item-component\" data-sentry-component=\"SiteFooterSectionItem\" data-sentry-source-file=\"SiteFooterSectionItem.tsx\">Mona Haapsaari<br \/>Julkaisup\u00e4\u00e4llikk\u00f6<\/li>\n<li class=\"block flex-1 flex-nowrap xs:flex-initial\" data-testid=\"site-footer-section-item-component\" data-sentry-component=\"SiteFooterSectionItem\" data-sentry-source-file=\"SiteFooterSectionItem.tsx\">Teemu Niikko<br \/>Toimitusp\u00e4\u00e4llikk\u00f6, urheilu<\/li>\n<\/ul>\n<p>Liiketoiminta ja kehitys<\/p>\n<ul class=\"flex w-full flex-1 flex-wrap gap-800\">\n<li class=\"block flex-1 flex-nowrap xs:flex-initial\" data-testid=\"site-footer-section-item-component\" data-sentry-component=\"SiteFooterSectionItem\" data-sentry-source-file=\"SiteFooterSectionItem.tsx\">Jaakko Hietanen<br \/>Head of Digital Development<\/li>\n<\/ul>\n<p>MTV Uutiset on sitoutunut noudattamaan Journalistin ohjeita<a class=\"cursor-pointer flex flex-col items-center justify-center\" data-testid=\"Etusivu-navigation-bar-item\" role=\"link\" title=\"Etusivu linkki\" data-sentry-element=\"Link\" data-sentry-component=\"InternalLink\" data-sentry-source-file=\"InternalLink.tsx\" href=\"https:\/\/www.mtvuutiset.fi\/\" rel=\"nofollow noopener\" target=\"_blank\">Etusivu<\/a><a class=\"cursor-pointer flex flex-col items-center justify-center\" data-testid=\"Videot-navigation-bar-item\" role=\"link\" title=\"Videot linkki\" data-sentry-element=\"Link\" data-sentry-component=\"InternalLink\" data-sentry-source-file=\"InternalLink.tsx\" href=\"https:\/\/www.mtvuutiset.fi\/videot\" rel=\"nofollow noopener\" target=\"_blank\">Videot<\/a><a class=\"cursor-pointer flex flex-col items-center justify-center\" data-testid=\"Tuoreimmat-navigation-bar-item\" role=\"link\" title=\"Tuoreimmat linkki\" data-sentry-element=\"Link\" data-sentry-component=\"InternalLink\" data-sentry-source-file=\"InternalLink.tsx\" href=\"https:\/\/www.mtvuutiset.fi\/tuoreimmat\" rel=\"nofollow noopener\" target=\"_blank\">Tuoreimmat<\/a><a class=\"cursor-pointer flex flex-col items-center justify-center\" data-testid=\"Luetuimmat-navigation-bar-item\" role=\"link\" title=\"Luetuimmat linkki\" data-sentry-element=\"Link\" data-sentry-component=\"InternalLink\" data-sentry-source-file=\"InternalLink.tsx\" href=\"https:\/\/www.mtvuutiset.fi\/luetuimmat\" rel=\"nofollow noopener\" target=\"_blank\">Luetuimmat<\/a>OdotaSalkkareihin paluun tehnyt Johanna Puhakka: &#8221;Kuin olisi palannut toiseen kotiin&#8221; | MTV Uutiset6:15<img alt=\"Johanna Puhakka tekee paluun Salkkareihin\" data-testid=\"header-media-video-image\" data-sentry-element=\"Image\" data-sentry-source-file=\"NextImage.tsx\" fetchpriority=\"high\" loading=\"eager\" decoding=\"async\" data-nimg=\"fill\" class=\"transition duration-700 ease-in-out hover:scale-[1.05]\" style=\"position:absolute;height:100%;width:100%;left:0;top:0;right:0;bottom:0;color:transparent;background-size:cover;background-position:50% 50%;background-repeat:no-repeat;background-image:url(&quot;data:image\/svg+xml;base64,Cjxzdmcgd2lkdGg9IjcyMCIgaGVpZ2h0PSI0MDUiIHZlcnNpb249IjEuMSIgeG1sbnM9Imh0dHA6Ly93d3cudzMub3JnLzIwMDAvc3ZnIiB4bWxuczp4bGluaz0iaHR0cDovL3d3dy53My5vcmcvMTk5OS94bGluayI+CiAgPGRlZnM+CiAgICA8bGluZWFyR3JhZGllbnQgaWQ9ImciPgogICAgICA8c3RvcCBzdG9wLWNvbG9yPSIjMEIxODIzIiBvZmZzZXQ9IjIwJSIgLz4KICAgICAgPHN0b3Agc3RvcC1jb2xvcj0iIzFBMjczMiIgb2Zmc2V0PSI1MCUiIC8+CiAgICAgIDxzdG9wIHN0b3AtY29sb3I9IiMwQjE4MjMiIG9mZnNldD0iNzAlIiAvPgogICAgPC9saW5lYXJHcmFkaWVudD4KICA8L2RlZnM+CiAgPHJlY3Qgd2lkdGg9IjcyMCIgaGVpZ2h0PSI0MDUiIGZpbGw9IiMwQjE4MjMiIC8+CiAgPHJlY3QgaWQ9InIiIHdpZHRoPSI3MjAiIGhlaWdodD0iNDA1IiBmaWxsPSJ1cmwoI2cpIiAvPgogIDxhbmltYXRlIHhsaW5rOmhyZWY9IiNyIiBhdHRyaWJ1dGVOYW1lPSJ4IiBmcm9tPSItNzIwIiB0bz0iNzIwIiBkdXI9IjFzIiByZXBlYXRDb3VudD0iaW5kZWZpbml0ZSIgIC8+Cjwvc3ZnPg==&quot;)\"   src=\"https:\/\/www.europesays.com\/fi\/wp-content\/uploads\/2026\/01\/1767928270_120_imageproxy.a2d.tv.jpeg\"\/>Videolla Johanna Puhakka kertoo, millaista arki kahden vilkkaan taaperon kanssa on ja kuinka vanhemmuus on muokannut h\u00e4nt\u00e4. Julkaistu 07.01.2026 20:00<img alt=\"Toimittajan kuva\" data-testid=\"author-image\" data-sentry-element=\"Image\" data-sentry-source-file=\"NextImage.tsx\" fetchpriority=\"low\" loading=\"lazy\" decoding=\"async\" data-nimg=\"fill\" class=\"transition duration-700 ease-in-out hover:scale-[1.05] object-cover\" style=\"position:absolute;height:100%;width:100%;left:0;top:0;right:0;bottom:0;color:transparent;background-size:cover;background-position:50% 50%;background-repeat:no-repeat;background-image:url(&quot;data:image\/svg+xml;base64,Cjxzdmcgd2lkdGg9IjcyMCIgaGVpZ2h0PSI0MDUiIHZlcnNpb249IjEuMSIgeG1sbnM9Imh0dHA6Ly93d3cudzMub3JnLzIwMDAvc3ZnIiB4bWxuczp4bGluaz0iaHR0cDovL3d3dy53My5vcmcvMTk5OS94bGluayI+CiAgPGRlZnM+CiAgICA8bGluZWFyR3JhZGllbnQgaWQ9ImciPgogICAgICA8c3RvcCBzdG9wLWNvbG9yPSIjMEIxODIzIiBvZmZzZXQ9IjIwJSIgLz4KICAgICAgPHN0b3Agc3RvcC1jb2xvcj0iIzFBMjczMiIgb2Zmc2V0PSI1MCUiIC8+CiAgICAgIDxzdG9wIHN0b3AtY29sb3I9IiMwQjE4MjMiIG9mZnNldD0iNzAlIiAvPgogICAgPC9saW5lYXJHcmFkaWVudD4KICA8L2RlZnM+CiAgPHJlY3Qgd2lkdGg9IjcyMCIgaGVpZ2h0PSI0MDUiIGZpbGw9IiMwQjE4MjMiIC8+CiAgPHJlY3QgaWQ9InIiIHdpZHRoPSI3MjAiIGhlaWdodD0iNDA1IiBmaWxsPSJ1cmwoI2cpIiAvPgogIDxhbmltYXRlIHhsaW5rOmhyZWY9IiNyIiBhdHRyaWJ1dGVOYW1lPSJ4IiBmcm9tPSItNzIwIiB0bz0iNzIwIiBkdXI9IjFzIiByZXBlYXRDb3VudD0iaW5kZWZpbml0ZSIgIC8+Cjwvc3ZnPg==&quot;)\"   src=\"https:\/\/www.europesays.com\/fi\/wp-content\/uploads\/2026\/01\/1767928271_572_image.jpeg\"\/><\/p>\n<p><strong class=\"typography-bold\">N\u00e4yttelij\u00e4 Johanna Puhakka teki paluun Salkkareihin.\u00a0<\/strong><\/p>\n<blockquote class=\"space-y-600 rounded-md bg-primary-100 px-600 py-1000 sub-theme-makuja:bg-makuja-100 sub-theme-makuja:text-primary-800 dark:bg-primary-500 sub-theme-makuja:dark:bg-makuja-900 sub-theme-makuja:dark:text-primary-100\">\n<p>Artikkeli on julkaistu ensimm\u00e4isen kerran tammikuussa 2026.<\/p>\n<\/blockquote>\n<p>N\u00e4yttelij\u00e4 <a class=\"cursor-pointer underline\" data-testid=\"internal-link\" role=\"link\" data-sentry-element=\"Link\" data-sentry-component=\"InternalLink\" data-sentry-source-file=\"InternalLink.tsx\" href=\"https:\/\/www.mtvuutiset.fi\/aihe\/johanna-puhakka\/6571746\" rel=\"nofollow noopener\" target=\"_blank\"><strong class=\"typography-bold\">Johanna Puhakka<\/strong><\/a> hypp\u00e4si j\u00e4lleen <a class=\"cursor-pointer underline\" data-testid=\"internal-link\" role=\"link\" data-sentry-element=\"Link\" data-sentry-component=\"InternalLink\" data-sentry-source-file=\"InternalLink.tsx\" href=\"https:\/\/www.mtvuutiset.fi\/aihe\/alissa-nikkinen\/6525214\" rel=\"nofollow noopener\" target=\"_blank\">Alissa Nikkisen<\/a> rooliin <a class=\"cursor-pointer underline\" data-testid=\"internal-link\" role=\"link\" data-sentry-element=\"Link\" data-sentry-component=\"InternalLink\" data-sentry-source-file=\"InternalLink.tsx\" href=\"https:\/\/www.mtvuutiset.fi\/aihe\/salatut-elamat\/2889940\" rel=\"nofollow noopener\" target=\"_blank\">Salatut el\u00e4m\u00e4t<\/a> -sarjassa. Puhakka on n\u00e4hty viimeksi vuonna 2019 Salkkareissa ja sen j\u00e4lkeen <a class=\"cursor-pointer underline\" data-testid=\"internal-link\" role=\"link\" data-sentry-element=\"Link\" data-sentry-component=\"InternalLink\" data-sentry-source-file=\"InternalLink.tsx\" href=\"https:\/\/www.mtvuutiset.fi\/aihe\/rantabaari\/7378654\" rel=\"nofollow noopener\" target=\"_blank\">Rantabaari<\/a>-sarjassa.\u00a0<\/p>\n<p>\u00c4itiyslomalta Alissa Nikkisen saappaisiin hyp\u00e4nnyt Johanna Puhakka kertoo, ett\u00e4 paluu on tuntunut hyv\u00e4lt\u00e4.\u00a0<\/p>\n<p>\u2013 Alissa on ollut taka-alalla nyt parin vuoden ajan, ja itse olen keskittynyt perhe-el\u00e4m\u00e4\u00e4n. T\u00e4m\u00e4 on tuntunut hyv\u00e4lt\u00e4 hetkelt\u00e4 palata. Tuntuu kuin olisi palannut toiseen kotiin, sill\u00e4 t\u00e4\u00e4ll\u00e4 on niin paljon tuttuja t\u00f6iss\u00e4.\u00a0<\/p>\n<p><img alt=\"Sami Uotila ja Johanna Puhakka 2025 kuva1b tiiviimpi versio\" class=\"h-full w-full object-cover transition duration-700 ease-in-out hover:scale-[1.05]\" fetchpriority=\"low\" loading=\"lazy\" width=\"368\" height=\"613\" decoding=\"async\" style=\"color:transparent;background-size:cover;background-position:50% 50%;background-repeat:no-repeat;background-image:url(&quot;data:image\/svg+xml;base64,Cjxzdmcgd2lkdGg9IjM2OCIgaGVpZ2h0PSI2MTMiIHZlcnNpb249IjEuMSIgeG1sbnM9Imh0dHA6Ly93d3cudzMub3JnLzIwMDAvc3ZnIiB4bWxuczp4bGluaz0iaHR0cDovL3d3dy53My5vcmcvMTk5OS94bGluayI+CiAgPGRlZnM+CiAgICA8bGluZWFyR3JhZGllbnQgaWQ9ImciPgogICAgICA8c3RvcCBzdG9wLWNvbG9yPSIjMEIxODIzIiBvZmZzZXQ9IjIwJSIgLz4KICAgICAgPHN0b3Agc3RvcC1jb2xvcj0iIzFBMjczMiIgb2Zmc2V0PSI1MCUiIC8+CiAgICAgIDxzdG9wIHN0b3AtY29sb3I9IiMwQjE4MjMiIG9mZnNldD0iNzAlIiAvPgogICAgPC9saW5lYXJHcmFkaWVudD4KICA8L2RlZnM+CiAgPHJlY3Qgd2lkdGg9IjM2OCIgaGVpZ2h0PSI2MTMiIGZpbGw9IiMwQjE4MjMiIC8+CiAgPHJlY3QgaWQ9InIiIHdpZHRoPSIzNjgiIGhlaWdodD0iNjEzIiBmaWxsPSJ1cmwoI2cpIiAvPgogIDxhbmltYXRlIHhsaW5rOmhyZWY9IiNyIiBhdHRyaWJ1dGVOYW1lPSJ4IiBmcm9tPSItMzY4IiB0bz0iMzY4IiBkdXI9IjFzIiByZXBlYXRDb3VudD0iaW5kZWZpbml0ZSIgIC8+Cjwvc3ZnPg==&quot;)\" src=\"https:\/\/www.europesays.com\/fi\/wp-content\/uploads\/2026\/01\/1767928271_436_image.jpeg\"\/><\/p>\n<p>Alissa Nikkinen (Johanna Puhakka) ja Aki Nikkinen (Sami Uotila) kohtaavat j\u00e4lleen is\u00e4n ja tytt\u00e4ren roolissa.MTV Oy \/ Kimmo Jaatinen<\/p>\n<p>Pian 10 vuotta Alissan roolia tehnyt Puhakka omaksui nopeasti tutun roolihahmonsa. Alkuun h\u00e4nt\u00e4 j\u00e4nnitti, ett\u00e4 pystyyk\u00f6 en\u00e4\u00e4 sis\u00e4ist\u00e4m\u00e4\u00e4n samalla tavalla teksti\u00e4 kuin ennen lasten saamista.\u00a0<\/p>\n<p>\u2013 Mietin, ett\u00e4 onko minun &#8221;\u00e4itiaivoista&#8221; en\u00e4\u00e4 sellaiseen, mutta onneksi se pelko osoittautui nopeasti turhaksi.\u00a0<\/p>\n<p>Puhakka kokee, ett\u00e4 Rantabaarin tapahtumat ovat muokanneet Alissaa ja Salatuissa el\u00e4miss\u00e4 n\u00e4hd\u00e4\u00e4nkin monenlaisilla liemiss\u00e4 keitetty nuori nainen.\u00a0<\/p>\n<p>\u2013 Hahmo on kasvanut vuosien saatossa ja ehk\u00e4 nutturakin on hieman l\u00f6ystynyt siin\u00e4 samassa. Se on mielest\u00e4ni hyv\u00e4 asia, Puhakka kiittelee.<\/p>\n<p>Kaksoisel\u00e4m\u00e4\u00e4<\/p>\n<p>H\u00e4n on el\u00e4nyt hetken aikaa niin sanottua kaksoisel\u00e4m\u00e4\u00e4, sill\u00e4 kuvaukset Salkkareissa alkoivat jo syksyll\u00e4. Sosiaalisen median vaikuttajanakin tunnettu Puhakka jakaa el\u00e4m\u00e4\u00e4ns\u00e4 somessa ja on joutunut piilottelemaan muun muassa seuraajiltaan sarjassa mukanaolon.\u00a0<\/p>\n<p>Televisiossa Alissa n\u00e4htiin ensimm\u00e4isen kerran 5. tammikuuta vuoden ensimm\u00e4isess\u00e4 Salkkarit-jaksossa.\u00a0<\/p>\n<p>H\u00e4n on saanut faneilta tasaiseen tahtiin kyselyj\u00e4 mahdollisesta paluusta sarjaan.\u00a0<\/p>\n<p>\u2013 T\u00e4n\u00e4kin aikana, kun olen jo ollut kuvauksissa, monet ovat kadulla ja erilaisissa tapahtumissa kyselleet, ett\u00e4 voisinko tehd\u00e4 paluun Salkkareihin. Siin\u00e4 on sitten joutunut valehtelemaan jotain ymp\u00e4ripy\u00f6re\u00e4\u00e4, Puhakka naurahtaa.\u00a0<\/p>\n<p><img alt=\"4869 02 alissa\" data-testid=\"crops-image\" class=\"h-full w-full object-cover transition duration-700 ease-in-out hover:scale-[1.05]\" fetchpriority=\"low\" loading=\"lazy\" width=\"1024\" height=\"576\" decoding=\"async\" style=\"color:transparent;background-size:cover;background-position:50% 50%;background-repeat:no-repeat;background-image:url(&quot;data:image\/svg+xml;base64,Cjxzdmcgd2lkdGg9IjEwMjQiIGhlaWdodD0iNTc2IiB2ZXJzaW9uPSIxLjEiIHhtbG5zPSJodHRwOi8vd3d3LnczLm9yZy8yMDAwL3N2ZyIgeG1sbnM6eGxpbms9Imh0dHA6Ly93d3cudzMub3JnLzE5OTkveGxpbmsiPgogIDxkZWZzPgogICAgPGxpbmVhckdyYWRpZW50IGlkPSJnIj4KICAgICAgPHN0b3Agc3RvcC1jb2xvcj0iIzBCMTgyMyIgb2Zmc2V0PSIyMCUiIC8+CiAgICAgIDxzdG9wIHN0b3AtY29sb3I9IiMxQTI3MzIiIG9mZnNldD0iNTAlIiAvPgogICAgICA8c3RvcCBzdG9wLWNvbG9yPSIjMEIxODIzIiBvZmZzZXQ9IjcwJSIgLz4KICAgIDwvbGluZWFyR3JhZGllbnQ+CiAgPC9kZWZzPgogIDxyZWN0IHdpZHRoPSIxMDI0IiBoZWlnaHQ9IjU3NiIgZmlsbD0iIzBCMTgyMyIgLz4KICA8cmVjdCBpZD0iciIgd2lkdGg9IjEwMjQiIGhlaWdodD0iNTc2IiBmaWxsPSJ1cmwoI2cpIiAvPgogIDxhbmltYXRlIHhsaW5rOmhyZWY9IiNyIiBhdHRyaWJ1dGVOYW1lPSJ4IiBmcm9tPSItMTAyNCIgdG89IjEwMjQiIGR1cj0iMXMiIHJlcGVhdENvdW50PSJpbmRlZmluaXRlIiAgLz4KPC9zdmc+&quot;)\" src=\"https:\/\/www.europesays.com\/fi\/wp-content\/uploads\/2026\/01\/1767928272_425_image.jpeg\"\/>Alissa Nikkisen paluu n\u00e4htiin vuoden ensimm\u00e4isess\u00e4 Salkkarit-jaksossa.<\/p>\n<p>Ehdotus sarjaan paluusta tuli viime kev\u00e4\u00e4n\u00e4 tuotannolta.\u00a0<\/p>\n<p>\u2013 Siin\u00e4 kohtaa olin saanut jo nauttia perhe-el\u00e4m\u00e4st\u00e4 ja \u00e4itiyslomasta, joten se ehdotus tuli hyv\u00e4\u00e4n paikkaan. Puhuimme asiasta kotona, mutta aika nopeasti ilmoitin, ett\u00e4 tulen.\u00a0<\/p>\n<p>My\u00f6s puoliso <strong class=\"typography-bold\">Samuel Glassar<\/strong> oli innoissaan Puhakan t\u00f6ihin paluusta.\u00a0<\/p>\n<p>\u2013\u00a0Se, ett\u00e4 t\u00e4ss\u00e4 maailman tilanteessa on ylip\u00e4\u00e4t\u00e4\u00e4n tarjolla n\u00e4yttelij\u00e4n t\u00f6it\u00e4, on harvinaista. Joten t\u00e4m\u00e4 on mielett\u00f6m\u00e4n hieno mahdollisuus. Samuel sai puolestaan j\u00e4\u00e4d\u00e4 lasten kanssa kotiin.\u00a0<\/p>\n<p>Puhakka ja Glassar saivat kaksospojat hein\u00e4kuussa 2024. Pojat ovat pian puolitoistavuotiaita.\u00a0<\/p>\n<p>\u2013 Minusta tuntuu, ett\u00e4 he eiv\u00e4t viel\u00e4 oikein ymm\u00e4rr\u00e4 sit\u00e4, ett\u00e4 olen t\u00f6iss\u00e4. En my\u00f6sk\u00e4\u00e4n joudu olemaan liian pitki\u00e4 aikoja pois heid\u00e4n luotaan, mik\u00e4 on ihanaa. Itsell\u00e4ni on sellainen fiilis, ett\u00e4 ty\u00f6 ja vanhemmuus ovat t\u00e4ll\u00e4 hetkell\u00e4 todella hyv\u00e4ss\u00e4 balansissa.\u00a0<\/p>\n<p>Videolla Johanna Puhakka kertoo, millaista arki kahden vilkkaan taaperon kanssa on! Katso yll\u00e4 oleva video!<\/p>\n<p><strong class=\"typography-bold\">Salatut el\u00e4m\u00e4t<\/strong><strong class=\"typography-bold\">\u00a0ma-to\u00a0<\/strong><a class=\"underline\" data-testid=\"external-link\" href=\"http:\/\/mtv.fi\/\" rel=\"noopener noreferrer nofollow\" target=\"_blank\" data-sentry-component=\"ExternalLink\" data-sentry-source-file=\"ExternalLink.tsx\"><strong class=\"typography-bold\">MTV Katsomossa<\/strong><\/a><strong class=\"typography-bold\">\u00a0ja klo 19.30 MTV3-kanavalla.\u00a0<\/strong><img alt=\"Toimittajan kuva\" data-testid=\"author-image\" data-sentry-element=\"Image\" data-sentry-source-file=\"NextImage.tsx\" fetchpriority=\"low\" loading=\"lazy\" decoding=\"async\" data-nimg=\"fill\" class=\"transition duration-700 ease-in-out hover:scale-[1.05] object-cover\" style=\"position:absolute;height:100%;width:100%;left:0;top:0;right:0;bottom:0;color:transparent;background-size:cover;background-position:50% 50%;background-repeat:no-repeat;background-image:url(&quot;data:image\/svg+xml;base64,Cjxzdmcgd2lkdGg9IjcyMCIgaGVpZ2h0PSI0MDUiIHZlcnNpb249IjEuMSIgeG1sbnM9Imh0dHA6Ly93d3cudzMub3JnLzIwMDAvc3ZnIiB4bWxuczp4bGluaz0iaHR0cDovL3d3dy53My5vcmcvMTk5OS94bGluayI+CiAgPGRlZnM+CiAgICA8bGluZWFyR3JhZGllbnQgaWQ9ImciPgogICAgICA8c3RvcCBzdG9wLWNvbG9yPSIjMEIxODIzIiBvZmZzZXQ9IjIwJSIgLz4KICAgICAgPHN0b3Agc3RvcC1jb2xvcj0iIzFBMjczMiIgb2Zmc2V0PSI1MCUiIC8+CiAgICAgIDxzdG9wIHN0b3AtY29sb3I9IiMwQjE4MjMiIG9mZnNldD0iNzAlIiAvPgogICAgPC9saW5lYXJHcmFkaWVudD4KICA8L2RlZnM+CiAgPHJlY3Qgd2lkdGg9IjcyMCIgaGVpZ2h0PSI0MDUiIGZpbGw9IiMwQjE4MjMiIC8+CiAgPHJlY3QgaWQ9InIiIHdpZHRoPSI3MjAiIGhlaWdodD0iNDA1IiBmaWxsPSJ1cmwoI2cpIiAvPgogIDxhbmltYXRlIHhsaW5rOmhyZWY9IiNyIiBhdHRyaWJ1dGVOYW1lPSJ4IiBmcm9tPSItNzIwIiB0bz0iNzIwIiBkdXI9IjFzIiByZXBlYXRDb3VudD0iaW5kZWZpbml0ZSIgIC8+Cjwvc3ZnPg==&quot;)\"   src=\"https:\/\/www.europesays.com\/fi\/wp-content\/uploads\/2026\/01\/1767928271_572_image.jpeg\"\/><\/p>\n<p>Rebeca Romero ty\u00f6skentelee MTV Uutisissa apulaistuottajana. H\u00e4n suunnittelee ja toteuttaa viihdemaailmaan ja tv-ohjelmiin liittyvi\u00e4 journalistisia sis\u00e4lt\u00f6j\u00e4.\u00a0<\/p>\n","protected":false},"excerpt":{"rendered":"Hypp\u00e4\u00e4 p\u00e4\u00e4sis\u00e4lt\u00f6\u00f6nSis\u00e4ll\u00f6t Tomi EinonenVastaava p\u00e4\u00e4toimittaja Ilkka AhtiainenUutisp\u00e4\u00e4toimittaja Mona HaapsaariJulkaisup\u00e4\u00e4llikk\u00f6 Teemu NiikkoToimitusp\u00e4\u00e4llikk\u00f6, urheilu Liiketoiminta ja kehitys Jaakko HietanenHead of&hellip;\n","protected":false},"author":2,"featured_media":137320,"comment_status":"","ping_status":"","sticky":false,"template":"","format":"standard","meta":{"footnotes":""},"categories":[133],"tags":[137,33,31,30,32,206,156,109],"class_list":{"0":"post-137319","1":"post","2":"type-post","3":"status-publish","4":"format-standard","5":"has-post-thumbnail","7":"category-televisiot","8":"tag-entertainment","9":"tag-fi","10":"tag-finland","11":"tag-finnish","12":"tag-suomi","13":"tag-televisiot","14":"tag-tv","15":"tag-viihde"},"share_on_mastodon":{"url":"https:\/\/pubeurope.com\/@fi\/115862954499019285","error":""},"_links":{"self":[{"href":"https:\/\/www.europesays.com\/fi\/wp-json\/wp\/v2\/posts\/137319","targetHints":{"allow":["GET"]}}],"collection":[{"href":"https:\/\/www.europesays.com\/fi\/wp-json\/wp\/v2\/posts"}],"about":[{"href":"https:\/\/www.europesays.com\/fi\/wp-json\/wp\/v2\/types\/post"}],"author":[{"embeddable":true,"href":"https:\/\/www.europesays.com\/fi\/wp-json\/wp\/v2\/users\/2"}],"replies":[{"embeddable":true,"href":"https:\/\/www.europesays.com\/fi\/wp-json\/wp\/v2\/comments?post=137319"}],"version-history":[{"count":0,"href":"https:\/\/www.europesays.com\/fi\/wp-json\/wp\/v2\/posts\/137319\/revisions"}],"wp:featuredmedia":[{"embeddable":true,"href":"https:\/\/www.europesays.com\/fi\/wp-json\/wp\/v2\/media\/137320"}],"wp:attachment":[{"href":"https:\/\/www.europesays.com\/fi\/wp-json\/wp\/v2\/media?parent=137319"}],"wp:term":[{"taxonomy":"category","embeddable":true,"href":"https:\/\/www.europesays.com\/fi\/wp-json\/wp\/v2\/categories?post=137319"},{"taxonomy":"post_tag","embeddable":true,"href":"https:\/\/www.europesays.com\/fi\/wp-json\/wp\/v2\/tags?post=137319"}],"curies":[{"name":"wp","href":"https:\/\/api.w.org\/{rel}","templated":true}]}}