{"id":137335,"date":"2026-01-09T03:34:08","date_gmt":"2026-01-09T03:34:08","guid":{"rendered":"https:\/\/www.europesays.com\/fi\/137335\/"},"modified":"2026-01-09T03:34:08","modified_gmt":"2026-01-09T03:34:08","slug":"anna-anni-ja-ilkka-ihamaen-saastovinkit-lapsiperhearjessa","status":"publish","type":"post","link":"https:\/\/www.europesays.com\/fi\/137335\/","title":{"rendered":"Anna: Anni ja Ilkka Iham\u00e4en s\u00e4\u00e4st\u00f6vinkit lapsiperhearjessa"},"content":{"rendered":"<p>            Timo Korhonen\n        <\/p>\n<p class=\"subtitle \">Sanotaan, ett\u00e4 sentti on miljoonan alku, ja Ilkka vaikuttaa noudattavan t\u00e4t\u00e4 vanhaa sananlaskua arkiel\u00e4m\u00e4ss\u00e4\u00e4n.<\/p>\n<p class=\"article-content article-content-width !bg-background\">Juontaja  ja muusikko  py\u00f6ritt\u00e4v\u00e4t kiireist\u00e4 lapsiperhearkea kolmen lapsen kanssa.<\/p>\n<p class=\"article-content article-content-width !bg-background\">Perhe-el\u00e4m\u00e4\u00e4n saa kulumaan vain arjessa sievoisen summan rahaa. Ilkka paljastaakin tuoreessa <a href=\"https:\/\/anna.fi\/ihmiset\/ilkka-ihamaen-kulutusvalinnat\" target=\"_blank\" rel=\"nofollow noopener\">Anna-lehden haastattelussa<\/a> menev\u00e4ns\u00e4 kaikessa hinta edell\u00e4, vaikkei h\u00e4nen todellisuudessa tarvitsisi tarkistaa kaikkia kilohintoja kaupassa.<\/p>\n<p class=\"article-content article-content-width !bg-background\"> \u2013\u00a0Kilohinnat ovat sit\u00e4 luokkaa, etten kovin usein raaski ostaa kalaa tiskist\u00e4. Saan aina ihmeellisen mielihyv\u00e4n tunteen, kun l\u00f6yd\u00e4n hyvi\u00e4 punalaputettuja tuotteita. Vaikkei s\u00e4\u00e4stetty 70 sentti\u00e4 ratkaisisi taloutta, sill\u00e4 on psykologinen vaikutus, Ilkka kertoo haastattelussa.\u00a0<\/p>\n<p>        <a itemprop=\"url\" href=\"https:\/\/www.seiska.fi\/kotimaa\/oho-anni-ihamaki-paparazzattiin-vahingossa-poikkeuksellinen-syy-salakuvalle\/1987508\" rel=\"nofollow noopener\" target=\"_blank\"><\/p>\n<p>\nPaparazzattiin vahingossa!\n<\/p>\n<p class=\"section-date\">\n        <strong class=\"article-section\" data-section=\"kotimaa\"><br \/>\n            kotimaa<br \/>\n        <\/strong><br \/>\n        8.11.2025 10:30\n    <\/p>\n<p>Oho! Anni Iham\u00e4ki paparazzattiin vahingossa \u2013 poikkeuksellinen syy salakuvalle\n    <\/p>\n<p itemprop=\"description\" class=\"subtitle \">\n    Anni Iham\u00e4est\u00e4 otettiin salakuva erikoisesta syyst\u00e4.\n<\/p>\n<p>        <\/a><\/p>\n<p class=\"article-content article-content-width !bg-background\">Ilkka kertoo k\u00e4yv\u00e4ns\u00e4 kerran viikossa ostamassa isot ruokaostokset ja suosivansa arkiruoassa keittoja, laatikoita ja kiusauksia, joista koko perhe sy\u00f6 monta p\u00e4iv\u00e4\u00e4.<\/p>\n<p class=\"article-content article-content-width !bg-background\"> \u2013 Eiliset ruokaostokseni maksoivat 70 euroa, ja sain tarpeet useampaan ruokaan ja paljon vihanneksia, Ilkka sanoo.<\/p>\n<p>\u00adYl\u00e4asteella hankittu takki kelpaa<\/p>\n<p class=\"article-content article-content-width !bg-background\">Sanotaan kuitenkin, ett\u00e4 sentti on miljoonan alku. Ilkka kertoo oppineensa rahank\u00e4yt\u00f6st\u00e4 sen, ett\u00e4 aina on oltava s\u00e4\u00e4st\u00f6j\u00e4 pahan p\u00e4iv\u00e4n varalle. H\u00e4n ei my\u00f6sk\u00e4\u00e4n tee her\u00e4teostoksia tai t\u00f6rs\u00e4ile turhuuksiin.<\/p>\n<p class=\"article-content article-content-width !bg-background\"> \u2013\u00a0Polkupy\u00f6r\u00e4ni on yli 20 vuotta vanha, ja olen siit\u00e4 enemm\u00e4n fiiliksiss\u00e4 kuin olisin upouudesta py\u00f6r\u00e4st\u00e4. Autollani on ajettu kohta 300 000 kilometri\u00e4. Joku olisi varmasti jo vaihtanut uudempaan, mutta min\u00e4 olen tyytyv\u00e4inen, koska auto toimii ihan hyvin. Eilen ulkoilin lasten kanssa vanhassa jenkkiarmeijan takissa, jonka olen hankkinut yl\u00e4asteella, ja t\u00e4ll\u00e4kin hetkell\u00e4 jalassani on farkut, jotka \u00e4iti on parsinut haaroista, Ilkka luettelee haastattelussa.<\/p>\n<p>        <a itemprop=\"url\" href=\"https:\/\/www.seiska.fi\/kotimaa\/anni-ja-ilkka-ihamaki-viettavat-suurta-merkkipaivaansa\/1900406\" rel=\"nofollow noopener\" target=\"_blank\"><\/p>\n<p>\nAnni Iham\u00e4ki!\n<\/p>\n<p class=\"section-date\">\n        <strong class=\"article-section\" data-section=\"kotimaa\"><br \/>\n            kotimaa<br \/>\n        <\/strong><br \/>\n        14.8.2025 19:30\n    <\/p>\n<p>Anni ja Ilkka Iham\u00e4ki viett\u00e4v\u00e4t suurta merkkip\u00e4iv\u00e4\u00e4ns\u00e4\n    <\/p>\n<p itemprop=\"description\" class=\"subtitle \">\n    Anni Iham\u00e4ki julkaisi sosiaalisessa mediassa rakkauden t\u00e4yteisen p\u00e4ivityksen.\n<\/p>\n<p>        <\/a><\/p>\n<p class=\"article-content article-content-width !bg-background\"> Iham\u00e4kien ei todella v\u00e4ltt\u00e4m\u00e4tt\u00e4 tarvitsisi mets\u00e4st\u00e4\u00e4 punalapputuotteita. Seiska uutisoi taannoin, ett\u00e4 Annin yritys Meibijees ker\u00e4si vuonna 2023 liikevaihtoa 397 000 euroa, josta j\u00e4i viivan alle 94 000 euroa voittoa. Tuolloin yhti\u00f6ll\u00e4 oli henkil\u00f6st\u00f6kuluja 160 000 euron edest\u00e4. <\/p>\n<p>        <a itemprop=\"url\" href=\"https:\/\/www.seiska.fi\/kotimaa\/seiska-selvitti-talta-nayttavat-anni-ihamaen-firman-raha-asiat-erikoiset-jarjestelyt-paljastuivat\/1537695\" rel=\"nofollow noopener\" target=\"_blank\"><\/p>\n<p class=\"section-date\">\n        <strong class=\"article-section\" data-section=\"kotimaa\"><br \/>\n            kotimaa<br \/>\n        <\/strong><br \/>\n        29.11.2024 16:00\n    <\/p>\n<p>Seiska selvitti: T\u00e4lt\u00e4 n\u00e4ytt\u00e4v\u00e4t Anni Iham\u00e4en firman raha-asiat \u2013 erikoiset j\u00e4rjestelyt paljastuivat\n    <\/p>\n<p itemprop=\"description\" class=\"subtitle \">\n    Annin bisneksen taustalla vaikuttaa my\u00f6s h\u00e4nen ex-miehens\u00e4, vaikka erosta on jo vuosia aikaa.\n<\/p>\n<p>        <\/a><\/p>\n","protected":false},"excerpt":{"rendered":"Timo Korhonen Sanotaan, ett\u00e4 sentti on miljoonan alku, ja Ilkka vaikuttaa noudattavan t\u00e4t\u00e4 vanhaa sananlaskua arkiel\u00e4m\u00e4ss\u00e4\u00e4n. Juontaja ja&hellip;\n","protected":false},"author":2,"featured_media":137336,"comment_status":"","ping_status":"","sticky":false,"template":"","format":"standard","meta":{"footnotes":""},"categories":[136],"tags":[1239,407,137,33,31,30,1234,408,3295,1240,18504,13588,32,109],"class_list":{"0":"post-137335","1":"post","2":"type-post","3":"status-publish","4":"format-standard","5":"has-post-thumbnail","7":"category-julkkikset","8":"tag-anni-ihamaki","9":"tag-celebrities","10":"tag-entertainment","11":"tag-fi","12":"tag-finland","13":"tag-finnish","14":"tag-ilkka-ihamaki","15":"tag-julkkikset","16":"tag-perhe-elama","17":"tag-raha","18":"tag-ruokaostokset","19":"tag-saastaminen","20":"tag-suomi","21":"tag-viihde"},"share_on_mastodon":{"url":"https:\/\/pubeurope.com\/@fi\/115863044940212276","error":""},"_links":{"self":[{"href":"https:\/\/www.europesays.com\/fi\/wp-json\/wp\/v2\/posts\/137335","targetHints":{"allow":["GET"]}}],"collection":[{"href":"https:\/\/www.europesays.com\/fi\/wp-json\/wp\/v2\/posts"}],"about":[{"href":"https:\/\/www.europesays.com\/fi\/wp-json\/wp\/v2\/types\/post"}],"author":[{"embeddable":true,"href":"https:\/\/www.europesays.com\/fi\/wp-json\/wp\/v2\/users\/2"}],"replies":[{"embeddable":true,"href":"https:\/\/www.europesays.com\/fi\/wp-json\/wp\/v2\/comments?post=137335"}],"version-history":[{"count":0,"href":"https:\/\/www.europesays.com\/fi\/wp-json\/wp\/v2\/posts\/137335\/revisions"}],"wp:featuredmedia":[{"embeddable":true,"href":"https:\/\/www.europesays.com\/fi\/wp-json\/wp\/v2\/media\/137336"}],"wp:attachment":[{"href":"https:\/\/www.europesays.com\/fi\/wp-json\/wp\/v2\/media?parent=137335"}],"wp:term":[{"taxonomy":"category","embeddable":true,"href":"https:\/\/www.europesays.com\/fi\/wp-json\/wp\/v2\/categories?post=137335"},{"taxonomy":"post_tag","embeddable":true,"href":"https:\/\/www.europesays.com\/fi\/wp-json\/wp\/v2\/tags?post=137335"}],"curies":[{"name":"wp","href":"https:\/\/api.w.org\/{rel}","templated":true}]}}