{"id":137382,"date":"2026-01-09T04:52:09","date_gmt":"2026-01-09T04:52:09","guid":{"rendered":"https:\/\/www.europesays.com\/fi\/137382\/"},"modified":"2026-01-09T04:52:09","modified_gmt":"2026-01-09T04:52:09","slug":"eila-roine-haudataan-tanaan-tassa-esiintyja","status":"publish","type":"post","link":"https:\/\/www.europesays.com\/fi\/137382\/","title":{"rendered":"Eila Roine haudataan t\u00e4n\u00e4\u00e4n \u2013 T\u00e4ss\u00e4 esiintyj\u00e4"},"content":{"rendered":"<p>Eila Roineen hautajaiset j\u00e4rjestet\u00e4\u00e4n t\u00e4n\u00e4\u00e4n 9. tammikuuta Tampereella.<\/p>\n<p class=\"paragraph\">N\u00e4yttelij\u00e4 ja teatterineuvos <strong>Eila Roine<\/strong> siunataan haudan lepoon t\u00e4n\u00e4\u00e4n 9. tammikuuta Tampereen Tuomiokirkossa.<\/p>\n<p class=\"paragraph\">Roineen poika <strong>Janne Auvinen<\/strong> kertoo Iltalehdelle, ett\u00e4 kirkossa n\u00e4hd\u00e4\u00e4n yksi esiintyj\u00e4: kansainv\u00e4lisesti palkittu Euga-mieskuoro.<\/p>\n<p class=\"paragraph\">\u2013 Se on meid\u00e4n suosikkikuoromme. Poikamme laulaa siin\u00e4, Auvinen kertoo.<\/p>\n<p class=\"paragraph\">Euga on palkittu muun muassa kahdella kultaleimalla Tampereen S\u00e4veless\u00e4 vuonna 2013. Samana vuonna kuoro sijoittui ensimm\u00e4iseksi Cornwallin kansainv\u00e4lisess\u00e4 mieskuorokilpailussa alle 40 laulajan sarjassa.<\/p>\n<p class=\"paragraph\">Eugan esiintymisen lis\u00e4ksi hautajaisissa soitetaan Auvisen mukaan my\u00f6s muun muassa s\u00e4velt\u00e4j\u00e4 <strong>Johann Sebastian Bachin<\/strong> musiikkia ja Roineen lempivirsi\u00e4.<\/p>\n<p><img decoding=\"async\" class=\"image image-show image-preview\" src=\"https:\/\/www.europesays.com\/fi\/wp-content\/uploads\/2026\/01\/645c5365c6370c393300104b9bc696cc0d3006954e6c326448de6aebe1c2e951.jpg\" alt=\"\"\/><img decoding=\"async\" class=\"image image-show\" src=\"https:\/\/www.europesays.com\/fi\/wp-content\/uploads\/2026\/01\/1767934329_191_645c5365c6370c393300104b9bc696cc0d3006954e6c326448de6aebe1c2e951.jpg\" alt=\"\"\/><\/p>\n<p>Eila Roineen hautajaisissa esiintyy Euga-mieskuoro. Minna Jalovaara<\/p>\n<p class=\"paragraph\">Auvisen mukaan lis\u00e4\u00e4 esityksi\u00e4 n\u00e4hd\u00e4\u00e4n muistotilaisuudessa, joka pidet\u00e4\u00e4n omaisten ja ty\u00f6kavereiden kesken.<\/p>\n<p class=\"paragraph\">\u2013 Muistotilaisuudessa esiintyy n\u00e4yttelij\u00f6it\u00e4 ja yst\u00e4vi\u00e4. Siell\u00e4 on ik\u00e4\u00e4n kuin open mic, eli siell\u00e4 voi olla esiintyjin\u00e4 ihan ket\u00e4 tahansa, mutta muutama n\u00e4yttelij\u00e4 on jo ennalta sovittu, Auvinen sanoo.<\/p>\n<p class=\"paragraph\">Auvinen ei halua paljastaa esiintyvien n\u00e4yttelij\u00f6iden nimi\u00e4, sill\u00e4 he saapuvat muistotilaisuuteen \u201dyksityishenkil\u00f6in\u00e4\u201d.<\/p>\n<p class=\"paragraph\">Aiemmin Auvinen kertoi <a href=\"https:\/\/www.iltalehti.fi\/viihdeuutiset\/6a5157ab-a066-4dc3-86d6-d030e1087704\" rel=\"nofollow noopener\" target=\"_blank\">Iltalehdelle<\/a> perheen pyyt\u00e4v\u00e4n, etteiv\u00e4t vieraat toisi tilaisuuteen kukkalaitteita, vaan yksi kukka riitt\u00e4\u00e4. Auvisen mukaan kyseinen toive ei ole muuttunut.<\/p>\n<p class=\"paragraph\">Auvisen mukaan perhe p\u00e4\u00e4tt\u00e4\u00e4 my\u00f6hemmin hautajaisten j\u00e4lkeen, mill\u00e4 muulla tavalla vieraat voivat kunnioittaa Eilan muistoa.<\/p>\n<p>Janne Auvisen mukaan perhe toivoo, etteiv\u00e4t vieraat toisi Eila Roineen hautajaisiin kukkalaitteita. Karoliina Vuorenm\u00e4ki<\/p>\n<p class=\"paragraph\">Auvinen perusteli aiemmin perheen toivetta <a href=\"https:\/\/www.iltalehti.fi\/viihdeuutiset\/6a5157ab-a066-4dc3-86d6-d030e1087704\" rel=\"nofollow noopener\" target=\"_blank\">Iltalehdelle<\/a> sill\u00e4, ett\u00e4 hautajaisiin on varattu kaksi tuntia aikaa. T\u00e4st\u00e4 syyst\u00e4 he poikkeavat perinteest\u00e4 sen verran, ett\u00e4 tilaisuudessa pyrit\u00e4\u00e4n v\u00e4ltt\u00e4m\u00e4\u00e4n pitki\u00e4 kukkajonoja eik\u00e4 pidet\u00e4 puheita.<\/p>\n<p class=\"paragraph\">Lis\u00e4ksi Auvinen kertoi, etteiv\u00e4t he erikseen kutsu ket\u00e4\u00e4n Roineen hautajaisiin, vaan paikalle ovat tervetulleita kaikki halukkaat. Auvisen mukaan hautajaisista on tulossa kauniit ja juuri sellaiset kuin h\u00e4nen \u00e4itins\u00e4 toivoi.<\/p>\n<p class=\"paragraph\">\u2013 Sellaiset, joissa puhutaan v\u00e4h\u00e4n, ollaan kaikki yhdess\u00e4 ja muistellaan onnellisina. Ei sen ihmeellisempi\u00e4, h\u00e4n kertoi tuolloin.<\/p>\n<p class=\"paragraph\">Roine <a href=\"https:\/\/www.iltalehti.fi\/tv-ja-leffat\/897394db-fc0e-4eff-a267-d0260f532263\" rel=\"nofollow noopener\" target=\"_blank\">kuoli<\/a> 94-vuotiaana aamulla 8. joulukuuta. Tuolloin Auvinen kertoi Iltalehdelle, ettei \u00e4idin kuolema tullut yll\u00e4tyksen\u00e4.<\/p>\n<p class=\"paragraph\">\u2013 H\u00e4n oli hirmuvanha. H\u00e4nell\u00e4 oli vanhat vaivat, ei mit\u00e4\u00e4n sen erityist\u00e4, Auvinen sanoi.<\/p>\n<p class=\"paragraph\">\u2013 H\u00e4n oli viimeisen viikon saattohoidossa ja sai unessa siirty\u00e4 muistoihin, kuten h\u00e4n itse halusi ja toivoi, h\u00e4n lis\u00e4si.<\/p>\n<p class=\"paragraph\">Roine asui viimeiset vuotensa tamperelaisessa hoivakodissa. Roine tunnettiin muun muassa Pikku Kakkonen -lastenohjelman Eila-mummina.<\/p>\n<p>Eila Roine ilahdutti monia lapsia Eila-mummina -lastenohjelmassa.  Minna Jalovaara<\/p>\n","protected":false},"excerpt":{"rendered":"Eila Roineen hautajaiset j\u00e4rjestet\u00e4\u00e4n t\u00e4n\u00e4\u00e4n 9. tammikuuta Tampereella. N\u00e4yttelij\u00e4 ja teatterineuvos Eila Roine siunataan haudan lepoon t\u00e4n\u00e4\u00e4n 9.&hellip;\n","protected":false},"author":2,"featured_media":127711,"comment_status":"","ping_status":"","sticky":false,"template":"","format":"standard","meta":{"footnotes":""},"categories":[136],"tags":[35,407,137,33,31,30,101,408,99,100,47,98,32,109],"class_list":{"0":"post-137382","1":"post","2":"type-post","3":"status-publish","4":"format-standard","5":"has-post-thumbnail","7":"category-julkkikset","8":"tag-24h","9":"tag-celebrities","10":"tag-entertainment","11":"tag-fi","12":"tag-finland","13":"tag-finnish","14":"tag-ihmissuhteet","15":"tag-julkkikset","16":"tag-lapset","17":"tag-lapset-ja-nuoret","18":"tag-musiikki","19":"tag-perhe","20":"tag-suomi","21":"tag-viihde"},"share_on_mastodon":{"url":"https:\/\/pubeurope.com\/@fi\/115863351661537507","error":""},"_links":{"self":[{"href":"https:\/\/www.europesays.com\/fi\/wp-json\/wp\/v2\/posts\/137382","targetHints":{"allow":["GET"]}}],"collection":[{"href":"https:\/\/www.europesays.com\/fi\/wp-json\/wp\/v2\/posts"}],"about":[{"href":"https:\/\/www.europesays.com\/fi\/wp-json\/wp\/v2\/types\/post"}],"author":[{"embeddable":true,"href":"https:\/\/www.europesays.com\/fi\/wp-json\/wp\/v2\/users\/2"}],"replies":[{"embeddable":true,"href":"https:\/\/www.europesays.com\/fi\/wp-json\/wp\/v2\/comments?post=137382"}],"version-history":[{"count":0,"href":"https:\/\/www.europesays.com\/fi\/wp-json\/wp\/v2\/posts\/137382\/revisions"}],"wp:featuredmedia":[{"embeddable":true,"href":"https:\/\/www.europesays.com\/fi\/wp-json\/wp\/v2\/media\/127711"}],"wp:attachment":[{"href":"https:\/\/www.europesays.com\/fi\/wp-json\/wp\/v2\/media?parent=137382"}],"wp:term":[{"taxonomy":"category","embeddable":true,"href":"https:\/\/www.europesays.com\/fi\/wp-json\/wp\/v2\/categories?post=137382"},{"taxonomy":"post_tag","embeddable":true,"href":"https:\/\/www.europesays.com\/fi\/wp-json\/wp\/v2\/tags?post=137382"}],"curies":[{"name":"wp","href":"https:\/\/api.w.org\/{rel}","templated":true}]}}