{"id":137383,"date":"2026-01-09T04:59:09","date_gmt":"2026-01-09T04:59:09","guid":{"rendered":"https:\/\/www.europesays.com\/fi\/137383\/"},"modified":"2026-01-09T04:59:09","modified_gmt":"2026-01-09T04:59:09","slug":"slovakian-jaakiekkojoukkue-milano-cortinan-2026-talviolympialaisissa","status":"publish","type":"post","link":"https:\/\/www.europesays.com\/fi\/137383\/","title":{"rendered":"Slovakian j\u00e4\u00e4kiekkojoukkue Milano-Cortinan 2026 talviolympialaisissa"},"content":{"rendered":"<p>Slovakia julkaisi Milano-Cortinan 2026 talviolympialaisten miesten j\u00e4\u00e4kiekkojoukkueensa torstaina. Ryhm\u00e4\u00e4 t\u00e4hditt\u00e4v\u00e4t Montreal Canadiensin hy\u00f6kk\u00e4\u00e4j\u00e4 Juraj Slafkovsky ja New Jersey Devilsin puolustaja Simon Nemec.<\/p>\n<p>Slovakia voitti pronssia Pekingin olympialaisissa 2022. NHL-pelaajat osallistuvat t\u00e4n\u00e4 vuonna talviolympialaisiin ensimm\u00e4ist\u00e4 kertaa vuoden 2014 j\u00e4lkeen.<\/p>\n<p>Olympiaturnaukseen osallistuu 12 joukkuetta. Kaikki joukkueet pelaavat kolme alkulohko-ottelua. Kaikki kolme lohkovoittajaa ja paras toiseksi sijoittunut joukkue p\u00e4\u00e4sev\u00e4t suoraan puoliv\u00e4lieriin. Muut kahdeksan joukkuetta pelaavat yksitt\u00e4iset ottelut puoliv\u00e4lieriin p\u00e4\u00e4syst\u00e4.<\/p>\n<p>J\u00e4\u00e4kiekon olympiavoitto ratkeaa 22. helmikuuta pelattavassa loppuottelussa.<\/p>\n<p>B-lohkossa pelava Slovakia aloittaa kisaurakkansa Suomea vastaan pelattavalla ottelulla 11. helmikuuta. Sen j\u00e4lkeen slovakit kohtaavat Italian (13.2.) ja Ruotsin (14.2.).<\/p>\n<p>Seuraavassa on esitelty Slovakian olympiajoukkueen kokoonpano (aakkosj\u00e4rjestyksess\u00e4) NHL.comin laatimien yhteenvetojen kera.<\/p>\n<p><strong>HY\u00d6KK\u00c4\u00c4J\u00c4T (14)<\/strong><br \/>Peter Cehlarik, Leksands IF<br \/>Dalibor Dvorsky, St. Louis Blues<br \/>Marek Hrivik, Vitkovice Ridera<br \/>Libor Hudacek, Ocelari Trinec<br \/>Milos Kelemen, Dynamo Pardubice<br \/>Adam Liska, Severstal Tsherepovets<br \/>Oliver Okuliar, Skellefte\u00e5 AIK<br \/>Martin Pospisil, Calgary Flames<br \/>Pavol Regenda San Jose Sharks<br \/>Adam Ruzicka, Spartak Moskova<br \/>Juraj Slafkovsky, Montreal Canadiens<br \/>Matus Sukel, Verva Litvinov<br \/>Samuel Takac, Slovan Bratislava<br \/>Tomas Tatar, EV Zug<\/p>\n<p>Hy\u00f6kk\u00e4ys rakentuu vuoden 2022 NHL Draftissa ykk\u00f6sen\u00e4 varatun Slafkovskyn ymp\u00e4rille. H\u00e4n pelasi 17-vuotiaana erinomaisen olympialaiset Pekingiss\u00e4 2022, jolloin h\u00e4n auttoi slovakit pronssille ja pokkasi turnauksen arvokkaimman pelaajan palkinnon. NHL-pelaajat eiv\u00e4t olleet mukana Pekingiss\u00e4, mutta Slovakian t\u00e4m\u00e4nvuotisen joukkueen kannalta sill\u00e4 ei ole merkityst\u00e4, etenk\u00e4\u00e4n hy\u00f6kk\u00e4ysosastolla. Slafkovskyn lis\u00e4ksi NHL-hy\u00f6kk\u00e4\u00e4ji\u00e4 ovat vain Pospisil, Regenda ja Dvorsky. Tatar suuntasi NHL:st\u00e4 viime kauden j\u00e4lkeen Sveitsiin, mutta h\u00e4nest\u00e4 tulee todenn\u00e4k\u00f6isesti maajoukkueen kapteeni. P\u00e4\u00e4valmentaja Vladimir Orszagh toivoo, ett\u00e4 my\u00f6s eurooppalaisista liigoista, l\u00e4hinn\u00e4 Tshekin Extraligasta, tulevat pelaajat nousisivat ratkaisurooleihin.<\/p>\n","protected":false},"excerpt":{"rendered":"Slovakia julkaisi Milano-Cortinan 2026 talviolympialaisten miesten j\u00e4\u00e4kiekkojoukkueensa torstaina. Ryhm\u00e4\u00e4 t\u00e4hditt\u00e4v\u00e4t Montreal Canadiensin hy\u00f6kk\u00e4\u00e4j\u00e4 Juraj Slafkovsky ja New Jersey&hellip;\n","protected":false},"author":2,"featured_media":137384,"comment_status":"","ping_status":"","sticky":false,"template":"","format":"standard","meta":{"footnotes":""},"categories":[158],"tags":[33,31,30,159,32,160],"class_list":{"0":"post-137383","1":"post","2":"type-post","3":"status-publish","4":"format-standard","5":"has-post-thumbnail","7":"category-urheilu","8":"tag-fi","9":"tag-finland","10":"tag-finnish","11":"tag-sports","12":"tag-suomi","13":"tag-urheilu"},"share_on_mastodon":{"url":"https:\/\/pubeurope.com\/@fi\/115863379173747717","error":""},"_links":{"self":[{"href":"https:\/\/www.europesays.com\/fi\/wp-json\/wp\/v2\/posts\/137383","targetHints":{"allow":["GET"]}}],"collection":[{"href":"https:\/\/www.europesays.com\/fi\/wp-json\/wp\/v2\/posts"}],"about":[{"href":"https:\/\/www.europesays.com\/fi\/wp-json\/wp\/v2\/types\/post"}],"author":[{"embeddable":true,"href":"https:\/\/www.europesays.com\/fi\/wp-json\/wp\/v2\/users\/2"}],"replies":[{"embeddable":true,"href":"https:\/\/www.europesays.com\/fi\/wp-json\/wp\/v2\/comments?post=137383"}],"version-history":[{"count":0,"href":"https:\/\/www.europesays.com\/fi\/wp-json\/wp\/v2\/posts\/137383\/revisions"}],"wp:featuredmedia":[{"embeddable":true,"href":"https:\/\/www.europesays.com\/fi\/wp-json\/wp\/v2\/media\/137384"}],"wp:attachment":[{"href":"https:\/\/www.europesays.com\/fi\/wp-json\/wp\/v2\/media?parent=137383"}],"wp:term":[{"taxonomy":"category","embeddable":true,"href":"https:\/\/www.europesays.com\/fi\/wp-json\/wp\/v2\/categories?post=137383"},{"taxonomy":"post_tag","embeddable":true,"href":"https:\/\/www.europesays.com\/fi\/wp-json\/wp\/v2\/tags?post=137383"}],"curies":[{"name":"wp","href":"https:\/\/api.w.org\/{rel}","templated":true}]}}