{"id":137395,"date":"2026-01-09T05:18:08","date_gmt":"2026-01-09T05:18:08","guid":{"rendered":"https:\/\/www.europesays.com\/fi\/137395\/"},"modified":"2026-01-09T05:18:08","modified_gmt":"2026-01-09T05:18:08","slug":"sean-combs-pyysi-trumpilta-armahdusta","status":"publish","type":"post","link":"https:\/\/www.europesays.com\/fi\/137395\/","title":{"rendered":"Sean Combs pyysi Trumpilta armahdusta"},"content":{"rendered":"<p>Yhdysvaltain presidentti Donald Trump kertoi saaneensa Sean \u201dDiddy\u201d Combsilta kirjeen.<\/p>\n<p><img decoding=\"async\" class=\"image image-show image-preview\" src=\"https:\/\/www.europesays.com\/fi\/wp-content\/uploads\/2026\/01\/cbb63053d5a9bd13de050d86e056d5a3150aa41bd43c914f375d1ca57b762a77.jpg\" alt=\"\"\/><img decoding=\"async\" class=\"image image-show\" src=\"https:\/\/www.europesays.com\/fi\/wp-content\/uploads\/2026\/01\/1767935888_130_cbb63053d5a9bd13de050d86e056d5a3150aa41bd43c914f375d1ca57b762a77.jpg\" alt=\"\"\/><\/p>\n<p>Sean \u201dDiddy\u201d Combs kuvattuna Oscar-gaalassa vuonna 2005. Kuvituskuva. ZumaWire \/ MVPHOTOS<\/p>\n<p class=\"paragraph\">Nelj\u00e4n vuoden vankilatuomion saanut hiphopmoguli <a href=\"https:\/\/www.iltalehti.fi\/henkilot\/Sean Combs\" class=\"article-link-person-page\" rel=\"nofollow noopener\" target=\"_blank\">Sean \u201dDiddy\u201d Combs<\/a> pyysi Yhdysvaltain presidentti <a href=\"https:\/\/www.iltalehti.fi\/henkilot\/Donald Trump\" class=\"article-link-person-page\" rel=\"nofollow noopener\" target=\"_blank\">Donald Trumpilta<\/a> armahdusta, Trump kertoo <a href=\"https:\/\/www.nytimes.com\/2026\/01\/08\/us\/politics\/sean-combs-pardon.html\" rel=\"noopener nofollow\" target=\"_blank\">The New York Timesin<\/a> haastattelussa. Trump kertoi saaneensa Combsilta kirjeen.<\/p>\n<p class=\"paragraph\">Trump sanoo haastattelussa, ettei aio my\u00f6nt\u00e4\u00e4 prostituutiorikoksista tuomitulle Combsille armahdusta.<\/p>\n<p class=\"paragraph\">Trump, 79, ja Combs, 56, olivat <a href=\"https:\/\/people.com\/donald-trump-reveals-diddy-asked-me-for-a-pardon-in-a-letter-but-he-doesnt-plan-to-grant-it-11882096\" rel=\"noopener nofollow\" target=\"_blank\">People-lehden<\/a> mukaan yst\u00e4v\u00e4llisiss\u00e4 v\u00e4leiss\u00e4 90-luvun lopulla. Trumpin vaalivoitto vuonna 2016 aiheutti v\u00e4lirikon. Trumpin mukaan Combs teki h\u00e4nest\u00e4 \u201dik\u00e4vi\u00e4 kommentteja\u201d.<\/p>\n<p class=\"paragraph\">Trumpilta on ennenkin kysytty Combsin armahtamisesta. Viime vuoden toukokuussa h\u00e4n kertoi, ettei ollut puhunut Combsin kanssa vuosiin.<\/p>\n<p class=\"paragraph\">\u2013 En tied\u00e4 (mit\u00e4 tekisin). Tarkistaisin varmasti faktat. Jos jotakuta on mielest\u00e4ni kohdeltu v\u00e4\u00e4rin, sill\u00e4 ei olisi v\u00e4li\u00e4, pit\u00e4\u00e4k\u00f6 h\u00e4n minusta vai ei, Trump sanoi tuolloin.<\/p>\n<p class=\"paragraph\"><a href=\"https:\/\/www.youtube.com\/watch?v=6oEsAoMM7Xc&amp;t=34s\" rel=\"noopener nofollow\" target=\"_blank\">Newsmaxin<\/a> haastattelussa viime vuonna Trump antoi ymm\u00e4rt\u00e4\u00e4, ett\u00e4 Combsin aiempi vihamielisyys Trumpia kohtaan tekisi armahduksen my\u00f6nt\u00e4misen vaikeammaksi.<\/p>\n<p>Trump ei aio armahtaa hiphopmogulia. Kuvituskuva. EPA \/ AOP<\/p>\n","protected":false},"excerpt":{"rendered":"Yhdysvaltain presidentti Donald Trump kertoi saaneensa Sean \u201dDiddy\u201d Combsilta kirjeen. Sean \u201dDiddy\u201d Combs kuvattuna Oscar-gaalassa vuonna 2005. Kuvituskuva.&hellip;\n","protected":false},"author":2,"featured_media":137396,"comment_status":"","ping_status":"","sticky":false,"template":"","format":"standard","meta":{"footnotes":""},"categories":[136],"tags":[35,407,137,33,31,30,408,977,142,637,144,32,109,143],"class_list":{"0":"post-137395","1":"post","2":"type-post","3":"status-publish","4":"format-standard","5":"has-post-thumbnail","7":"category-julkkikset","8":"tag-24h","9":"tag-celebrities","10":"tag-entertainment","11":"tag-fi","12":"tag-finland","13":"tag-finnish","14":"tag-julkkikset","15":"tag-oikeusistuimet","16":"tag-poliitikot","17":"tag-politiikka","18":"tag-presidentti","19":"tag-suomi","20":"tag-viihde","21":"tag-yhdysvaltain-politiikka"},"share_on_mastodon":{"url":"https:\/\/pubeurope.com\/@fi\/115863453899521054","error":""},"_links":{"self":[{"href":"https:\/\/www.europesays.com\/fi\/wp-json\/wp\/v2\/posts\/137395","targetHints":{"allow":["GET"]}}],"collection":[{"href":"https:\/\/www.europesays.com\/fi\/wp-json\/wp\/v2\/posts"}],"about":[{"href":"https:\/\/www.europesays.com\/fi\/wp-json\/wp\/v2\/types\/post"}],"author":[{"embeddable":true,"href":"https:\/\/www.europesays.com\/fi\/wp-json\/wp\/v2\/users\/2"}],"replies":[{"embeddable":true,"href":"https:\/\/www.europesays.com\/fi\/wp-json\/wp\/v2\/comments?post=137395"}],"version-history":[{"count":0,"href":"https:\/\/www.europesays.com\/fi\/wp-json\/wp\/v2\/posts\/137395\/revisions"}],"wp:featuredmedia":[{"embeddable":true,"href":"https:\/\/www.europesays.com\/fi\/wp-json\/wp\/v2\/media\/137396"}],"wp:attachment":[{"href":"https:\/\/www.europesays.com\/fi\/wp-json\/wp\/v2\/media?parent=137395"}],"wp:term":[{"taxonomy":"category","embeddable":true,"href":"https:\/\/www.europesays.com\/fi\/wp-json\/wp\/v2\/categories?post=137395"},{"taxonomy":"post_tag","embeddable":true,"href":"https:\/\/www.europesays.com\/fi\/wp-json\/wp\/v2\/tags?post=137395"}],"curies":[{"name":"wp","href":"https:\/\/api.w.org\/{rel}","templated":true}]}}