{"id":137414,"date":"2026-01-09T05:47:07","date_gmt":"2026-01-09T05:47:07","guid":{"rendered":"https:\/\/www.europesays.com\/fi\/137414\/"},"modified":"2026-01-09T05:47:07","modified_gmt":"2026-01-09T05:47:07","slug":"diili-voittaja-clarissa-hedman-konkurssi-seiska","status":"publish","type":"post","link":"https:\/\/www.europesays.com\/fi\/137414\/","title":{"rendered":"Diili-voittaja Clarissa Hedman: Konkurssi | Seiska"},"content":{"rendered":"<p>            Timo Korhonen\n        <\/p>\n<p class=\"subtitle \">Vuoden 2022 Diili-sarjan voittaja Clarissa Hedman ajautui konkurssiin nelj\u00e4ss\u00e4 vuodessa. \u2013 Suuri pettymys, Clarissa my\u00f6nt\u00e4\u00e4.<\/p>\n<p class=\"article-content article-content-width !bg-background\">Vuoden 2022 Diili-ohjelman voittanut  j\u00e4tti Helsingin k\u00e4r\u00e4j\u00e4oikeuteen konkurssihakemuksen joulukuun 31. p\u00e4iv\u00e4n\u00e4.<\/p>\n<p class=\"article-content article-content-width !bg-background\">Clarissa hakee tuoretta yrityst\u00e4\u00e4n Anyhau Oy:ta konkurssiin maksuvaikeuksien vuoksi.<\/p>\n<p class=\"article-content article-content-width !bg-background\">Yritys piti marraskuun 24. p\u00e4iv\u00e4n\u00e4 hallituksen kokouksen, jossa\u00a0konkurssiin hakeutumisesta p\u00e4\u00e4tettiin.<\/p>\n<p class=\"article-content article-content-width !bg-background\">Konkurssista on uutisoitu jo aiemmin muun muassa <a href=\"https:\/\/www.kauppalehti.fi\/uutiset\/a\/ccf3a29e-33a3-4ecf-8308-1fff6141ea42\" target=\"_blank\" rel=\"nofollow noopener\">Kauppalehdess\u00e4.<\/a><\/p>\n<p class=\"article-content article-content-width !bg-background\">Dramaattisessa yhti\u00f6kokouksessa p\u00e4\u00e4tettiin, ettei firma pystynyt hankkimaan ulkopuolista rahoitusta, eik\u00e4 sill\u00e4 siten ollut mahdollisuutta suoriutua kuluista ja muista velvoitteista.<\/p>\n<p class=\"article-content article-content-width !bg-background\">Yksi selk\u00e4rangan katkaisseista seikoista oli H\u00e4meen Ely-keskuksen my\u00f6nt\u00e4m\u00e4n 20 664 euron kehitt\u00e4misavustuksen takaisinperint\u00e4 korkoineen.<\/p>\n<p class=\"article-content article-content-width !bg-background\">\u2013\tT\u00e4m\u00e4 aiheuttaa yhti\u00f6lle merkitt\u00e4v\u00e4n taloudellisen lis\u00e4velvoitteen ja on heikent\u00e4nyt olennaisesti yhti\u00f6n kassatilannetta ja maksukyky\u00e4, yhti\u00f6kokouksessa todettiin.<\/p>\n<p class=\"article-content article-content-width !bg-background\">\u2013 Kyll\u00e4 se Elyn takaisinperint\u00e4 oli viimeinen naula arkkuun. Emme en\u00e4\u00e4 pystyneet toteuttamaan hanketta niin kuin se oli suunniteltu, Clarissa my\u00f6nt\u00e4\u00e4 Seiskalle.<\/p>\n<p>        <a itemprop=\"url\" href=\"https:\/\/www.seiska.fi\/kotimaa\/clarissa-hedmanin-allistyttava-muodonmuutos\/1640624\" rel=\"nofollow noopener\" target=\"_blank\"><\/p>\n<p>\nViel\u00e4k\u00f6 tunnistaisit?\n<\/p>\n<p class=\"section-date\">\n        <strong class=\"article-section\" data-section=\"kotimaa\"><br \/>\n            kotimaa<br \/>\n        <\/strong><br \/>\n        12.3.2025 11:58\n    <\/p>\n<p>Clarissa Hedmanin \u00e4llistytt\u00e4v\u00e4 muodonmuutos!\n    <\/p>\n<p itemprop=\"description\" class=\"subtitle \">\n    Viel\u00e4k\u00f6 tunnistaisit?\n<\/p>\n<p>        <\/a><\/p>\n<p>&#8221;Raskas p\u00e4\u00e4t\u00f6s&#8221;<\/p>\n<p class=\"article-content article-content-width !bg-background\">Clarissa sanoo suoraan, ett\u00e4 konkurssiin hakeutuminen oli raskas p\u00e4\u00e4t\u00f6s.<\/p>\n<p class=\"article-content article-content-width !bg-background\">\u2013 Sit\u00e4 pohdittiin pitk\u00e4\u00e4n.<\/p>\n<p class=\"article-content article-content-width !bg-background\">\u2013\tAnyhau olisi ansainnut enemm\u00e4n aikaa.<\/p>\n<p class=\"article-content article-content-width !bg-background\">\u2013\tMeill\u00e4 oli loistava idea ja iso potentiaali. Kuitenkin firman haasteet yhdess\u00e4 maailmantaloudellisen tilanteen kanssa oli mahdoton yht\u00e4l\u00f6, Clarissa pahoittelee.<\/p>\n<p>                <img decoding=\"async\" src=\"https:\/\/www.europesays.com\/fi\/wp-content\/uploads\/2026\/01\/201791.webp.jpeg\" width=\"576\" height=\"274\" alt=\"Clarissa Hedman (eturivi oik.) voitti Diili-kilpailun vuonna 2022. Nyt takana on yksi konkurssi, mutta usko tulevaan on silti luja.\" loading=\"lazy\" \/>            <\/p>\n<p>\n            Clarissa Hedman (eturivi oik.) voitti Diili-kilpailun vuonna 2022. Nyt takana on yksi konkurssi, mutta usko tulevaan on silti luja.<\/p>\n<p class=\"article-content article-content-width !bg-background\">K\u00e4r\u00e4j\u00e4oikeuteen toimitettujen dokumenttien perusteella selvi\u00e4\u00e4, ett\u00e4 Ely-keskuksen ja Clarissan itsens\u00e4 lis\u00e4ksi yrityksell\u00e4 on 12 velkojaa.<\/p>\n<p class=\"article-content article-content-width !bg-background\">Kaikkiaan firman velkasaldo on 171 972 euroa.<\/p>\n<p class=\"article-content article-content-width !bg-background\">Omaisuutta firmalla on ainoastaan iPhone sek\u00e4 kannettava tietokone Macbook, jonka sekin on merkitty yksityishenkil\u00f6n nimiin.<\/p>\n<p>Aina tappiolla<\/p>\n<p class=\"article-content article-content-width !bg-background\">Jo heti perustamisvuonna 2022 firma teki tappiota 26 234 euroa liikevaihdon ollessa 22 000 euroa.<\/p>\n<p class=\"article-content article-content-width !bg-background\">Palkkaa firma pystyi perustamisvuotenaan maksamaan 23 262 euroa.<\/p>\n<p class=\"article-content article-content-width !bg-background\">Vuonna 2023 firmalle tuli melkoinen r\u00f6k\u00e4letappio, jota se teki 191 346 euroa ainoastaan 795 euron liikevaihdolla.<\/p>\n<p>        <a itemprop=\"url\" href=\"https:\/\/www.seiska.fi\/kotimaa\/mari-valosaari-jakoi-kuvia-hoidoistaan-myos-esteettisista-syista\/1591497\" rel=\"nofollow noopener\" target=\"_blank\"><\/p>\n<p class=\"section-date\">\n        <strong class=\"article-section\" data-section=\"kotimaa\"><br \/>\n            kotimaa<br \/>\n        <\/strong><br \/>\n        24.1.2025 19:00\n    <\/p>\n<p>Mari Valosaari jakoi kuvia hoidoistaan: &#8221;My\u00f6s esteettisist\u00e4 syist\u00e4&#8221;\n    <\/p>\n<p itemprop=\"description\" class=\"subtitle \">\n    Radiojuontaja panostaa hyvinvointinsa lis\u00e4ksi my\u00f6s ulkon\u00e4k\u00f6\u00f6ns\u00e4.\n<\/p>\n<p>        <\/a><\/p>\n<p class=\"article-content article-content-width !bg-background\">Raskaasta tappiosta ja pienest\u00e4 liikevaihdosta huolimatta se maksoi palkkoja per\u00e4ti 118 500 euroa.<\/p>\n<p class=\"article-content article-content-width !bg-background\">Viimeisimm\u00e4n tilinp\u00e4\u00e4t\u00f6ksen mukaan vuosi 2024 oli firmalle l\u00e4hes yht\u00e4 surkea. Sen liikevaihto ylsi vain 1 835 euroon, ja tappiota tuli 76 000 euroa. Palkkaa firma ei pystynyt maksamaan kuin 1 890 euroa.<\/p>\n<p>Uskoo tulevaan<\/p>\n<p class=\"article-content article-content-width !bg-background\">Koko nelj\u00e4n vuoden olemassaolonsa aikana lemmikkiel\u00e4inbisnekseen erikoistunut firma ei saanut bisnest\u00e4 kertaakaan kukoistamaan, ja se oli elinkaarensa aikana aina tappiolla.<\/p>\n<p class=\"article-content article-content-width !bg-background\">Vaikka yritys p\u00e4\u00e4tyi nyt konkurssiin, Clarissa ei aio j\u00e4\u00e4d\u00e4 toimettomaksi.<\/p>\n<p class=\"article-content article-content-width !bg-background\">\u2013 Tietysti t\u00e4ss\u00e4 on ensin reflektoitu t\u00e4t\u00e4 konkurssia, mutta olen jo alkanut mietti\u00e4 tulevaa ja uusia ty\u00f6kuvioita.<\/p>\n<p class=\"article-content article-content-width !bg-background\">\u2013\tMinulla on paljon uusia ideoita, mutta juuri nyt keskityn vauvaan ja \u00e4itiyslomaani, lokakuussa \u00e4idiksi tullut Clarissa toteaa.<\/p>\n<p>        <a itemprop=\"url\" href=\"https:\/\/www.seiska.fi\/kotimaa\/vau-mita-kuvia-clarissa-hedman-unelmien-tyolomalla\/1519972\" rel=\"nofollow noopener\" target=\"_blank\"><\/p>\n<p class=\"section-date\">\n        <strong class=\"article-section\" data-section=\"kotimaa\"><br \/>\n            kotimaa<br \/>\n        <\/strong><br \/>\n        14.11.2024 14:05\n    <\/p>\n<p>Vau, mit\u00e4 kuvia! Clarissa Hedman unelmien ty\u00f6lomalla\n    <\/p>\n<p itemprop=\"description\" class=\"subtitle \">\n    Diili-voittaja yritt\u00e4\u00e4 ja tekee t\u00f6it\u00e4 luksuspuitteissa.\n<\/p>\n<p>        <\/a><\/p>\n","protected":false},"excerpt":{"rendered":"Timo Korhonen Vuoden 2022 Diili-sarjan voittaja Clarissa Hedman ajautui konkurssiin nelj\u00e4ss\u00e4 vuodessa. \u2013 Suuri pettymys, Clarissa my\u00f6nt\u00e4\u00e4. Vuoden&hellip;\n","protected":false},"author":2,"featured_media":137415,"comment_status":"","ping_status":"","sticky":false,"template":"","format":"standard","meta":{"footnotes":""},"categories":[133],"tags":[23914,23915,20190,16330,137,33,31,30,1167,1240,32,206,156,109],"class_list":{"0":"post-137414","1":"post","2":"type-post","3":"status-publish","4":"format-standard","5":"has-post-thumbnail","7":"category-televisiot","8":"tag-anyhau-oy","9":"tag-clarissa-hedman","10":"tag-diili-ohjelma","11":"tag-ely-keskus","12":"tag-entertainment","13":"tag-fi","14":"tag-finland","15":"tag-finnish","16":"tag-konkurssi","17":"tag-raha","18":"tag-suomi","19":"tag-televisiot","20":"tag-tv","21":"tag-viihde"},"share_on_mastodon":{"url":"https:\/\/pubeurope.com\/@fi\/115863567884317355","error":""},"_links":{"self":[{"href":"https:\/\/www.europesays.com\/fi\/wp-json\/wp\/v2\/posts\/137414","targetHints":{"allow":["GET"]}}],"collection":[{"href":"https:\/\/www.europesays.com\/fi\/wp-json\/wp\/v2\/posts"}],"about":[{"href":"https:\/\/www.europesays.com\/fi\/wp-json\/wp\/v2\/types\/post"}],"author":[{"embeddable":true,"href":"https:\/\/www.europesays.com\/fi\/wp-json\/wp\/v2\/users\/2"}],"replies":[{"embeddable":true,"href":"https:\/\/www.europesays.com\/fi\/wp-json\/wp\/v2\/comments?post=137414"}],"version-history":[{"count":0,"href":"https:\/\/www.europesays.com\/fi\/wp-json\/wp\/v2\/posts\/137414\/revisions"}],"wp:featuredmedia":[{"embeddable":true,"href":"https:\/\/www.europesays.com\/fi\/wp-json\/wp\/v2\/media\/137415"}],"wp:attachment":[{"href":"https:\/\/www.europesays.com\/fi\/wp-json\/wp\/v2\/media?parent=137414"}],"wp:term":[{"taxonomy":"category","embeddable":true,"href":"https:\/\/www.europesays.com\/fi\/wp-json\/wp\/v2\/categories?post=137414"},{"taxonomy":"post_tag","embeddable":true,"href":"https:\/\/www.europesays.com\/fi\/wp-json\/wp\/v2\/tags?post=137414"}],"curies":[{"name":"wp","href":"https:\/\/api.w.org\/{rel}","templated":true}]}}