{"id":137418,"date":"2026-01-09T05:51:08","date_gmt":"2026-01-09T05:51:08","guid":{"rendered":"https:\/\/www.europesays.com\/fi\/137418\/"},"modified":"2026-01-09T05:51:08","modified_gmt":"2026-01-09T05:51:08","slug":"rami-kujala-kuoli-lokakuussa-nyt-hanen-tyttarensa-eerika-kujala-16-edustaa-suomea-mm-kisoissa-teen-tata-iskan-muistolle","status":"publish","type":"post","link":"https:\/\/www.europesays.com\/fi\/137418\/","title":{"rendered":"Rami Kujala kuoli lokakuussa \u2013 nyt h\u00e4nen tytt\u00e4rens\u00e4 Eerika Kujala, 16, edustaa Suomea MM-kisoissa: \u201dTeen t\u00e4t\u00e4 isk\u00e4n muistolle\u201d"},"content":{"rendered":"<p>Eerika Kujala menetti Rami-is\u00e4ns\u00e4 viime lokakuussa. Nyt 16-vuotias Kujala torjuu Suomen maalilla MM-kisoissa Kanadassa.<\/p>\n<p>8.1. 20:00<\/p>\n<p class=\"article-body mb-nof-24 px-nof-16\"><a class=\"font-bold underline-offset-[0.12em] [text-decoration:var(--person-link-text-decoration)] ![text-decoration-color:var(--person-link-text-decoration-color)] article-leadin\" href=\"https:\/\/www.aamulehti.fi\/haku\/?query=Eerika%20Kujalan\" rel=\"nofollow noopener\" target=\"_blank\">Eerika Kujalan<\/a> muisto is\u00e4st\u00e4\u00e4n\u00a0on rakas ja se liittyy j\u00e4\u00e4kiekkoon.<\/p>\n<p class=\"article-body mb-nof-24 px-nof-16\">Oli viime vuoden elokuun 28. p\u00e4iv\u00e4. 16-vuotias Eerika pelasi ensimm\u00e4isen virallisen maaottelunsa Suomen tytt\u00f6jen j\u00e4\u00e4kiekkomaajoukkueessa.<\/p>\n<p class=\"article-body mb-nof-24 px-nof-16\">Kyse oli alle 18-vuotiaiden tytt\u00f6jen Euro Hockey Tourista Vierum\u00e4ell\u00e4. Suomi kohtasi turnauksen ensimm\u00e4isess\u00e4 ottelussa Ruotsin, ja Eerika pelasi Suomen maalivahtina.<\/p>\n","protected":false},"excerpt":{"rendered":"Eerika Kujala menetti Rami-is\u00e4ns\u00e4 viime lokakuussa. Nyt 16-vuotias Kujala torjuu Suomen maalilla MM-kisoissa Kanadassa. 8.1. 20:00 Eerika Kujalan&hellip;\n","protected":false},"author":2,"featured_media":137419,"comment_status":"","ping_status":"","sticky":false,"template":"","format":"standard","meta":{"footnotes":""},"categories":[158],"tags":[157,33,31,30,159,32,160],"class_list":{"0":"post-137418","1":"post","2":"type-post","3":"status-publish","4":"format-standard","5":"has-post-thumbnail","7":"category-urheilu","8":"tag-aamulehti","9":"tag-fi","10":"tag-finland","11":"tag-finnish","12":"tag-sports","13":"tag-suomi","14":"tag-urheilu"},"share_on_mastodon":{"url":"https:\/\/pubeurope.com\/@fi\/115863583941140515","error":""},"_links":{"self":[{"href":"https:\/\/www.europesays.com\/fi\/wp-json\/wp\/v2\/posts\/137418","targetHints":{"allow":["GET"]}}],"collection":[{"href":"https:\/\/www.europesays.com\/fi\/wp-json\/wp\/v2\/posts"}],"about":[{"href":"https:\/\/www.europesays.com\/fi\/wp-json\/wp\/v2\/types\/post"}],"author":[{"embeddable":true,"href":"https:\/\/www.europesays.com\/fi\/wp-json\/wp\/v2\/users\/2"}],"replies":[{"embeddable":true,"href":"https:\/\/www.europesays.com\/fi\/wp-json\/wp\/v2\/comments?post=137418"}],"version-history":[{"count":0,"href":"https:\/\/www.europesays.com\/fi\/wp-json\/wp\/v2\/posts\/137418\/revisions"}],"wp:featuredmedia":[{"embeddable":true,"href":"https:\/\/www.europesays.com\/fi\/wp-json\/wp\/v2\/media\/137419"}],"wp:attachment":[{"href":"https:\/\/www.europesays.com\/fi\/wp-json\/wp\/v2\/media?parent=137418"}],"wp:term":[{"taxonomy":"category","embeddable":true,"href":"https:\/\/www.europesays.com\/fi\/wp-json\/wp\/v2\/categories?post=137418"},{"taxonomy":"post_tag","embeddable":true,"href":"https:\/\/www.europesays.com\/fi\/wp-json\/wp\/v2\/tags?post=137418"}],"curies":[{"name":"wp","href":"https:\/\/api.w.org\/{rel}","templated":true}]}}