{"id":137422,"date":"2026-01-09T05:54:08","date_gmt":"2026-01-09T05:54:08","guid":{"rendered":"https:\/\/www.europesays.com\/fi\/137422\/"},"modified":"2026-01-09T05:54:08","modified_gmt":"2026-01-09T05:54:08","slug":"enemmisto-tyossakayvista-ei-kayta-tekoalya-uutisia-lyhyesti","status":"publish","type":"post","link":"https:\/\/www.europesays.com\/fi\/137422\/","title":{"rendered":"Enemmist\u00f6 ty\u00f6ss\u00e4k\u00e4yvist\u00e4 ei k\u00e4yt\u00e4 teko\u00e4ly\u00e4 | Uutisia lyhyesti"},"content":{"rendered":"<p class=\"aw-1gybjub aw-1p7kakr kEtdKx cEmitX yle__article__paragraph\">Enemmist\u00f6 ty\u00f6ss\u00e4k\u00e4yvist\u00e4 ei k\u00e4yt\u00e4 teko\u00e4ly\u00e4 ty\u00f6ss\u00e4\u00e4n, kertoo ty\u00f6el\u00e4m\u00e4yhti\u00f6 Barona.<\/p>\n<p class=\"aw-1gybjub aw-1p7kakr kEtdKx cEmitX yle__article__paragraph\">Baronan ty\u00f6el\u00e4m\u00e4tutkimuksen mukaan 39 prosenttia ty\u00f6ss\u00e4k\u00e4yvist\u00e4 ei k\u00e4yt\u00e4 teko\u00e4ly\u00e4 lainkaan. Teko\u00e4ly\u00e4 k\u00e4ytt\u00e4\u00e4 viikoittain 32 prosenttia kyselyyn vastanneista.<\/p>\n<p class=\"aw-1gybjub aw-1p7kakr kEtdKx cEmitX yle__article__paragraph\">Miehist\u00e4 teko\u00e4ly\u00e4 hy\u00f6dynt\u00e4\u00e4 36 prosenttia ja naisista 27 prosenttia.<\/p>\n<p class=\"aw-1gybjub aw-1p7kakr kEtdKx cEmitX yle__article__paragraph\">Alle 30-vuotiaista teko\u00e4ly\u00e4 k\u00e4ytt\u00e4\u00e4 viikoittain 35 prosenttia ja yli 60-vuotiaista 33 prosenttia.<\/p>\n<p class=\"aw-1gybjub aw-1p7kakr kEtdKx cEmitX yle__article__paragraph\">Teko\u00e4ly\u00e4 k\u00e4ytet\u00e4\u00e4n etenkin vastausten etsimiseen, tekstin tuottamiseen ja ongelmien ratkaisemiseen.<\/p>\n<p class=\"aw-1gybjub aw-1p7kakr kEtdKx cEmitX yle__article__paragraph\">Teko\u00e4lyn k\u00e4ytt\u00f6\u00f6n ty\u00f6el\u00e4m\u00e4ss\u00e4 yleisesti suhtautuu positiivisesti 49 prosenttia ty\u00f6ss\u00e4k\u00e4yvist\u00e4.<\/p>\n<p class=\"aw-1gybjub aw-1p7kakr kEtdKx cEmitX yle__article__paragraph\">Baronan ty\u00f6el\u00e4m\u00e4tutkimuksessa haastateltiin 2 052 ty\u00f6ss\u00e4k\u00e4yv\u00e4\u00e4 marras-joulukuussa 2025.<\/p>\n","protected":false},"excerpt":{"rendered":"Enemmist\u00f6 ty\u00f6ss\u00e4k\u00e4yvist\u00e4 ei k\u00e4yt\u00e4 teko\u00e4ly\u00e4 ty\u00f6ss\u00e4\u00e4n, kertoo ty\u00f6el\u00e4m\u00e4yhti\u00f6 Barona. Baronan ty\u00f6el\u00e4m\u00e4tutkimuksen mukaan 39 prosenttia ty\u00f6ss\u00e4k\u00e4yvist\u00e4 ei k\u00e4yt\u00e4 teko\u00e4ly\u00e4&hellip;\n","protected":false},"author":2,"featured_media":137423,"comment_status":"","ping_status":"","sticky":false,"template":"","format":"standard","meta":{"footnotes":""},"categories":[84],"tags":[23921,33,31,30,71,32,91,92,433,1072,860,23533],"class_list":{"0":"post-137422","1":"post","2":"type-post","3":"status-publish","4":"format-standard","5":"has-post-thumbnail","7":"category-teknologia","8":"tag-barona","9":"tag-fi","10":"tag-finland","11":"tag-finnish","12":"tag-kotimaa","13":"tag-suomi","14":"tag-technology","15":"tag-teknologia","16":"tag-tekoaly","17":"tag-tietotekniikka","18":"tag-tyoelama","19":"tag-yleinen-tekoaly"},"share_on_mastodon":{"url":"https:\/\/pubeurope.com\/@fi\/115863595484296526","error":""},"_links":{"self":[{"href":"https:\/\/www.europesays.com\/fi\/wp-json\/wp\/v2\/posts\/137422","targetHints":{"allow":["GET"]}}],"collection":[{"href":"https:\/\/www.europesays.com\/fi\/wp-json\/wp\/v2\/posts"}],"about":[{"href":"https:\/\/www.europesays.com\/fi\/wp-json\/wp\/v2\/types\/post"}],"author":[{"embeddable":true,"href":"https:\/\/www.europesays.com\/fi\/wp-json\/wp\/v2\/users\/2"}],"replies":[{"embeddable":true,"href":"https:\/\/www.europesays.com\/fi\/wp-json\/wp\/v2\/comments?post=137422"}],"version-history":[{"count":0,"href":"https:\/\/www.europesays.com\/fi\/wp-json\/wp\/v2\/posts\/137422\/revisions"}],"wp:featuredmedia":[{"embeddable":true,"href":"https:\/\/www.europesays.com\/fi\/wp-json\/wp\/v2\/media\/137423"}],"wp:attachment":[{"href":"https:\/\/www.europesays.com\/fi\/wp-json\/wp\/v2\/media?parent=137422"}],"wp:term":[{"taxonomy":"category","embeddable":true,"href":"https:\/\/www.europesays.com\/fi\/wp-json\/wp\/v2\/categories?post=137422"},{"taxonomy":"post_tag","embeddable":true,"href":"https:\/\/www.europesays.com\/fi\/wp-json\/wp\/v2\/tags?post=137422"}],"curies":[{"name":"wp","href":"https:\/\/api.w.org\/{rel}","templated":true}]}}