{"id":137426,"date":"2026-01-09T05:56:08","date_gmt":"2026-01-09T05:56:08","guid":{"rendered":"https:\/\/www.europesays.com\/fi\/137426\/"},"modified":"2026-01-09T05:56:08","modified_gmt":"2026-01-09T05:56:08","slug":"trump-on-ollut-pian-vuoden-vallassa-jatkossa-vauhti-vain-kiihtyy","status":"publish","type":"post","link":"https:\/\/www.europesays.com\/fi\/137426\/","title":{"rendered":"Trump on ollut pian vuoden vallassa \u2013\u2009Jatkossa vauhti vain kiihtyy"},"content":{"rendered":"<p>Yhdysvaltain presidentti Donald Trump taustajoukkoineen ovat valmistautuneet hyvin toiseen presidenttikauteen, ja j\u00e4lki on ollut sen mukaista.<\/p>\n<p class=\"article-body mb-nof-24 px-nof-16\">Aamulehti<\/p>\n<p class=\"article-body mb-nof-24 px-nof-16\">Tammikuun 20. p\u00e4iv\u00e4 tulee kuluneeksi vuosi siit\u00e4, kun Yhdysvaltain presidentti <a class=\"font-bold underline-offset-[0.12em] [text-decoration:var(--person-link-text-decoration)] ![text-decoration-color:var(--person-link-text-decoration-color)]\" href=\"https:\/\/www.aamulehti.fi\/haku\/?query=Donald%20Trump\" rel=\"nofollow noopener\" target=\"_blank\">Donald Trump<\/a> astui virkaansa. Vuoden aikana on k\u00e4ynyt selv\u00e4ksi, ett\u00e4 Trumpin taustajoukot olivat valmistautuneet toiseen kauteen huomattavasti paremmin kuin 2017 alkaneeseen ensimm\u00e4iseen kauteen.<\/p>\n<p class=\"article-body mb-nof-24 px-nof-16\">Ensimm\u00e4isen vuotensa aikana Trump on allekirjoittanut yli 200 toimeenpanom\u00e4\u00e4r\u00e4yst\u00e4.<\/p>\n<p class=\"article-body mb-nof-24 px-nof-16\">Ensi t\u00f6ikseen Trump armahti l\u00e4hes 1\u202f600 syytetty\u00e4 tai tuomittua, jotka olivat hy\u00f6k\u00e4nneen kongressirakennukseen loppiaisena viisi vuotta sitten. H\u00e4n m\u00e4\u00e4r\u00e4si etel\u00e4rajalle h\u00e4t\u00e4tilan ja ilmoitti, ett\u00e4 jatkossa Yhdysvaltain hallinto tunnustaa vain kaksi sukupuolta: miehen ja naisen.<\/p>\n<p class=\"article-body mb-nof-24 px-nof-16\">Hallinnossa on peruttu muun muassa monimuotoisuutta, tasavertaisuutta ja osallisuutta edist\u00e4neit\u00e4 dei-ohjelmia. Transsukupuolisten urheilijoiden osallistuminen tytt\u00f6jen ja naisten urheilukilpailuihin on kielletty.<\/p>\n<p class=\"article-body mb-nof-24 px-nof-16\">Liittovaltion hallinnon supistamista ajaneen doge-viraston johtoon Trump nimitti miljard\u00f6\u00f6ri <a class=\"font-bold underline-offset-[0.12em] [text-decoration:var(--person-link-text-decoration)] ![text-decoration-color:var(--person-link-text-decoration-color)]\" href=\"https:\/\/www.aamulehti.fi\/haku\/?query=Elon%20Muskin\" rel=\"nofollow noopener\" target=\"_blank\">Elon Muskin<\/a>. Seurasi joukkoirtisanomisia useilla hallinnonaloilla. Muun muassa kehitysyhteisty\u00f6virasto Usaid lakkautettiin ja kymmeni\u00e4 miljoonia ihmisi\u00e4 eri puolilla maailmaa tukeneet avustusohjelmat lopetettiin.<\/p>\n<p class=\"article-body mb-nof-24 px-nof-16\">Trumpin tempoileva tullipolitiikka on tuonut ep\u00e4varmuutta maailmantalouteen. Vaikutukset ovat n\u00e4kyneet my\u00f6s amerikkalaisissa yrityksiss\u00e4 ja toimitusketjujen monimutkaistumisena.<\/p>\n<p class=\"article-body mb-nof-24 px-nof-16\">My\u00f6s tieteen tekij\u00e4t ovat joutuneet hy\u00f6kk\u00e4yksen kohteeksi. Liittovaltion rahoitusta on vedetty pois yliopistoilta, jotka ovat kielt\u00e4ytyneet noudattamasta vaatimuksia lopettaa republikaanihallinnon antisemitistiseksi ja vasemmistolaiseksi tulkitsema toiminta ja dei-ohjelmat.<\/p>\n<p class=\"article-body mb-nof-24 px-nof-16\">Erityisen huomion kohteeksi ovat joutuneet ilmastotieteet ja rokotteet. Keskiviikkona Valkoinen talo ilmoitti Yhdysvaltain vet\u00e4ytyv\u00e4n YK:n ilmastosopimuksesta ja yli 60 muusta kansainv\u00e4lisest\u00e4 j\u00e4rjest\u00f6st\u00e4.<\/p>\n<p class=\"article-body mb-nof-24 px-nof-16\">Terveysministeriksi on nimitetty rokotevastaisuudestaan tunnettu <a class=\"font-bold underline-offset-[0.12em] [text-decoration:var(--person-link-text-decoration)] ![text-decoration-color:var(--person-link-text-decoration-color)]\" href=\"https:\/\/www.aamulehti.fi\/haku\/?query=Robert%20F.%20Kennedy%20Junior\" rel=\"nofollow noopener\" target=\"_blank\">Robert F. Kennedy Junior<\/a>, joka on muun muassa v\u00e4h\u00e4tellyt tuhkarokkorokotteita ja antanut kyseenalaisia lausuntoja rokotteiden yhteydest\u00e4 autismiin.<\/p>\n<p class=\"article-body mb-nof-24 px-nof-16\">Kennedyn johdolla kansallisiin rokoteohjelmiin on tehty muutoksia. Mrna-rokotteiden kehitt\u00e4jille my\u00f6nnetty puolen miljardin dollarin rahoitus on vedetty pois. Juuri mrna-rokotteet olivat t\u00e4rke\u00e4 tekij\u00e4 koronapandemian torjunnassa. My\u00f6s pienten lasten rokoteohjelmaan on tehty muutoksia, jotka saattavat n\u00e4ky\u00e4 sairauksien lis\u00e4\u00e4ntymisen\u00e4 tulevina vuosina.<\/p>\n<p class=\"article-body mb-nof-24 px-nof-16\">K\u00e4ynniss\u00e4 on my\u00f6s kulttuurisota. Esimerkiksi Smithsonian-instituutin museoiden kokoelmat on m\u00e4\u00e4r\u00e4tty tarkastettavaksi ja muokattavaksi vastaamaan nykyhallinnon k\u00e4sityksi\u00e4 historiasta. Vuonna 1963 salamurhatun demokraattipresidentin John F. Kennedyn mukaan nimetty Kennedy Center on nimetty uudelleen Trump-Kennedy Centeriksi.<\/p>\n<p class=\"article-body mb-nof-24 px-nof-16\">Ensimm\u00e4isen vuotensa aikana Trump on tehnyt selv\u00e4ksi, ett\u00e4 h\u00e4n v\u00e4h\u00e4t v\u00e4litt\u00e4\u00e4 s\u00e4\u00e4nt\u00f6per\u00e4isest\u00e4 maailmanj\u00e4rjestyksest\u00e4, kansainv\u00e4lisest\u00e4 oikeudesta tai s\u00e4\u00e4nn\u00f6ist\u00e4 ylip\u00e4\u00e4t\u00e4\u00e4n.<\/p>\n<p class=\"article-body mb-nof-24 px-nof-16\">Kotimaassaan presidentti on k\u00e4ynnist\u00e4nyt joukkokarkotukset. Maahanmuuttoviraston agenttien lis\u00e4ksi kansalliskaarti on tuotu rikollisuuden torjunnan varjolla partioimaan katuja demokraattien hallitsemissa kaupungeissa.<\/p>\n<p class=\"article-body mb-nof-24 px-nof-16\">Trump on markkinoinut itse\u00e4\u00e4n rauhantekij\u00e4n\u00e4 ja luvannut pit\u00e4\u00e4 Yhdysvallat erossa kaukaisista sodista.<\/p>\n<p class=\"article-body mb-nof-24 px-nof-16\">Rauhantekij\u00e4ksi presidentti on k\u00e4ytt\u00e4nyt kovin paljon sotilaallista voimaa ja antanut m\u00e4\u00e4r\u00e4yksi\u00e4 satoihin ilmaiskuihin. Sotiin on osallistuttu muun muassa Syyriassa, Iranissa, Jemeniss\u00e4, Irakissa, Somaliassa ja Nigeriassa. Viimeisin sotilaallinen voimanosoitus n\u00e4htiin Venezuelassa.<\/p>\n<p class=\"article-body mb-nof-24 px-nof-16\">Hy\u00f6kk\u00e4ys Venezuelaan on opinn\u00e4yte suoraan Yhdysvaltain reilu kuukausi sitten julkistamasta uudesta kansallisen turvallisuuden strategiasta. Siin\u00e4 etupiiriajattelu tuodaan takaisin Yhdysvaltain ulkopolitiikan johtavaksi periaatteeksi. Sen mukaan l\u00e4ntinen pallonpuolisko eli Etel\u00e4- ja Pohjois-Amerikka kuuluvat Yhdysvalloille.<\/p>\n<p class=\"article-body mb-nof-24 px-nof-16\">Lue lis\u00e4\u00e4: <a class=\"underline underline-offset-[0.12em] [text-decoration-thickness:var(--generic-link-underline-thickness)] [text-decoration-color:var(--generic-link-underline-color)] [text-decoration-skip-ink:var(--generic-link-underline-skip-ink)] break-words\" href=\"https:\/\/www.aamulehti.fi\/ulkomaat\/art-2000011735442.html\" rel=\"nofollow noopener\" target=\"_blank\">Venezuelan varalle olikin yksityiskohtaisempi suunnitelma kuin mit\u00e4 annettiin ymm\u00e4rt\u00e4\u00e4 \u2013 siin\u00e4 on kolme vaihetta<\/a><\/p>\n<p class=\"article-body mb-nof-24 px-nof-16\">Trump noudattaa paljolti presidentinvaalikampanjan aikana esille nousseen konservatiivisen Heritage Foundation -ajatushautomon Project2025-toimintasuunnitelmaa. Suunnitelman yksi keskeinen teema on demokratian romuttaminen, presidentin vallan kasvattaminen ja konservatiivisen ideologian vahvistaminen kaikilla alueilla. My\u00f6s etupiiriajattelu on mainittu.<\/p>\n<p class=\"article-body mb-nof-24 px-nof-16\">Vaalikampanjansa aikana Trump otti suunnitelmaan et\u00e4isyytt\u00e4, mutta sittemmin pelikirjaa on sormeiltu ahkerasti Valkoisessa talossa.<\/p>\n<p class=\"article-body mb-nof-24 px-nof-16\">Euroopassa Yhdysvaltain uusi kansallinen turvallisuusstrategia on her\u00e4tt\u00e4nyt syyst\u00e4kin suurta huolta, sill\u00e4 siin\u00e4 Eurooppaan suhtaudutaan l\u00e4hestulkoon vihamielisesti. Yhdysvallat on Trumpin toisella kaudella tukenut avoimesti monen Euroopan maan \u00e4\u00e4rioikeistoa.<\/p>\n<p class=\"article-body mb-nof-24 px-nof-16\">Yksi Ven\u00e4j\u00e4n t\u00e4rkeimmist\u00e4 tavoitteista hy\u00f6kk\u00e4yksess\u00e4 Ukrainaan on muokata maailmanj\u00e4rjestyst\u00e4 kohti moninapaista maailmaa, miss\u00e4 keski\u00f6ss\u00e4 ovat Ven\u00e4j\u00e4, Kiina ja Yhdysvallat. Eurooppa uhkaa j\u00e4\u00e4d\u00e4 t\u00e4ss\u00e4 uljaassa uudessa maailmassa sivustakatsojan asemaan.<\/p>\n<p class=\"article-body mb-nof-24 px-nof-16\">N\u00e4ytt\u00e4\u00e4 silt\u00e4, ett\u00e4 voimansa tunnossa t\u00e4ll\u00e4 hetkell\u00e4 oleva Trump ei tahtia hidasta. P\u00e4invastoin, vauhti vain kiihtyy.<\/p>\n<p class=\"article-body mb-nof-24 px-nof-16\">Saadaanko menoa jarrutettua riippuu paljon siit\u00e4, miten marraskuussa j\u00e4rjestett\u00e4viss\u00e4 v\u00e4livaaleissa k\u00e4y.<\/p>\n<p class=\"article-body mb-nof-24 px-nof-16\">Silloin jaossa ovat kaikki edustajainhuoneen 435 paikkaa ja kolmasosa senaatin sadasta paikasta. Republikaaneilla on niukka enemmist\u00f6 kummassakin kamarissa. Jos demokraatit saavat enemmist\u00f6n kongressiin, antaisi se mahdollisuuden hidastaa Trumpin kovaa ajoa.<\/p>\n","protected":false},"excerpt":{"rendered":"Yhdysvaltain presidentti Donald Trump taustajoukkoineen ovat valmistautuneet hyvin toiseen presidenttikauteen, ja j\u00e4lki on ollut sen mukaista. Aamulehti Tammikuun&hellip;\n","protected":false},"author":2,"featured_media":137427,"comment_status":"","ping_status":"","sticky":false,"template":"","format":"standard","meta":{"footnotes":""},"categories":[14],"tags":[157,22,23,26,27,33,31,30,17,24,25,28,29,15,18,21,32,19,20,56,16,59,60,61],"class_list":{"0":"post-137426","1":"post","2":"type-post","3":"status-publish","4":"format-standard","5":"has-post-thumbnail","7":"category-ulkomaat","8":"tag-aamulehti","9":"tag-breaking-news","10":"tag-breakingnews","11":"tag-featured-news","12":"tag-featurednews","13":"tag-fi","14":"tag-finland","15":"tag-finnish","16":"tag-headlines","17":"tag-latest-news","18":"tag-latestnews","19":"tag-main-news","20":"tag-mainnews","21":"tag-news","22":"tag-otsikot","23":"tag-paauutiset","24":"tag-suomi","25":"tag-top-stories","26":"tag-topstories","27":"tag-ulkomaat","28":"tag-uutiset","29":"tag-world","30":"tag-world-news","31":"tag-worldnews"},"share_on_mastodon":{"url":"https:\/\/pubeurope.com\/@fi\/115863603370930479","error":""},"_links":{"self":[{"href":"https:\/\/www.europesays.com\/fi\/wp-json\/wp\/v2\/posts\/137426","targetHints":{"allow":["GET"]}}],"collection":[{"href":"https:\/\/www.europesays.com\/fi\/wp-json\/wp\/v2\/posts"}],"about":[{"href":"https:\/\/www.europesays.com\/fi\/wp-json\/wp\/v2\/types\/post"}],"author":[{"embeddable":true,"href":"https:\/\/www.europesays.com\/fi\/wp-json\/wp\/v2\/users\/2"}],"replies":[{"embeddable":true,"href":"https:\/\/www.europesays.com\/fi\/wp-json\/wp\/v2\/comments?post=137426"}],"version-history":[{"count":0,"href":"https:\/\/www.europesays.com\/fi\/wp-json\/wp\/v2\/posts\/137426\/revisions"}],"wp:featuredmedia":[{"embeddable":true,"href":"https:\/\/www.europesays.com\/fi\/wp-json\/wp\/v2\/media\/137427"}],"wp:attachment":[{"href":"https:\/\/www.europesays.com\/fi\/wp-json\/wp\/v2\/media?parent=137426"}],"wp:term":[{"taxonomy":"category","embeddable":true,"href":"https:\/\/www.europesays.com\/fi\/wp-json\/wp\/v2\/categories?post=137426"},{"taxonomy":"post_tag","embeddable":true,"href":"https:\/\/www.europesays.com\/fi\/wp-json\/wp\/v2\/tags?post=137426"}],"curies":[{"name":"wp","href":"https:\/\/api.w.org\/{rel}","templated":true}]}}