{"id":137444,"date":"2026-01-09T06:24:20","date_gmt":"2026-01-09T06:24:20","guid":{"rendered":"https:\/\/www.europesays.com\/fi\/137444\/"},"modified":"2026-01-09T06:24:20","modified_gmt":"2026-01-09T06:24:20","slug":"elinkautisen-saanut-valittaa-lavian-murhatuomiosta-asianajaja-kiistaa-sytyttaneensa-kuolemaan-johtanutta-paloa-satakunta","status":"publish","type":"post","link":"https:\/\/www.europesays.com\/fi\/137444\/","title":{"rendered":"Elinkautisen saanut valittaa Lavian murhatuomiosta \u2013 asianajaja: \u201dKiist\u00e4\u00e4 sytytt\u00e4neens\u00e4 kuolemaan johtanutta paloa\u201d | Satakunta"},"content":{"rendered":"<p class=\"aw-1gybjub aw-5vja16 kEtdKx kmuxyA yle__article__paragraph\">Satakunnan k\u00e4r\u00e4j\u00e4oikeus katsoi, ett\u00e4 tuomittu surmasi aikoinaan paloittelu\u00admurhasta tuomitun Janne Hyv\u00f6sen rajua v\u00e4kivaltaa k\u00e4ytt\u00e4en Porin Laviassa toukokuussa.<\/p>\n<p><img decoding=\"async\" alt=\"Syytettyj\u00e4 asianajajineen ja yleis\u00f6\u00e4 murhaoikeudenk\u00e4ynniss\u00e4.\" src=\"https:\/\/www.europesays.com\/fi\/wp-content\/uploads\/2026\/01\/39-1567853693a7d5ceb50c.jpeg\" class=\"aw-1l9m598 hKVVvP\"\/><\/p>\n<p>Avaa kuvien katselu<\/p>\n<p>Satakunnan k\u00e4r\u00e4j\u00e4oikeus langetti Lavian murhasta elinkautistuomion. H\u00e4nen asianajajansa Heikki Lampela kertoo, ett\u00e4 tuomiosta tehd\u00e4\u00e4n valitus. Kuva: Katja Halinen \/ Yle<\/p>\n<p class=\"aw-1gybjub aw-1p7kakr kEtdKx cEmitX yle__article__paragraph\">Laviassa toukokuussa tapahtuneesta henkirikoksesta elinkautiseen vankeuteen tuomittu <strong class=\"aw-ak79eh KyCXm yle__article__strong\">Jaakko Bremer<\/strong> aikoo valittaa tuomiostaan.<\/p>\n<p class=\"aw-1gybjub aw-1p7kakr kEtdKx cEmitX yle__article__paragraph\">Bremerin asianajajan <strong class=\"aw-ak79eh KyCXm yle__article__strong\">Heikki Lampelan<\/strong> mukaan h\u00e4nen p\u00e4\u00e4miehens\u00e4 on tyytym\u00e4t\u00f6n tuomioon. Lampela sanoo, ett\u00e4 Bremer edelleenkin kiist\u00e4\u00e4 sytytt\u00e4neens\u00e4 tulipaloa, joka aiheutti <strong class=\"aw-ak79eh KyCXm yle__article__strong\">Janne Hyv\u00f6sen<\/strong> kuoleman.<\/p>\n<p class=\"aw-1gybjub aw-1p7kakr kEtdKx cEmitX yle__article__paragraph\">Hyv\u00f6nen muistetaan paloittelumurhasta saamastaan elinkautistuomiosta 2000-luvun alkupuolella.<\/p>\n<p class=\"aw-1gybjub aw-1p7kakr kEtdKx cEmitX yle__article__paragraph\">Satakunnan k\u00e4r\u00e4j\u00e4oikeus katsoi Bremerin kohdistaneen naapurissaan Lavian Teollisuustiell\u00e4 asuneeseen Hyv\u00f6seen monenlaista raakaa v\u00e4kivaltaa ja lopulta tuomittu sytytti Hyv\u00f6sen palamaan. Kuolettavat vammat aiheutuivat juuri palosta. Henkirikos tapahtui toukokuun lopulla.<\/p>\n<p class=\"aw-1gybjub aw-1p7kakr kEtdKx cEmitX yle__article__paragraph\">\u2013 P\u00e4\u00e4mieheni sanoo, ettei ole aiheuttanut tulipaloa, josta h\u00e4n itse sai teho-osastohoitoon johtaneita vammoja ja Hyv\u00f6nen menehtyi. asianajaja Heikki Lampela toteaa.<\/p>\n<p class=\"aw-1gybjub aw-1p7kakr kEtdKx cEmitX yle__article__paragraph\">Lampelan mukaan tyytym\u00e4tt\u00f6myys tuomioon on jo ilmoitettu oikeudelle.<\/p>\n","protected":false},"excerpt":{"rendered":"Satakunnan k\u00e4r\u00e4j\u00e4oikeus katsoi, ett\u00e4 tuomittu surmasi aikoinaan paloittelu\u00admurhasta tuomitun Janne Hyv\u00f6sen rajua v\u00e4kivaltaa k\u00e4ytt\u00e4en Porin Laviassa toukokuussa. Avaa&hellip;\n","protected":false},"author":2,"featured_media":137445,"comment_status":"","ping_status":"","sticky":false,"template":"","format":"standard","meta":{"footnotes":""},"categories":[5],"tags":[22,23,16920,26,27,33,31,30,17,20890,71,24,25,28,29,15,18,21,2787,581,968,32,19,20,16],"class_list":{"0":"post-137444","1":"post","2":"type-post","3":"status-publish","4":"format-standard","5":"has-post-thumbnail","7":"category-otsikot","8":"tag-breaking-news","9":"tag-breakingnews","10":"tag-elinkautinen-vankeus","11":"tag-featured-news","12":"tag-featurednews","13":"tag-fi","14":"tag-finland","15":"tag-finnish","16":"tag-headlines","17":"tag-heikki-lampela","18":"tag-kotimaa","19":"tag-latest-news","20":"tag-latestnews","21":"tag-main-news","22":"tag-mainnews","23":"tag-news","24":"tag-otsikot","25":"tag-paauutiset","26":"tag-pori","27":"tag-rikokset","28":"tag-satakunta","29":"tag-suomi","30":"tag-top-stories","31":"tag-topstories","32":"tag-uutiset"},"share_on_mastodon":{"url":"https:\/\/pubeurope.com\/@fi\/115863713367447747","error":""},"_links":{"self":[{"href":"https:\/\/www.europesays.com\/fi\/wp-json\/wp\/v2\/posts\/137444","targetHints":{"allow":["GET"]}}],"collection":[{"href":"https:\/\/www.europesays.com\/fi\/wp-json\/wp\/v2\/posts"}],"about":[{"href":"https:\/\/www.europesays.com\/fi\/wp-json\/wp\/v2\/types\/post"}],"author":[{"embeddable":true,"href":"https:\/\/www.europesays.com\/fi\/wp-json\/wp\/v2\/users\/2"}],"replies":[{"embeddable":true,"href":"https:\/\/www.europesays.com\/fi\/wp-json\/wp\/v2\/comments?post=137444"}],"version-history":[{"count":0,"href":"https:\/\/www.europesays.com\/fi\/wp-json\/wp\/v2\/posts\/137444\/revisions"}],"wp:featuredmedia":[{"embeddable":true,"href":"https:\/\/www.europesays.com\/fi\/wp-json\/wp\/v2\/media\/137445"}],"wp:attachment":[{"href":"https:\/\/www.europesays.com\/fi\/wp-json\/wp\/v2\/media?parent=137444"}],"wp:term":[{"taxonomy":"category","embeddable":true,"href":"https:\/\/www.europesays.com\/fi\/wp-json\/wp\/v2\/categories?post=137444"},{"taxonomy":"post_tag","embeddable":true,"href":"https:\/\/www.europesays.com\/fi\/wp-json\/wp\/v2\/tags?post=137444"}],"curies":[{"name":"wp","href":"https:\/\/api.w.org\/{rel}","templated":true}]}}