{"id":137471,"date":"2026-01-09T07:14:08","date_gmt":"2026-01-09T07:14:08","guid":{"rendered":"https:\/\/www.europesays.com\/fi\/137471\/"},"modified":"2026-01-09T07:14:08","modified_gmt":"2026-01-09T07:14:08","slug":"teollisuuden-tilausten-arvo-laski-kolmatta-kuukautta-perakkain","status":"publish","type":"post","link":"https:\/\/www.europesays.com\/fi\/137471\/","title":{"rendered":"Teollisuuden tilausten arvo laski kolmatta kuukautta per\u00e4kk\u00e4in"},"content":{"rendered":"<p class=\"gb-ingress__content\">\n\t\t\t\tTullit ovat jarruttaneet teollisuuden kasvua.\t\t\t<\/p>\n<p>Teollisuuden uusien tilausten arvo oli marraskuussa 26,1 prosenttia vuoden takaista pienempi.<\/p>\n<p>\u2013\u00a0Laskun suuruus johtuu muutamasta vertailujaksolle eli marraskuulle 2024 osuvasta suuresta tilauksesta, sanoo Suomen Yritt\u00e4jien ekonomisti <strong>Roope Ohlsbom<\/strong> sanoo.<\/p>\n<p>Marraskuu oli kolmas per\u00e4tt\u00e4inen laskukuukausi teollisuuden tilauksissa. Tammi-marraskuussa uusien tilausten arvo oli silti 2,4 prosenttia vuoden takaista suurempi. Koko vuoden osalta Suomen teollisuus on j\u00e4\u00e4m\u00e4ss\u00e4 kasvun puolelle.<\/p>\n<p>\u2013\u00a0Heikohkosta syksyst\u00e4 huolimatta vuoden 2025 teollisuuden tilausluvut antavat edelleen aihetta varovaiseen optimismiin. Teollisuuden vahvistunut veto luo pohjaa talouskasvun k\u00e4ynnistymiselle, Ohlsbom jatkaa.<\/p>\n<p>\u2013\u00a0Suomen teollisuuden kasvua on jarruttanut Donald Trumpin poukkoileva kauppapolitiikka. Yhdysvaltain tullipolitiikan synnytt\u00e4m\u00e4 ep\u00e4varmuus on onneksi helpottanut kev\u00e4\u00e4st\u00e4, ja teollisuuden elpymisen voidaan odottaa jatkuvan. Suomalaiset teollisuusyritykset ovat hyviss\u00e4 kasvuasemissa, jos EU onnistuu pysyttelem\u00e4\u00e4n ulkona pahimmista kauppasodista.<\/p>\n<p>Kausitasoitettu teollisuustuotanto kasvoi marraskuussa 0,5 prosenttia lokakuusta. Teollisuuden ty\u00f6p\u00e4iv\u00e4korjattu tuotanto kasvoi 1,9 prosenttia vuodentakaiseen verrattuna.<\/p>\n<p>\u2013\u00a0Uudet tilaukset alkavat n\u00e4ky\u00e4 teollisuustuotannossa viiveell\u00e4, joten tuotannon elpyminen vahvistunee vuoden 2026 aikana. Ep\u00e4varmuuksia on yh\u00e4, mutta teollisuusyritykset ennakoivat jo valoisampia aikoja. Talouden kasvuk\u00e4\u00e4nne alkaa usein teollisuudesta, Ohlsbom muistuttaa.<\/p>\n<p>\t\t\t\t\t\tVinkkaa meille juttuaihe!<\/p>\n<p>                            Vinkkaa meille juttuaihe!<\/p>\n","protected":false},"excerpt":{"rendered":"Tullit ovat jarruttaneet teollisuuden kasvua. Teollisuuden uusien tilausten arvo oli marraskuussa 26,1 prosenttia vuoden takaista pienempi. \u2013\u00a0Laskun suuruus&hellip;\n","protected":false},"author":2,"featured_media":137472,"comment_status":"","ping_status":"","sticky":false,"template":"","format":"standard","meta":{"footnotes":""},"categories":[14],"tags":[22,23,26,27,33,31,30,17,24,25,28,29,15,18,21,32,1053,19,20,56,16,59,60,61],"class_list":{"0":"post-137471","1":"post","2":"type-post","3":"status-publish","4":"format-standard","5":"has-post-thumbnail","7":"category-ulkomaat","8":"tag-breaking-news","9":"tag-breakingnews","10":"tag-featured-news","11":"tag-featurednews","12":"tag-fi","13":"tag-finland","14":"tag-finnish","15":"tag-headlines","16":"tag-latest-news","17":"tag-latestnews","18":"tag-main-news","19":"tag-mainnews","20":"tag-news","21":"tag-otsikot","22":"tag-paauutiset","23":"tag-suomi","24":"tag-teollisuus","25":"tag-top-stories","26":"tag-topstories","27":"tag-ulkomaat","28":"tag-uutiset","29":"tag-world","30":"tag-world-news","31":"tag-worldnews"},"share_on_mastodon":{"url":"https:\/\/pubeurope.com\/@fi\/115863910106823573","error":""},"_links":{"self":[{"href":"https:\/\/www.europesays.com\/fi\/wp-json\/wp\/v2\/posts\/137471","targetHints":{"allow":["GET"]}}],"collection":[{"href":"https:\/\/www.europesays.com\/fi\/wp-json\/wp\/v2\/posts"}],"about":[{"href":"https:\/\/www.europesays.com\/fi\/wp-json\/wp\/v2\/types\/post"}],"author":[{"embeddable":true,"href":"https:\/\/www.europesays.com\/fi\/wp-json\/wp\/v2\/users\/2"}],"replies":[{"embeddable":true,"href":"https:\/\/www.europesays.com\/fi\/wp-json\/wp\/v2\/comments?post=137471"}],"version-history":[{"count":0,"href":"https:\/\/www.europesays.com\/fi\/wp-json\/wp\/v2\/posts\/137471\/revisions"}],"wp:featuredmedia":[{"embeddable":true,"href":"https:\/\/www.europesays.com\/fi\/wp-json\/wp\/v2\/media\/137472"}],"wp:attachment":[{"href":"https:\/\/www.europesays.com\/fi\/wp-json\/wp\/v2\/media?parent=137471"}],"wp:term":[{"taxonomy":"category","embeddable":true,"href":"https:\/\/www.europesays.com\/fi\/wp-json\/wp\/v2\/categories?post=137471"},{"taxonomy":"post_tag","embeddable":true,"href":"https:\/\/www.europesays.com\/fi\/wp-json\/wp\/v2\/tags?post=137471"}],"curies":[{"name":"wp","href":"https:\/\/api.w.org\/{rel}","templated":true}]}}