{"id":137483,"date":"2026-01-09T07:35:06","date_gmt":"2026-01-09T07:35:06","guid":{"rendered":"https:\/\/www.europesays.com\/fi\/137483\/"},"modified":"2026-01-09T07:35:06","modified_gmt":"2026-01-09T07:35:06","slug":"sportin-jattanyt-branden-troock-loysi-toita-hc-vitkovicesta-myos-miketinac-lahtokuopissa-liiga-09-01-2026-uutiset-jatkoaika-com","status":"publish","type":"post","link":"https:\/\/www.europesays.com\/fi\/137483\/","title":{"rendered":"Sportin j\u00e4tt\u00e4nyt Branden Troock l\u00f6ysi t\u00f6it\u00e4 HC V\u00edtkovicesta, my\u00f6s Miketinac l\u00e4ht\u00f6kuopissa &#8211; LIIGA &#8211; 09.01.2026 &#8211; Uutiset &#8211; Jatkoaika.com"},"content":{"rendered":"<p>Liigan viimeiselle sijalle j\u00e4m\u00e4ht\u00e4neen Vaasan Sportin tyhjennysmyynti jatkuu, kun seuran uusin varma l\u00e4htij\u00e4, hy\u00f6kk\u00e4\u00e4j\u00e4\u00a0<strong>Branden Troock<\/strong>, jatkaa kauttaan Extraligassa pelaavassa\u00a0HC V\u00edtkovicessa. H\u00e4nen sopimuksensa kattaa loppukauden, jonka lis\u00e4ksi siihen kuuluu optio ensi kaudesta.<\/p>\n<p>31-vuotias kanadalaishy\u00f6kk\u00e4\u00e4j\u00e4 solmi loppukauden mittaisen sopimuksen vaasalaisseuran kanssa vasta marraskuussa, mutta lopulta Slovakian p\u00e4\u00e4sarjassa kautensa aloittaneen Troockin komennus Pohjanmaalla kesti vain 14 ottelua. H\u00e4n ehti tekem\u00e4\u00e4n kyseisten ottelujen aikana tehot 3+2.<\/p>\n<p>\u2013 Branden on teknisesti eritt\u00e4in hyv\u00e4 pelaaja, jolla on kova laukaus, erinomainen ty\u00f6skentely kiekon kanssa ja hyv\u00e4 pelinlukutaito. Uskomme, ett\u00e4 h\u00e4n voi olla tehokas etenkin hy\u00f6kk\u00e4ysp\u00e4\u00e4ss\u00e4 ja tuo energiaa, keskittymist\u00e4 ja kilpailukyky\u00e4 j\u00e4\u00e4lle, seuran p\u00e4\u00e4valmentaja ja urheilujohtaja <strong>V\u00e1clav Vara\u010fa<\/strong> <a href=\"https:\/\/www.hc-vitkovice.cz\/article\/13561-Dalsi-Kanadan-ve-Vitkovicich-Branden-Troock-posili-utocne-siky-modrobilych\" rel=\"nofollow noopener\" target=\"_blank\">kertoo<\/a> tiedotteella.<\/p>\n<p>Expressen: My\u00f6s Kalle Miketinac on l\u00e4ht\u00f6kuopissa<\/p>\n<p>Ruotsalaislehti <a href=\"https:\/\/www.expressen.se\/sport\/hockey\/shl\/kalle-miketinac-muntligt-overens-med-orebro\/\" rel=\"nofollow noopener\" target=\"_blank\">Expressen<\/a> kertoo jo seuraavasta mahdollisesta l\u00e4htij\u00e4st\u00e4, joka on hy\u00f6kk\u00e4\u00e4j\u00e4\u00a0<strong>Kalle Miketinac<\/strong>. Ruotsalaishy\u00f6kk\u00e4\u00e4j\u00e4n uudeksi osoitteeksi uumoillaan \u00d6rebro HK:ta.<\/p>\n<p>26-vuotias\u00a0Kallinge\/Ronneby IF:n kasvatti pelaa kolmatta kauttaan vaasalaisseurassa. H\u00e4n on tehnyt kuluvalla kaudella 31 ottelussa viisi maalia ja sy\u00f6tt\u00e4nyt kahdeksan.<\/p>\n<p>Expressenin mukaan siirrosta on p\u00e4\u00e4sty jo yhteisymm\u00e4rrykseen, mutta Sport ei ole tiedottanut asiasta.<\/p>\n<p>Sportin ovat nyt kerrotun Troockin ohella varmuudella j\u00e4tt\u00e4neet K\u00e4rppiin siirtynyt\u00a0<strong>Sebastian St\u00e5lberg<\/strong>, Czechia2-seura VHK Vsetiniin siirtynyt<strong> Miroslav Svoboda<\/strong> sek\u00e4 JYPiin loppukauden lainalla siirtynyt\u00a0<strong>Viljami Nieminen<\/strong>. Lis\u00e4ksi Hockeynews.se <a href=\"https:\/\/hockeynews.se\/nyheter\/avslojar-johan-sundstrom-nara-ny-klubb\" rel=\"nofollow noopener\" target=\"_blank\">kertoo<\/a>\u00a0<strong>Johan Sundstr\u00f6min\u00a0<\/strong>olevan l\u00e4hell\u00e4 siirtoa Sveitsiin.<\/p>\n","protected":false},"excerpt":{"rendered":"Liigan viimeiselle sijalle j\u00e4m\u00e4ht\u00e4neen Vaasan Sportin tyhjennysmyynti jatkuu, kun seuran uusin varma l\u00e4htij\u00e4, hy\u00f6kk\u00e4\u00e4j\u00e4\u00a0Branden Troock, jatkaa kauttaan Extraligassa&hellip;\n","protected":false},"author":2,"featured_media":137484,"comment_status":"","ping_status":"","sticky":false,"template":"","format":"standard","meta":{"footnotes":""},"categories":[158],"tags":[33,31,30,23932,23931,159,32,160],"class_list":{"0":"post-137483","1":"post","2":"type-post","3":"status-publish","4":"format-standard","5":"has-post-thumbnail","7":"category-urheilu","8":"tag-fi","9":"tag-finland","10":"tag-finnish","11":"tag-myos-miketinac-lahtokuopissa-liiga-09-01-2026-uutiset-jatkoaika-com-kaikki-jaakiekosta","12":"tag-sportin-jattanyt-branden-troock-loysi-toita-hc-vitkovicesta","13":"tag-sports","14":"tag-suomi","15":"tag-urheilu"},"share_on_mastodon":{"url":"https:\/\/pubeurope.com\/@fi\/115863992658921621","error":""},"_links":{"self":[{"href":"https:\/\/www.europesays.com\/fi\/wp-json\/wp\/v2\/posts\/137483","targetHints":{"allow":["GET"]}}],"collection":[{"href":"https:\/\/www.europesays.com\/fi\/wp-json\/wp\/v2\/posts"}],"about":[{"href":"https:\/\/www.europesays.com\/fi\/wp-json\/wp\/v2\/types\/post"}],"author":[{"embeddable":true,"href":"https:\/\/www.europesays.com\/fi\/wp-json\/wp\/v2\/users\/2"}],"replies":[{"embeddable":true,"href":"https:\/\/www.europesays.com\/fi\/wp-json\/wp\/v2\/comments?post=137483"}],"version-history":[{"count":0,"href":"https:\/\/www.europesays.com\/fi\/wp-json\/wp\/v2\/posts\/137483\/revisions"}],"wp:featuredmedia":[{"embeddable":true,"href":"https:\/\/www.europesays.com\/fi\/wp-json\/wp\/v2\/media\/137484"}],"wp:attachment":[{"href":"https:\/\/www.europesays.com\/fi\/wp-json\/wp\/v2\/media?parent=137483"}],"wp:term":[{"taxonomy":"category","embeddable":true,"href":"https:\/\/www.europesays.com\/fi\/wp-json\/wp\/v2\/categories?post=137483"},{"taxonomy":"post_tag","embeddable":true,"href":"https:\/\/www.europesays.com\/fi\/wp-json\/wp\/v2\/tags?post=137483"}],"curies":[{"name":"wp","href":"https:\/\/api.w.org\/{rel}","templated":true}]}}