{"id":137493,"date":"2026-01-09T07:42:10","date_gmt":"2026-01-09T07:42:10","guid":{"rendered":"https:\/\/www.europesays.com\/fi\/137493\/"},"modified":"2026-01-09T07:42:10","modified_gmt":"2026-01-09T07:42:10","slug":"lasten-ja-nuorten-talvilomatoimintoihin-2026-ilmoittautuminen-alkaa-12-1-2026-klo-9-00","status":"publish","type":"post","link":"https:\/\/www.europesays.com\/fi\/137493\/","title":{"rendered":"Lasten ja nuorten talvilomatoimintoihin 2026 ilmoittautuminen alkaa 12.1.2026 klo 9.00"},"content":{"rendered":"<p>T\u00e4n\u00e4 vuonna talvilomalla ei tarvitse j\u00e4\u00e4d\u00e4 kotiin \u2013 Kirkkonummen vapaa-aikapalvelut j\u00e4rjest\u00e4\u00e4 ohjelmaa joka makuun:<\/p>\n<p><strong>Temasportlov p\u00e5 svenska keskustassa<\/strong> \u2013 vauhdikasta liikuntaa ja hauskoja aktiviteetteja koko viikon ajan. Ilmoittautuminen ja lis\u00e4tiedot: <a href=\"https:\/\/uusi.kuntapalvelut.fi\/kirkkonummi\/fi\/course\/1393\" rel=\"nofollow noopener\" target=\"_blank\">https:\/\/uusi.kuntapalvelut.fi\/kirkkonummi\/fi\/course\/1393<\/a><\/p>\n<p><strong>Lasten talvilomakerho Masalassa<\/strong> \u2013 leikkej\u00e4, pelej\u00e4 ja uusia kavereita turvallisessa ja iloisessa ymp\u00e4rist\u00f6ss\u00e4. Ilmoittautuminen ja lis\u00e4tiedot: <a href=\"https:\/\/uusi.kuntapalvelut.fi\/kirkkonummi\/fi\/course\/1403\" rel=\"nofollow noopener\" target=\"_blank\">https:\/\/uusi.kuntapalvelut.fi\/kirkkonummi\/fi\/course\/1403<\/a><\/p>\n<p><strong>Kokkauspaja Veikkolassa<\/strong> \u2013 tule oppimaan ruoanlaiton saloja ja loihtimaan herkkuja yhdess\u00e4 muiden kanssa. Ilmoittautuminen ja lis\u00e4tiedot: <a href=\"https:\/\/uusi.kuntapalvelut.fi\/kirkkonummi\/fi\/course\/1451\" rel=\"nofollow noopener\" target=\"_blank\">https:\/\/uusi.kuntapalvelut.fi\/kirkkonummi\/fi\/course\/1451<\/a><\/p>\n<p>Avoimet nuortenillat jatkuvat talvilomalla Masalan, Veikkolan sek\u00e4 Fyyrin nuorisotiloilla poikkeusaukioloajoilla, jotka p\u00e4ivitet\u00e4\u00e4n verkkosivustolle: <a href=\"https:\/\/kirkkonummi.fi\/nuorisotilat\/\" rel=\"nofollow noopener\" target=\"_blank\">https:\/\/kirkkonummi.fi\/nuorisotilat\/<\/a>.<\/p>\n<p>Talvipaku Kiertue<\/p>\n<p>Talvilomalla 2026 j\u00e4rjestet\u00e4\u00e4n maksuttomia liikuntatapahtumia koulujen liikuntasaleissa. Tapahtumat on suunnattu kaikille liikunnasta kiinnostuneille lapsille ja nuorille, ja niihin voi osallistua ilman ennakkoilmoittautumista. P\u00e4ivien aikana pelataan monipuolisesti eri lajeja, kuten salibandya, koripalloa, futsalia sek\u00e4 Kin-Ballia. Ohjaajat opastavat lajien perusteissa ja huolehtivat turvallisesta toiminnasta, joten mukaan voi tulla my\u00f6s ilman aiempaa kokemusta. Tapahtumissa korostuvat matalan kynnyksen liikkuminen, my\u00f6nteinen ilmapiiri ja yhteinen tekeminen.<\/p>\n<p>Tarkemmat p\u00e4iv\u00e4m\u00e4\u00e4r\u00e4t, aikataulut ja tapahtumapaikat julkaistaan tammikuun aikana osoitteessa:\u00a0<a href=\"https:\/\/kirkkonummi.fi\/lasten-ja-nuorten-harrastustoiminta\/harrastuspaku\/\" rel=\"nofollow noopener\" target=\"_blank\">https:\/\/kirkkonummi.fi\/lasten-ja-nuorten-harrastustoiminta\/harrastuspaku\/<\/a><\/p>\n<p>\n\tAiheeseen liittyy<\/p>\n","protected":false},"excerpt":{"rendered":"T\u00e4n\u00e4 vuonna talvilomalla ei tarvitse j\u00e4\u00e4d\u00e4 kotiin \u2013 Kirkkonummen vapaa-aikapalvelut j\u00e4rjest\u00e4\u00e4 ohjelmaa joka makuun: Temasportlov p\u00e5 svenska keskustassa&hellip;\n","protected":false},"author":2,"featured_media":137494,"comment_status":"","ping_status":"","sticky":false,"template":"","format":"standard","meta":{"footnotes":""},"categories":[5],"tags":[22,23,26,27,33,31,30,17,24,25,28,29,15,18,21,32,19,20,16],"class_list":{"0":"post-137493","1":"post","2":"type-post","3":"status-publish","4":"format-standard","5":"has-post-thumbnail","7":"category-otsikot","8":"tag-breaking-news","9":"tag-breakingnews","10":"tag-featured-news","11":"tag-featurednews","12":"tag-fi","13":"tag-finland","14":"tag-finnish","15":"tag-headlines","16":"tag-latest-news","17":"tag-latestnews","18":"tag-main-news","19":"tag-mainnews","20":"tag-news","21":"tag-otsikot","22":"tag-paauutiset","23":"tag-suomi","24":"tag-top-stories","25":"tag-topstories","26":"tag-uutiset"},"share_on_mastodon":{"url":"https:\/\/pubeurope.com\/@fi\/115864020143758973","error":""},"_links":{"self":[{"href":"https:\/\/www.europesays.com\/fi\/wp-json\/wp\/v2\/posts\/137493","targetHints":{"allow":["GET"]}}],"collection":[{"href":"https:\/\/www.europesays.com\/fi\/wp-json\/wp\/v2\/posts"}],"about":[{"href":"https:\/\/www.europesays.com\/fi\/wp-json\/wp\/v2\/types\/post"}],"author":[{"embeddable":true,"href":"https:\/\/www.europesays.com\/fi\/wp-json\/wp\/v2\/users\/2"}],"replies":[{"embeddable":true,"href":"https:\/\/www.europesays.com\/fi\/wp-json\/wp\/v2\/comments?post=137493"}],"version-history":[{"count":0,"href":"https:\/\/www.europesays.com\/fi\/wp-json\/wp\/v2\/posts\/137493\/revisions"}],"wp:featuredmedia":[{"embeddable":true,"href":"https:\/\/www.europesays.com\/fi\/wp-json\/wp\/v2\/media\/137494"}],"wp:attachment":[{"href":"https:\/\/www.europesays.com\/fi\/wp-json\/wp\/v2\/media?parent=137493"}],"wp:term":[{"taxonomy":"category","embeddable":true,"href":"https:\/\/www.europesays.com\/fi\/wp-json\/wp\/v2\/categories?post=137493"},{"taxonomy":"post_tag","embeddable":true,"href":"https:\/\/www.europesays.com\/fi\/wp-json\/wp\/v2\/tags?post=137493"}],"curies":[{"name":"wp","href":"https:\/\/api.w.org\/{rel}","templated":true}]}}