{"id":137506,"date":"2026-01-09T08:06:06","date_gmt":"2026-01-09T08:06:06","guid":{"rendered":"https:\/\/www.europesays.com\/fi\/137506\/"},"modified":"2026-01-09T08:06:06","modified_gmt":"2026-01-09T08:06:06","slug":"teollisuuden-uusiin-tilauksiin-tuli-marraskuussa-monttu-uutissuomalainen","status":"publish","type":"post","link":"https:\/\/www.europesays.com\/fi\/137506\/","title":{"rendered":"Teollisuuden uusiin tilauksiin tuli marraskuussa monttu | Uutissuomalainen"},"content":{"rendered":"<p>Teollisuuden uudet tilaukset v\u00e4heniv\u00e4t marraskuussa yli 26 prosenttia verrattuna toissa vuoden marraskuuhun, kertoo <a href=\"https:\/\/stat.fi\/julkaisu\/cmg0yil9f0y9p07w0v9j1zfjc\" rel=\"nofollow noopener\" target=\"_blank\">Tilastokeskus<\/a>.<\/p>\n<p>Laskua selitt\u00e4\u00e4 osin vuoden 2024 marraskuun tilausten poikkeuksellisen korkea arvo, jonka taustalla oli muutama suuri metalliteollisuuden tilaus. Metalliteollisuudessa tilausten arvo j\u00e4ikin 30,6 prosenttia pienemm\u00e4ksi kuin vertailukaudella.<\/p>\n<p>Viime vuoden tammi-marraskuun ajalta uusien tilausten arvo oli 2,4 prosenttia suurempi kuin toissa vuonna vastaavaan aikaan. Teollisuuden uusissa tilauksissa voimakkaat heilahtelut kuukausien v\u00e4lill\u00e4 ovat tyypillisi\u00e4.<\/p>\n<p>Suomen Yritt\u00e4jien ekonomisti Roope Ohlsbom totesi, ett\u00e4 vaikka marraskuu oli tilauksissa kolmas per\u00e4kk\u00e4inen laskukuukausi, on koko viime vuosi k\u00e4\u00e4ntym\u00e4ss\u00e4 kasvun puolelle.<\/p>\n<p>\u2013\u2009Heikohkosta syksyst\u00e4 huolimatta vuoden 2025 teollisuuden tilausluvut antavat edelleen aihetta varovaiseen optimismiin. Teollisuuden vahvistunut veto luo pohjaa talouskasvun k\u00e4ynnistymiselle, Ohlsbom sanoi tiedotteessa.<\/p>\n<p>Ohlsbomin mukaan Suomen teollisuuden kasvua on jarruttanut presidentti Donald Trumpin poukkoileva kauppapolitiikka. Pahimmat uhkakuvat eiv\u00e4t kuitenkaan ole k\u00e4yneet toteen.<\/p>\n<p>\u2013\u2009Yhdysvaltain tullipolitiikan synnytt\u00e4m\u00e4 ep\u00e4varmuus on onneksi helpottanut kev\u00e4\u00e4st\u00e4, ja teollisuuden elpymisen voidaan odottaa jatkuvan. Suomalaiset teollisuusyritykset ovat hyviss\u00e4 kasvuasemissa, jos EU onnistuu pysyttelem\u00e4\u00e4n ulkona pahimmista kauppasodista, Ohlsbom arvioi.<\/p>\n<p>\t\t\t\tKaivosalalla kova vauhti<\/p>\n<p>Teollisuuden ty\u00f6p\u00e4iv\u00e4korjattu <a href=\"https:\/\/stat.fi\/julkaisu\/cmg0dxxbs5vxj07t7ogf8xxlm\" rel=\"nofollow noopener\" target=\"_blank\">liikevaihto <\/a>kasvoi marraskuussa 4,1 prosenttia. Eniten kasvua oli kaivostoiminnassa ja louhinnassa, 22,5 prosenttia. Toimialan vientiliikevaihto kasvoi vertailukauteen verrattuna yli 53 prosenttia.<\/p>\n<p>Kausitasoitettu teollisuustuotanto kasvoi marraskuussa 0,5 prosenttia lokakuusta ja ty\u00f6p\u00e4iv\u00e4korjattu tuotanto 1,9 prosenttia verrattuna toissa vuoden marraskuuhun.<\/p>\n<p>Ohlsbom totesi, ett\u00e4 uudet tilaukset alkavat n\u00e4ky\u00e4 tuotannossa alkaneen vuoden aikana.<\/p>\n<p>\u2013\u2009Ep\u00e4varmuuksia on yh\u00e4, mutta teollisuusyritykset ennakoivat jo valoisampia aikoja. Talouden kasvuk\u00e4\u00e4nne alkaa usein teollisuudesta, Ohlsbom kannusti.<\/p>\n","protected":false},"excerpt":{"rendered":"Teollisuuden uudet tilaukset v\u00e4heniv\u00e4t marraskuussa yli 26 prosenttia verrattuna toissa vuoden marraskuuhun, kertoo Tilastokeskus. Laskua selitt\u00e4\u00e4 osin vuoden&hellip;\n","protected":false},"author":2,"featured_media":137507,"comment_status":"","ping_status":"","sticky":false,"template":"","format":"standard","meta":{"footnotes":""},"categories":[14],"tags":[22,23,585,1617,26,27,33,31,30,2464,17,6753,24,25,28,29,2619,15,18,21,32,78,19,20,56,16,23936,59,60,61],"class_list":{"0":"post-137506","1":"post","2":"type-post","3":"status-publish","4":"format-standard","5":"has-post-thumbnail","7":"category-ulkomaat","8":"tag-breaking-news","9":"tag-breakingnews","10":"tag-donald-trump","11":"tag-euroopan-unioni","12":"tag-featured-news","13":"tag-featurednews","14":"tag-fi","15":"tag-finland","16":"tag-finnish","17":"tag-globalisaatio","18":"tag-headlines","19":"tag-kansainvalinen-kauppa","20":"tag-latest-news","21":"tag-latestnews","22":"tag-main-news","23":"tag-mainnews","24":"tag-makrotalous-ja-talouspolitiikka","25":"tag-news","26":"tag-otsikot","27":"tag-paauutiset","28":"tag-suomi","29":"tag-talous","30":"tag-top-stories","31":"tag-topstories","32":"tag-ulkomaat","33":"tag-uutiset","34":"tag-vientikauppa","35":"tag-world","36":"tag-world-news","37":"tag-worldnews"},"share_on_mastodon":{"url":"https:\/\/pubeurope.com\/@fi\/115864114586521498","error":""},"_links":{"self":[{"href":"https:\/\/www.europesays.com\/fi\/wp-json\/wp\/v2\/posts\/137506","targetHints":{"allow":["GET"]}}],"collection":[{"href":"https:\/\/www.europesays.com\/fi\/wp-json\/wp\/v2\/posts"}],"about":[{"href":"https:\/\/www.europesays.com\/fi\/wp-json\/wp\/v2\/types\/post"}],"author":[{"embeddable":true,"href":"https:\/\/www.europesays.com\/fi\/wp-json\/wp\/v2\/users\/2"}],"replies":[{"embeddable":true,"href":"https:\/\/www.europesays.com\/fi\/wp-json\/wp\/v2\/comments?post=137506"}],"version-history":[{"count":0,"href":"https:\/\/www.europesays.com\/fi\/wp-json\/wp\/v2\/posts\/137506\/revisions"}],"wp:featuredmedia":[{"embeddable":true,"href":"https:\/\/www.europesays.com\/fi\/wp-json\/wp\/v2\/media\/137507"}],"wp:attachment":[{"href":"https:\/\/www.europesays.com\/fi\/wp-json\/wp\/v2\/media?parent=137506"}],"wp:term":[{"taxonomy":"category","embeddable":true,"href":"https:\/\/www.europesays.com\/fi\/wp-json\/wp\/v2\/categories?post=137506"},{"taxonomy":"post_tag","embeddable":true,"href":"https:\/\/www.europesays.com\/fi\/wp-json\/wp\/v2\/tags?post=137506"}],"curies":[{"name":"wp","href":"https:\/\/api.w.org\/{rel}","templated":true}]}}