{"id":137508,"date":"2026-01-09T08:07:08","date_gmt":"2026-01-09T08:07:08","guid":{"rendered":"https:\/\/www.europesays.com\/fi\/137508\/"},"modified":"2026-01-09T08:07:08","modified_gmt":"2026-01-09T08:07:08","slug":"ohjaamo-porin-chatin-aukioloajat-laajenevat-12-tammikuuta","status":"publish","type":"post","link":"https:\/\/www.europesays.com\/fi\/137508\/","title":{"rendered":"Ohjaamo Porin chatin aukioloajat laajenevat 12. tammikuuta"},"content":{"rendered":"<p>\n                                        Ohjaamo Porin chat palvelee alle 30-vuotiaita nuoria jatkossa entist\u00e4 laajemmilla aukioloajoilla. Chatin aukioloajat yhten\u00e4istet\u00e4\u00e4n Ohjaamon muun aukiolon kanssa.\n                                    <\/p>\n<p>Maanantaista 12. tammikuuta alkaen Ohjaamon chatissa voi asioida maanantaisin ja perjantaisin kello 12\u201315 sek\u00e4 tiistaista torstaihin kello 12\u201316.<\/p>\n<p>\u2013 Chatissa voi asioida anonyymisti, ja siell\u00e4 voi kysy\u00e4 mielt\u00e4 askarruttavista asioista esimerkiksi ty\u00f6h\u00f6n, koulutukseen, arkeen tai mielen hyvinvointiin liittyen,Ohjaamoty\u00f6ntekij\u00e4 <strong>Kristiina Jussila<\/strong> kertoo.<\/p>\n<p>Chatin aukioloaikojen ulkopuolella palvelun kautta voi j\u00e4tt\u00e4\u00e4 yhteydenottopyynn\u00f6n, johon Ohjaamon ty\u00f6ntekij\u00e4t vastaavat 1\u20133 arkip\u00e4iv\u00e4n kuluessa.<\/p>\n<p>Ohjaamo Porin chat l\u00f6ytyy Ohjaamo Porin nettisivuilta osoitteesta <a href=\"https:\/\/www.pori.fi\/vapaa-aika\/nuoret\/ohjaamo\/\" rel=\"nofollow noopener\" target=\"_blank\">pori.fi\/ohjaamo<\/a>.<\/p>\n<p>Ohjaamo Pori on Porin kaupungin nuorisoyksik\u00f6n maksuton palvelu kaikille alle 30-vuotiaille nuorille, ja sen fyysinen palvelupiste l\u00f6ytyy k\u00e4velykadun varrelta osoitteesta Yrj\u00f6nkatu 20 A, 28100 Pori.<\/p>\n","protected":false},"excerpt":{"rendered":"Ohjaamo Porin chat palvelee alle 30-vuotiaita nuoria jatkossa entist\u00e4 laajemmilla aukioloajoilla. Chatin aukioloajat yhten\u00e4istet\u00e4\u00e4n Ohjaamon muun aukiolon kanssa.&hellip;\n","protected":false},"author":2,"featured_media":137509,"comment_status":"","ping_status":"","sticky":false,"template":"","format":"standard","meta":{"footnotes":""},"categories":[12],"tags":[22,23,26,27,33,31,30,17,24,25,28,29,15,18,21,32,19,20,16],"class_list":{"0":"post-137508","1":"post","2":"type-post","3":"status-publish","4":"format-standard","5":"has-post-thumbnail","7":"category-suomi","8":"tag-breaking-news","9":"tag-breakingnews","10":"tag-featured-news","11":"tag-featurednews","12":"tag-fi","13":"tag-finland","14":"tag-finnish","15":"tag-headlines","16":"tag-latest-news","17":"tag-latestnews","18":"tag-main-news","19":"tag-mainnews","20":"tag-news","21":"tag-otsikot","22":"tag-paauutiset","23":"tag-suomi","24":"tag-top-stories","25":"tag-topstories","26":"tag-uutiset"},"share_on_mastodon":{"url":"https:\/\/pubeurope.com\/@fi\/115864118803894031","error":""},"_links":{"self":[{"href":"https:\/\/www.europesays.com\/fi\/wp-json\/wp\/v2\/posts\/137508","targetHints":{"allow":["GET"]}}],"collection":[{"href":"https:\/\/www.europesays.com\/fi\/wp-json\/wp\/v2\/posts"}],"about":[{"href":"https:\/\/www.europesays.com\/fi\/wp-json\/wp\/v2\/types\/post"}],"author":[{"embeddable":true,"href":"https:\/\/www.europesays.com\/fi\/wp-json\/wp\/v2\/users\/2"}],"replies":[{"embeddable":true,"href":"https:\/\/www.europesays.com\/fi\/wp-json\/wp\/v2\/comments?post=137508"}],"version-history":[{"count":0,"href":"https:\/\/www.europesays.com\/fi\/wp-json\/wp\/v2\/posts\/137508\/revisions"}],"wp:featuredmedia":[{"embeddable":true,"href":"https:\/\/www.europesays.com\/fi\/wp-json\/wp\/v2\/media\/137509"}],"wp:attachment":[{"href":"https:\/\/www.europesays.com\/fi\/wp-json\/wp\/v2\/media?parent=137508"}],"wp:term":[{"taxonomy":"category","embeddable":true,"href":"https:\/\/www.europesays.com\/fi\/wp-json\/wp\/v2\/categories?post=137508"},{"taxonomy":"post_tag","embeddable":true,"href":"https:\/\/www.europesays.com\/fi\/wp-json\/wp\/v2\/tags?post=137508"}],"curies":[{"name":"wp","href":"https:\/\/api.w.org\/{rel}","templated":true}]}}