{"id":137510,"date":"2026-01-09T08:08:08","date_gmt":"2026-01-09T08:08:08","guid":{"rendered":"https:\/\/www.europesays.com\/fi\/137510\/"},"modified":"2026-01-09T08:08:08","modified_gmt":"2026-01-09T08:08:08","slug":"meripaivien-best-of-rock-vol-1-konserttia-tahdittavat-jarkko-ahola-ja-marika-holtta","status":"publish","type":"post","link":"https:\/\/www.europesays.com\/fi\/137510\/","title":{"rendered":"Merip\u00e4ivien Best of Rock Vol. 1 -konserttia t\u00e4hditt\u00e4v\u00e4t Jarkko Ahola ja Marika H\u00f6ltt\u00e4"},"content":{"rendered":"<p>Ensimm\u00e4ist\u00e4 kertaa j\u00e4rjestett\u00e4v\u00e4ss\u00e4 Kymi Sinfoniettan ja Kotkan Merip\u00e4ivien Best of Rock Vol. 1 -konsertissa solisteina n\u00e4hd\u00e4\u00e4n Jarkko Ahola ja Marika H\u00f6ltt\u00e4. Solistit on julkaistu t\u00e4n\u00e4\u00e4n perjantaina 9.1. Konsertti j\u00e4rjestet\u00e4\u00e4n Satama Areenalla merip\u00e4iv\u00e4perjantaina 24.7. klo 18. Konsertin kapellimestarina toimii Antti Rissanen.<\/p>\n<p><strong>Jarkko Ahola<\/strong> tunnetaan koko kansan rocktenorina, jonka sielukas \u00e4\u00e4ni on lumonnut niin kotimaisen rock- ja hevimusiikin kuin tunnelmallisten ikivihreiden ja voimaballadien yst\u00e4v\u00e4t. Suuren yleis\u00f6n tietoisuuteen Ahola tuli aikoinaan Ter\u00e4sbetoni-yhtyeen solistina, basistina ja biisinkirjoittajana. Nyt h\u00e4n keikkailee sek\u00e4 sooloartistina ett\u00e4 oman b\u00e4ndins\u00e4 kanssa. H\u00e4nen syv\u00e4 intohimonsa musiikkia kohtaan on johtanut my\u00f6s muihin menestyksekk\u00e4isiin projekteihin, kuten Northern Kings ja Raskasta Joulua.<\/p>\n<p><strong>Marika H\u00f6ltt\u00e4<\/strong> on laulaja ja esiintyj\u00e4, jonka repertuaari kattaa laajan kirjon erilaisia musiikkityylej\u00e4. H\u00e4nen taidoistaan on p\u00e4\u00e4sty nauttimaan niin oopperalavalla Y\u00f6n kuningattaren roolissa kuin musikaalimaailmassa Christinen\u00e4 Oopperan kummituksessa tai suuren yleis\u00f6n edess\u00e4 hardstyle-rave-skeness\u00e4. H\u00f6ltt\u00e4 syttyy crossover-esiintymisist\u00e4, mutta nauttii my\u00f6s perinteist\u00e4. Intohimo erilaisia \u00e4\u00e4nenk\u00e4yt\u00f6n mahdollisuuksia ja show-elementtej\u00e4 kohtaan on vienyt h\u00e4net odottamattomiin paikkoihin, ja sen my\u00f6t\u00e4 h\u00e4n on pystynyt tuomaan aivan uusiakin yleis\u00f6j\u00e4 uusien genrejen pariin. H\u00f6lt\u00e4ll\u00e4 on erityisen rakas suhde Nightwishin musiikkiin.<\/p>\n<p><strong>Antti Rissanen<\/strong> on monialainen muusikko; pasunisti-pianisti, s\u00e4velt\u00e4j\u00e4, kapellimestari, sovittaja ja opettaja. Rissanen aloitti kapellimestarina synnyin kaupungissaan Kotkassa jo 15-vuotiaana. Rissasen kapellimestariteht\u00e4vien p\u00e4\u00e4paino on ollut big band ja rytmimusiikissa, mutta viidentoista viime vuoden aikana h\u00e4n on johtanut s\u00e4\u00e4nn\u00f6llisesti my\u00f6s eri sinfoniaorkestereita.<\/p>\n<p>Rissanen toimi moskovalaisen George Garanian -s\u00e4\u00e4ti\u00f6n big bandin ylikapellimestarina vuosina 2009\u20132019. UMO Jazz Orchestran projektikapellimestarina h\u00e4n on vieraillut vuodesta 1999 l\u00e4htien sek\u00e4 ty\u00f6skennellyt orkesterin taiteellisena partnerina vuosina 2012\u20132013. Rissasen p\u00e4\u00e4toimi on t\u00e4ll\u00e4 hetkell\u00e4 Metropolian musiikin koulutusohjelmassa, jossa h\u00e4n toimii pop\/jazz-puhallinsoitinten vastuuopettajana. Muusikkona Rissanen on ty\u00f6skennellyt lukuisissa tunnetuissa pop ja -jazzyhtyeiss\u00e4, tv-tuotannoissa ja big bandeissa niin Suomessa kuin ulkomaillakin ja tehnyt useita kansainv\u00e4lisi\u00e4 kiertueita yli 25 maassa.<\/p>\n<p>Best of Rock vol. 1-konsertissa kuullaan rockklassikkoja mm. Led Zeppelinilt\u00e4, Black Sabbathilta, Deep Purplelta, Iron Maidenilta, AC\/DC:lt\u00e4, Nightwishilt\u00e4 ja Metallicalta. Konsertin lipunmyynti on k\u00e4ynniss\u00e4 ja lippuja voi ostaa osoitteesta <a href=\"https:\/\/www.lippu.fi\/artist\/kymisinfonietta\/best-of-rock-vol-1-4031242\/\" target=\"_blank\" rel=\"noopener nofollow\">Lippu.fi<\/a>.<\/p>\n<p>Lis\u00e4tiedot konsertista <a href=\"https:\/\/meripaivat.com\/bestofrock\/\" target=\"_blank\" rel=\"noopener nofollow\">Meripaivat.com\/bestofrock<\/a>.<\/p>\n<p><img fetchpriority=\"high\" decoding=\"async\" class=\"alignnone size-full wp-image-115370 wpsmartcrop-image\" src=\"https:\/\/www.europesays.com\/fi\/wp-content\/uploads\/2026\/01\/MP26_Sinfonietta_www-kuvitus-3.jpg\" alt=\"Vasemmalla Jarkko Ahola, keskell\u00e4 tapahtuman kuvitus Best of Rock vol. 1, oikealla Marika H\u00f6ltt\u00e4.\" width=\"1200\" height=\"600\"   data-smartcrop-focus=\"[49,52]\"\/><\/p>\n","protected":false},"excerpt":{"rendered":"Ensimm\u00e4ist\u00e4 kertaa j\u00e4rjestett\u00e4v\u00e4ss\u00e4 Kymi Sinfoniettan ja Kotkan Merip\u00e4ivien Best of Rock Vol. 1 -konsertissa solisteina n\u00e4hd\u00e4\u00e4n Jarkko Ahola&hellip;\n","protected":false},"author":2,"featured_media":137511,"comment_status":"","ping_status":"","sticky":false,"template":"","format":"standard","meta":{"footnotes":""},"categories":[5],"tags":[22,23,26,27,33,31,30,17,24,25,28,29,15,18,21,32,19,20,16],"class_list":{"0":"post-137510","1":"post","2":"type-post","3":"status-publish","4":"format-standard","5":"has-post-thumbnail","7":"category-otsikot","8":"tag-breaking-news","9":"tag-breakingnews","10":"tag-featured-news","11":"tag-featurednews","12":"tag-fi","13":"tag-finland","14":"tag-finnish","15":"tag-headlines","16":"tag-latest-news","17":"tag-latestnews","18":"tag-main-news","19":"tag-mainnews","20":"tag-news","21":"tag-otsikot","22":"tag-paauutiset","23":"tag-suomi","24":"tag-top-stories","25":"tag-topstories","26":"tag-uutiset"},"share_on_mastodon":{"url":"https:\/\/pubeurope.com\/@fi\/115864122438990845","error":""},"_links":{"self":[{"href":"https:\/\/www.europesays.com\/fi\/wp-json\/wp\/v2\/posts\/137510","targetHints":{"allow":["GET"]}}],"collection":[{"href":"https:\/\/www.europesays.com\/fi\/wp-json\/wp\/v2\/posts"}],"about":[{"href":"https:\/\/www.europesays.com\/fi\/wp-json\/wp\/v2\/types\/post"}],"author":[{"embeddable":true,"href":"https:\/\/www.europesays.com\/fi\/wp-json\/wp\/v2\/users\/2"}],"replies":[{"embeddable":true,"href":"https:\/\/www.europesays.com\/fi\/wp-json\/wp\/v2\/comments?post=137510"}],"version-history":[{"count":0,"href":"https:\/\/www.europesays.com\/fi\/wp-json\/wp\/v2\/posts\/137510\/revisions"}],"wp:featuredmedia":[{"embeddable":true,"href":"https:\/\/www.europesays.com\/fi\/wp-json\/wp\/v2\/media\/137511"}],"wp:attachment":[{"href":"https:\/\/www.europesays.com\/fi\/wp-json\/wp\/v2\/media?parent=137510"}],"wp:term":[{"taxonomy":"category","embeddable":true,"href":"https:\/\/www.europesays.com\/fi\/wp-json\/wp\/v2\/categories?post=137510"},{"taxonomy":"post_tag","embeddable":true,"href":"https:\/\/www.europesays.com\/fi\/wp-json\/wp\/v2\/tags?post=137510"}],"curies":[{"name":"wp","href":"https:\/\/api.w.org\/{rel}","templated":true}]}}