{"id":137512,"date":"2026-01-09T08:09:08","date_gmt":"2026-01-09T08:09:08","guid":{"rendered":"https:\/\/www.europesays.com\/fi\/137512\/"},"modified":"2026-01-09T08:09:08","modified_gmt":"2026-01-09T08:09:08","slug":"ilves-heratti-huomiota-kotkansaarella-poliisi-seuraa-tilannetta-kymenlaakso","status":"publish","type":"post","link":"https:\/\/www.europesays.com\/fi\/137512\/","title":{"rendered":"Ilves her\u00e4tti huomiota Kotkansaarella \u2013 poliisi seuraa tilannetta | Kymenlaakso"},"content":{"rendered":"<p class=\"aw-1gybjub aw-5vja16 kEtdKx kmuxyA yle__article__paragraph\">Kaakkois-Suomen poliisi on saanut puolenvuoden sis\u00e4ll\u00e4 kaksi ilmoitusta Kotkan keskustan alueella liikkuvasta ilveksest\u00e4.<\/p>\n<p><img decoding=\"async\" alt=\"Ilves tassuttelee syv\u00e4ss\u00e4 lumihangessa korvat pystyss\u00e4.\" src=\"https:\/\/www.europesays.com\/fi\/wp-content\/uploads\/2026\/01\/39-15754836953a926d35be.jpeg\" class=\"aw-1l9m598 hKVVvP\"\/><\/p>\n<p>Avaa kuvien katselu<\/p>\n<p>Ilves on n\u00e4hty t\u00e4ll\u00e4 viikolla Kotkansaarella. Kuvan ilves ei ole kuvattu Kotkassa. Arkistokuva. Kuva: Brian Matthews \/ AOP<\/p>\n<p class=\"aw-1gybjub aw-1p7kakr kEtdKx cEmitX yle__article__paragraph\">Ilves on liikkunut t\u00e4ll\u00e4 viikolla taajama-alueella Kotkansaarella.<\/p>\n<p class=\"aw-1gybjub aw-1p7kakr kEtdKx cEmitX yle__article__paragraph\">Kotkan keskusta-alueella liikkuneesta el\u00e4imest\u00e4 tehtiin loppiaisena ilmoitus Kaakkois-Suomen poliisille. Poliisi teki my\u00f6s itse havainnon Kotkansaarella liikkuneesta ilveksest\u00e4 loppiaisena.<\/p>\n<p class=\"aw-1gybjub aw-1p7kakr kEtdKx cEmitX yle__article__paragraph\">Poliisista kerrotaan, ett\u00e4 edellinen ilmoitus Kotkansaarella liikkuvasta ilveksest\u00e4 on tullut marraskuussa.<\/p>\n<p class=\"aw-1gybjub aw-1p7kakr kEtdKx cEmitX yle__article__paragraph\">Poliisi kertoo, ett\u00e4 se seuraa ilveksest\u00e4 tehtyj\u00e4 havaintoja. Muille toimille ei ole t\u00e4ll\u00e4 hetkell\u00e4 tarvetta.<\/p>\n<p class=\"aw-1gybjub aw-1p7kakr kEtdKx cEmitX yle__article__paragraph\">\u2013 Mik\u00e4li ilves jatkossa aiheuttaisi ongelmia, harkitaan muita toimia, esimerkiksi el\u00e4imen karkottamista, kertoo yleisjohtaja <strong class=\"aw-ak79eh KyCXm yle__article__strong\">Jan Lindstr\u00f6m<\/strong> Kaakkois-Suomen poliisista.<\/p>\n<p class=\"aw-1gybjub aw-1p7kakr kEtdKx cEmitX yle__article__paragraph\">Ilveksen liikkeist\u00e4 julkaistiin loppiaisena p\u00e4ivityksi\u00e4 Facebookin Puskaradio Kotka -sivulla.<\/p>\n<p class=\"aw-1gybjub aw-1p7kakr kEtdKx cEmitX yle__article__paragraph\">Ihmiset kertoivat sosiaalisessa mediassa n\u00e4hneens\u00e4 ilveksen Kotkansaarella Haukkavuoren koulun l\u00e4hell\u00e4 sek\u00e4 Katariinan asuinalueella.<\/p>\n","protected":false},"excerpt":{"rendered":"Kaakkois-Suomen poliisi on saanut puolenvuoden sis\u00e4ll\u00e4 kaksi ilmoitusta Kotkan keskustan alueella liikkuvasta ilveksest\u00e4. Avaa kuvien katselu Ilves on&hellip;\n","protected":false},"author":2,"featured_media":137513,"comment_status":"","ping_status":"","sticky":false,"template":"","format":"standard","meta":{"footnotes":""},"categories":[117],"tags":[404,33,31,30,8209,465,12222,464,23618,72,476,52,118,32,119,477],"class_list":{"0":"post-137512","1":"post","2":"type-post","3":"status-publish","4":"format-standard","5":"has-post-thumbnail","7":"category-luonto","8":"tag-elaimet","9":"tag-fi","10":"tag-finland","11":"tag-finnish","12":"tag-ilves","13":"tag-kotka","14":"tag-kotkansaari","15":"tag-kymenlaakso","16":"tag-loppiainen","17":"tag-luonto","18":"tag-nature","19":"tag-poliisi","20":"tag-science","21":"tag-suomi","22":"tag-tiede","23":"tag-wildlife"},"share_on_mastodon":{"url":"https:\/\/pubeurope.com\/@fi\/115864126280641868","error":""},"_links":{"self":[{"href":"https:\/\/www.europesays.com\/fi\/wp-json\/wp\/v2\/posts\/137512","targetHints":{"allow":["GET"]}}],"collection":[{"href":"https:\/\/www.europesays.com\/fi\/wp-json\/wp\/v2\/posts"}],"about":[{"href":"https:\/\/www.europesays.com\/fi\/wp-json\/wp\/v2\/types\/post"}],"author":[{"embeddable":true,"href":"https:\/\/www.europesays.com\/fi\/wp-json\/wp\/v2\/users\/2"}],"replies":[{"embeddable":true,"href":"https:\/\/www.europesays.com\/fi\/wp-json\/wp\/v2\/comments?post=137512"}],"version-history":[{"count":0,"href":"https:\/\/www.europesays.com\/fi\/wp-json\/wp\/v2\/posts\/137512\/revisions"}],"wp:featuredmedia":[{"embeddable":true,"href":"https:\/\/www.europesays.com\/fi\/wp-json\/wp\/v2\/media\/137513"}],"wp:attachment":[{"href":"https:\/\/www.europesays.com\/fi\/wp-json\/wp\/v2\/media?parent=137512"}],"wp:term":[{"taxonomy":"category","embeddable":true,"href":"https:\/\/www.europesays.com\/fi\/wp-json\/wp\/v2\/categories?post=137512"},{"taxonomy":"post_tag","embeddable":true,"href":"https:\/\/www.europesays.com\/fi\/wp-json\/wp\/v2\/tags?post=137512"}],"curies":[{"name":"wp","href":"https:\/\/api.w.org\/{rel}","templated":true}]}}