{"id":137518,"date":"2026-01-09T08:25:08","date_gmt":"2026-01-09T08:25:08","guid":{"rendered":"https:\/\/www.europesays.com\/fi\/137518\/"},"modified":"2026-01-09T08:25:08","modified_gmt":"2026-01-09T08:25:08","slug":"the-handmaids-tale-tahti-on-a24n-kehutun-undertone-kauhuelokuvan-ainoa-nayttelija","status":"publish","type":"post","link":"https:\/\/www.europesays.com\/fi\/137518\/","title":{"rendered":"The Handmaid&#8217;s Tale -t\u00e4hti on A24:n kehutun Undertone-kauhuelokuvan ainoa n\u00e4yttelij\u00e4"},"content":{"rendered":"<p>Ahdistavaan \u00e4\u00e4nisuunnitteluun luottava Undertone saa ensi-iltansa maaliskuussa.<\/p>\n<p><a href=\"https:\/\/muropaketti.com\/avainsana\/a24\/\" target=\"_blank\" rel=\"noreferrer noopener nofollow\">A24<\/a> julkaisi teaserin ja melkein saman tien kunnon trailerin Undertone-kauhuelokuvasta, jonka p\u00e4\u00e4osassa n\u00e4hd\u00e4\u00e4n muun muassa The Handmaid\u2019s Tale -sarjasta tuttu Nina Kiri.<\/p>\n<p>H\u00e4n esitt\u00e4\u00e4 elokuvassa podcast-juontajaa, joka p\u00e4\u00e4tyy kuuntelelmaan ohjelmassaan kirottuja \u00e4\u00e4nityksi\u00e4.  <\/p>\n<p>Undertone sai maailmanensi-iltansa viime kes\u00e4n\u00e4 Fantasia Film Festival -tapahtumassa. Useampi levitt\u00e4j\u00e4 oli valmis latomaan dollareita p\u00f6yt\u00e4\u00e4n, mutta tarjouskilpailun voitti A24, joka pulitti leffan maailmanlaajuisista oikeuksista seitsem\u00e4nmumeroisen summan.<\/p>\n<p>Undertonen lyhyt virallinen synopsis kertoo alkuper\u00e4iskielell\u00e4 vain seuraavaa:<\/p>\n<p>\u201dThe host of a popular paranormal podcast becomes haunted by terrifying recordings mysteriously sent her way.\u201d<\/p>\n<p>Rotten Tomatoes tai Metacritic eiv\u00e4t ole viel\u00e4 laskeneet leffalle lukujaan, mutta esimerkiksi <a href=\"https:\/\/letterboxd.com\/film\/undertone-2025-1\/\" target=\"_blank\" rel=\"noreferrer noopener nofollow\">Letterboxdin<\/a> puolella pelottelun jo n\u00e4hneet p\u00e4\u00e4osin kehuvat sit\u00e4. <\/p>\n<p>Kanadalaiselokuva on ohjaaja-k\u00e4sikirjoittaja Ian Tuasonin debyyttit\u00e4yspitk\u00e4, jonka yhden tapahtumapaikan kuvissa n\u00e4hd\u00e4\u00e4n vain n\u00e4yttelij\u00e4 Kiri.<\/p>\n<p>Mukana ovat my\u00f6s muun muassa Kris Holden-Ried, Mich\u00e8le Duquet, Keana Lyn Bastidas ja Jeff Yung, mutta he toimivat teoksessa vain \u00e4\u00e4nin\u00e4yttelij\u00f6in\u00e4.<\/p>\n<p>A24 tuo Undertonen laajempaan levitykseen Yhdysvalloissa 13. maaliskuuta. Suomen ensi-illasta ei ole levitt\u00e4j\u00e4-tuotantoyhti\u00f6lle tuttuun tapaan t\u00e4ss\u00e4 vaiheessa viel\u00e4 mit\u00e4\u00e4n tietoa. <\/p>\n<p><a href=\"https:\/\/muropaketti.com\/wp-content\/uploads\/2026\/01\/undertone-juliste.jpg\" rel=\"nofollow noopener\" target=\"_blank\"><img fetchpriority=\"high\" decoding=\"async\" width=\"693\" height=\"1024\" alt=\"Undertone-juliste\" class=\"wp-image-917749 awpo-lazy\"  data- src=\"https:\/\/www.europesays.com\/fi\/wp-content\/uploads\/2026\/01\/undertone-juliste-693x1024.jpg\"\/><\/a>Kuva: \u00a9 A24<\/p>\n","protected":false},"excerpt":{"rendered":"Ahdistavaan \u00e4\u00e4nisuunnitteluun luottava Undertone saa ensi-iltansa maaliskuussa. A24 julkaisi teaserin ja melkein saman tien kunnon trailerin Undertone-kauhuelokuvasta, jonka&hellip;\n","protected":false},"author":2,"featured_media":137519,"comment_status":"","ping_status":"","sticky":false,"template":"","format":"standard","meta":{"footnotes":""},"categories":[131],"tags":[2890,155,2873,137,33,173,31,30,172,32,109],"class_list":{"0":"post-137518","1":"post","2":"type-post","3":"status-publish","4":"format-standard","5":"has-post-thumbnail","7":"category-elokuvat","8":"tag-a24","9":"tag-elokuvat","10":"tag-elokuvatrailerit","11":"tag-entertainment","12":"tag-fi","13":"tag-film","14":"tag-finland","15":"tag-finnish","16":"tag-movies","17":"tag-suomi","18":"tag-viihde"},"share_on_mastodon":{"url":"https:\/\/pubeurope.com\/@fi\/115864189277642897","error":""},"_links":{"self":[{"href":"https:\/\/www.europesays.com\/fi\/wp-json\/wp\/v2\/posts\/137518","targetHints":{"allow":["GET"]}}],"collection":[{"href":"https:\/\/www.europesays.com\/fi\/wp-json\/wp\/v2\/posts"}],"about":[{"href":"https:\/\/www.europesays.com\/fi\/wp-json\/wp\/v2\/types\/post"}],"author":[{"embeddable":true,"href":"https:\/\/www.europesays.com\/fi\/wp-json\/wp\/v2\/users\/2"}],"replies":[{"embeddable":true,"href":"https:\/\/www.europesays.com\/fi\/wp-json\/wp\/v2\/comments?post=137518"}],"version-history":[{"count":0,"href":"https:\/\/www.europesays.com\/fi\/wp-json\/wp\/v2\/posts\/137518\/revisions"}],"wp:featuredmedia":[{"embeddable":true,"href":"https:\/\/www.europesays.com\/fi\/wp-json\/wp\/v2\/media\/137519"}],"wp:attachment":[{"href":"https:\/\/www.europesays.com\/fi\/wp-json\/wp\/v2\/media?parent=137518"}],"wp:term":[{"taxonomy":"category","embeddable":true,"href":"https:\/\/www.europesays.com\/fi\/wp-json\/wp\/v2\/categories?post=137518"},{"taxonomy":"post_tag","embeddable":true,"href":"https:\/\/www.europesays.com\/fi\/wp-json\/wp\/v2\/tags?post=137518"}],"curies":[{"name":"wp","href":"https:\/\/api.w.org\/{rel}","templated":true}]}}