{"id":137540,"date":"2026-01-09T08:54:06","date_gmt":"2026-01-09T08:54:06","guid":{"rendered":"https:\/\/www.europesays.com\/fi\/137540\/"},"modified":"2026-01-09T08:54:06","modified_gmt":"2026-01-09T08:54:06","slug":"dark-river-festival-ensimmaiset-artistit-julki-ja-kaikki-lipputyypit-myynnissa-uutiset","status":"publish","type":"post","link":"https:\/\/www.europesays.com\/fi\/137540\/","title":{"rendered":"Dark River Festival: ensimm\u00e4iset artistit julki ja kaikki lipputyypit myynniss\u00e4 &#8211; Uutiset"},"content":{"rendered":"<p>          9.1.2026 10:07<\/p>\n<p><strong>Kes\u00e4n synkimm\u00e4n metalliviikonlopun rakentaminen on virallisesti alkanut.<\/strong><\/p>\n<p>&#13;<br \/>\nDark River Festivaleille ensi kes\u00e4n\u00e4\u00a0saapuu: <strong>Mokoma, Bloodred Hourglass, Marianas Rest, Kaunis Kuolematon, Assemble The Chariots, Fear Of Domination<\/strong><\/p>\n<p>Tarjolla on sek\u00e4 yhden ett\u00e4 kahden p\u00e4iv\u00e4n lippuja, PRIORITY-vaihtoehtoja nopeampaan sis\u00e4\u00e4np\u00e4\u00e4syyn sek\u00e4 Metal Friend -liput kahdelle. Olitpa liikkeell\u00e4 yksin tai yhdess\u00e4, l\u00f6yd\u00e4t varmasti itsellesi sopivan lipputyypin.<\/p>\n<p><strong>Nyt myynniss\u00e4:<\/strong><\/p>\n<ul>&#13;<\/p>\n<li>2 p\u00e4iv\u00e4\u00e4 \/ Perjantai \/ Lauantai<\/li>\n<p>&#13;<\/p>\n<li>PRIORITY-liput (2 p\u00e4iv\u00e4\u00e4, perjantai, lauantai)<\/li>\n<p>&#13;<\/p>\n<li>Metal Friend -paketit kahdelle (2 p\u00e4iv\u00e4\u00e4 ja 2 p\u00e4iv\u00e4\u00e4 PRIORITY)<\/li>\n<p>&#13;\n<\/ul>\n<p><strong>Leirint\u00e4mahdollisuus<\/strong>: Festivaaleilla on my\u00f6s leirint\u00e4alue, johon p\u00e4\u00e4sy edellytt\u00e4\u00e4 v\u00e4hint\u00e4\u00e4n 2 p\u00e4iv\u00e4n festivaalilippua. Lis\u00e4tietoa leirinn\u00e4st\u00e4 l\u00f6ytyy festivaalin omilta sivuilta.<\/p>\n<p><strong>Lis\u00e4\u00e4 nimi\u00e4, ohjelmaa ja aikatauluja paljastetaan kev\u00e4\u00e4n ja kes\u00e4n aikana!<\/strong><\/p>\n<p><a href=\"https:\/\/www.tiketti.fi\/dark-river-festival-2026-honkalan-ampumahiihtostadion-kotka-lippuja\/113422\" class=\"buy\" rel=\"nofollow noopener\" target=\"_blank\">Osta lippu<\/a><\/p>\n","protected":false},"excerpt":{"rendered":"9.1.2026 10:07 Kes\u00e4n synkimm\u00e4n metalliviikonlopun rakentaminen on virallisesti alkanut. &#13; Dark River Festivaleille ensi kes\u00e4n\u00e4\u00a0saapuu: Mokoma, Bloodred Hourglass,&hellip;\n","protected":false},"author":2,"featured_media":137541,"comment_status":"","ping_status":"","sticky":false,"template":"","format":"standard","meta":{"footnotes":""},"categories":[130],"tags":[16941,137,23940,33,31,30,23941,8972,4810,6746,23938,23937,32,11758,1667,23939,109],"class_list":{"0":"post-137540","1":"post","2":"type-post","3":"status-publish","4":"format-standard","5":"has-post-thumbnail","7":"category-viihde","8":"tag-bileet","9":"tag-entertainment","10":"tag-entrance-fee","11":"tag-fi","12":"tag-finland","13":"tag-finnish","14":"tag-gigs","15":"tag-keikat","16":"tag-keikka","17":"tag-lippu","18":"tag-lippuja","19":"tag-liput","20":"tag-suomi","21":"tag-tapahtuma","22":"tag-tapahtumat","23":"tag-tickets","24":"tag-viihde"},"share_on_mastodon":{"url":"https:\/\/pubeurope.com\/@fi\/115864303192304950","error":""},"_links":{"self":[{"href":"https:\/\/www.europesays.com\/fi\/wp-json\/wp\/v2\/posts\/137540","targetHints":{"allow":["GET"]}}],"collection":[{"href":"https:\/\/www.europesays.com\/fi\/wp-json\/wp\/v2\/posts"}],"about":[{"href":"https:\/\/www.europesays.com\/fi\/wp-json\/wp\/v2\/types\/post"}],"author":[{"embeddable":true,"href":"https:\/\/www.europesays.com\/fi\/wp-json\/wp\/v2\/users\/2"}],"replies":[{"embeddable":true,"href":"https:\/\/www.europesays.com\/fi\/wp-json\/wp\/v2\/comments?post=137540"}],"version-history":[{"count":0,"href":"https:\/\/www.europesays.com\/fi\/wp-json\/wp\/v2\/posts\/137540\/revisions"}],"wp:featuredmedia":[{"embeddable":true,"href":"https:\/\/www.europesays.com\/fi\/wp-json\/wp\/v2\/media\/137541"}],"wp:attachment":[{"href":"https:\/\/www.europesays.com\/fi\/wp-json\/wp\/v2\/media?parent=137540"}],"wp:term":[{"taxonomy":"category","embeddable":true,"href":"https:\/\/www.europesays.com\/fi\/wp-json\/wp\/v2\/categories?post=137540"},{"taxonomy":"post_tag","embeddable":true,"href":"https:\/\/www.europesays.com\/fi\/wp-json\/wp\/v2\/tags?post=137540"}],"curies":[{"name":"wp","href":"https:\/\/api.w.org\/{rel}","templated":true}]}}