{"id":137561,"date":"2026-01-09T09:25:07","date_gmt":"2026-01-09T09:25:07","guid":{"rendered":"https:\/\/www.europesays.com\/fi\/137561\/"},"modified":"2026-01-09T09:25:07","modified_gmt":"2026-01-09T09:25:07","slug":"helsinkiin-asennetaan-uuden-nakoisia-kaivonkansia","status":"publish","type":"post","link":"https:\/\/www.europesays.com\/fi\/137561\/","title":{"rendered":"Helsinkiin asennetaan uuden n\u00e4k\u00f6isi\u00e4 kaivonkansia"},"content":{"rendered":"<p>Design|Juhlavuoden kunniaksi tuhansiin kaivonkansiin tulee kuvio, josta on hankalampi hahmottaa mit\u00e4 se esitt\u00e4\u00e4 kuin vanhasta pisarasta.<\/p>\n<p class=\"article-body mb-nof-24 px-nof-16\">Helsinkiin ja muualle p\u00e4\u00e4kaupunkiseudulle asennetaan t\u00e4n\u00e4 vuonna tuhansia aivan uuden n\u00e4k\u00f6isi\u00e4 viem\u00e4rinkansia.<\/p>\n<p class=\"article-body mb-nof-24 px-nof-16\">Helsingin seudun ymp\u00e4rist\u00f6palvelut (HSY) uusii valtavia m\u00e4\u00e4ri\u00e4 kansia joka vuosi. Uusissa kansissa ei kuitenkaan ole tuttua pisarakuviota, vaan ne juhlistavat vesilaitosten 150-vuotisjuhlia.<\/p>\n<p><img decoding=\"async\" src=\"https:\/\/www.europesays.com\/fi\/wp-content\/uploads\/2026\/01\/1767950707_644_468.jpg\" alt=\"\" class=\"_Img_1rerz_1\" style=\"aspect-ratio:1\" loading=\"eager\"\/><\/p>\n<p class=\"article-body mb-nof-24 px-nof-16\">Kannessa n\u00e4kyy rengaskuvio, josta voi tulla mieleen esimerkiksi puunrunko vuosirenkaineen. Lis\u00e4ksi kannessa n\u00e4kyy vuosiluku 1876. Ilme viittaa kuitenkin veteen, El\u00e4m\u00e4n virta -nimisen teeman ovat suunnitelleet Aalto-yliopiston muotoilun opiskelijat. Samaa teemaa n\u00e4hd\u00e4\u00e4n my\u00f6s HSY:n pakettiautoissa.<\/p>\n<p class=\"article-body mb-nof-24 px-nof-16\">Kaivonkansia pit\u00e4isi siis uusia joka tapauksessa, Helsingiss\u00e4 niit\u00e4 asennetaan joka vuosi noin 2\u202f000 ja koko p\u00e4\u00e4kaupunkiseudulla miltei 4\u202f000. Eniten n\u00e4in tapahtuu, kun vesihuoltoverkostoa muutenkin uusitaan tai katuja p\u00e4\u00e4llystet\u00e4\u00e4n uudelleen, mutta v\u00e4lill\u00e4 itse kansi rikkoutuu.<\/p>\n<p class=\"article-body mb-nof-24 px-nof-16\">Kansia pit\u00e4\u00e4 olla tarpeeksi tihe\u00e4sti, koska niiden kautta p\u00e4\u00e4st\u00e4\u00e4n huoltamaan viem\u00e4ri\u00e4 ja esimerkiksi est\u00e4m\u00e4\u00e4n tukokset.<\/p>\n<p><img decoding=\"async\" src=\"https:\/\/www.europesays.com\/fi\/wp-content\/uploads\/2026\/01\/1767950707_570_468.jpg\" alt=\"Kaivonkansi HSY:n pisaralogolla. N\u00e4it\u00e4 on viime vuosina asennettu paljon, mutta Helsingiss\u00e4 n\u00e4kyy my\u00f6s viel\u00e4 vanhempia malleja.\" class=\"_Img_1rerz_1\" style=\"aspect-ratio:1.7777777777777777\" loading=\"eager\"\/><\/p>\n<p class=\"article-picture-caption\">Kaivonkansi HSY:n pisaralogolla. N\u00e4it\u00e4 on viime vuosina asennettu paljon, mutta Helsingiss\u00e4 n\u00e4kyy my\u00f6s viel\u00e4 vanhempia malleja. Kuva:\u00a0HSY<\/p>\n<p class=\"article-body mb-nof-24 px-nof-16\">Helsingin ensimm\u00e4inen vesijohto yleiseen k\u00e4ytt\u00f6\u00f6n avattiin joulukuun alussa vuonna 1876. Siksi HSY viett\u00e4\u00e4 nyt juhlavuotta esimerkiksi kiert\u00e4m\u00e4ll\u00e4 hanavesibaarin kanssa kes\u00e4n tapahtumissa ja rakentamalla uusia vesiposteja.<\/p>\n","protected":false},"excerpt":{"rendered":"Design|Juhlavuoden kunniaksi tuhansiin kaivonkansiin tulee kuvio, josta on hankalampi hahmottaa mit\u00e4 se esitt\u00e4\u00e4 kuin vanhasta pisarasta. Helsinkiin ja&hellip;\n","protected":false},"author":2,"featured_media":137562,"comment_status":"","ping_status":"","sticky":false,"template":"","format":"standard","meta":{"footnotes":""},"categories":[12],"tags":[22,23,26,27,33,31,30,17,46,24,25,28,29,15,18,21,32,19,20,16],"class_list":{"0":"post-137561","1":"post","2":"type-post","3":"status-publish","4":"format-standard","5":"has-post-thumbnail","7":"category-suomi","8":"tag-breaking-news","9":"tag-breakingnews","10":"tag-featured-news","11":"tag-featurednews","12":"tag-fi","13":"tag-finland","14":"tag-finnish","15":"tag-headlines","16":"tag-helsingin-sanomat","17":"tag-latest-news","18":"tag-latestnews","19":"tag-main-news","20":"tag-mainnews","21":"tag-news","22":"tag-otsikot","23":"tag-paauutiset","24":"tag-suomi","25":"tag-top-stories","26":"tag-topstories","27":"tag-uutiset"},"share_on_mastodon":{"url":"https:\/\/pubeurope.com\/@fi\/115864425238969540","error":""},"_links":{"self":[{"href":"https:\/\/www.europesays.com\/fi\/wp-json\/wp\/v2\/posts\/137561","targetHints":{"allow":["GET"]}}],"collection":[{"href":"https:\/\/www.europesays.com\/fi\/wp-json\/wp\/v2\/posts"}],"about":[{"href":"https:\/\/www.europesays.com\/fi\/wp-json\/wp\/v2\/types\/post"}],"author":[{"embeddable":true,"href":"https:\/\/www.europesays.com\/fi\/wp-json\/wp\/v2\/users\/2"}],"replies":[{"embeddable":true,"href":"https:\/\/www.europesays.com\/fi\/wp-json\/wp\/v2\/comments?post=137561"}],"version-history":[{"count":0,"href":"https:\/\/www.europesays.com\/fi\/wp-json\/wp\/v2\/posts\/137561\/revisions"}],"wp:featuredmedia":[{"embeddable":true,"href":"https:\/\/www.europesays.com\/fi\/wp-json\/wp\/v2\/media\/137562"}],"wp:attachment":[{"href":"https:\/\/www.europesays.com\/fi\/wp-json\/wp\/v2\/media?parent=137561"}],"wp:term":[{"taxonomy":"category","embeddable":true,"href":"https:\/\/www.europesays.com\/fi\/wp-json\/wp\/v2\/categories?post=137561"},{"taxonomy":"post_tag","embeddable":true,"href":"https:\/\/www.europesays.com\/fi\/wp-json\/wp\/v2\/tags?post=137561"}],"curies":[{"name":"wp","href":"https:\/\/api.w.org\/{rel}","templated":true}]}}