{"id":137584,"date":"2026-01-09T09:52:08","date_gmt":"2026-01-09T09:52:08","guid":{"rendered":"https:\/\/www.europesays.com\/fi\/137584\/"},"modified":"2026-01-09T09:52:08","modified_gmt":"2026-01-09T09:52:08","slug":"kymi-sinfoniettan-kuulijoiden-toive-tayttyy-vivaldin-vuodenajat-ja-handelin-vesimusiikkia","status":"publish","type":"post","link":"https:\/\/www.europesays.com\/fi\/137584\/","title":{"rendered":"Kymi Sinfoniettan kuulijoiden toive t\u00e4yttyy: Vivaldin vuodenajat ja H\u00e4ndelin Vesimusiikkia"},"content":{"rendered":"<p>Kymi Sinfoniettan kuulijoiden pitk\u00e4aikainen toive toteutuu ensi viikon konserteissa, joihin kiteytyy rakastetuimpiin ja esitetyimpiin kuuluvat barokkiteokset \u2013 Vuodenajat ja Vesimusiikki. Vivaldin Vuodenajat on yksi todellisista klassikoista ja varmasti tunnetuin viulukonserttosarja maailmassa \u2013 nelj\u00e4 vuodenaikaa, nelj\u00e4 konserttoa, t\u00e4ynn\u00e4 luonnon voimaa ja vertauskuvallisuutta el\u00e4m\u00e4n kiertokulusta. H\u00e4ndelin tanssillinen ja valoisa Vesimusiikki oli jo omana aikanaan suuri hitti, eik\u00e4 sen lumovoima ole viel\u00e4k\u00e4\u00e4n sammunut. Nyt kuulemme otteita sen kaikista kolmesta sarjasta.<\/p>\n<p>Konsertin liidaa Kymi Sinfoniettan oma barokkiasiantuntija, orkesterin konserttimestari <strong>Raymond Cox<\/strong>.<\/p>\n<p>Vuodenajat ja Vesimusiikkia soivat keskiviikkona 14.1. klo 18.30 Kotkan konserttitalolla ja torstaina 15.1. klo 18.30 Kuusankoskitalolla. Taiteilijatapaamiset j\u00e4rjestet\u00e4\u00e4n klo 17.30 alkaen Kotkan konserttitalon ravintola Vaustissa ja Kuusankoskitalon Hirvel\u00e4-kokoushuoneessa, haastateltavana on Raymond Cox.<\/p>\n<p>HUOM. Kymi Sinfoniettan konsertit alkavat jatkossa klo 18.30 (aiemmin klo 19) muutamaa poikkeusta lukuunottamatta (mm. lastenkonsertti, Joshua Jamesin vierailu ja Radion sinfoniaorkesterin konsertti).<\/p>\n<p>Lis\u00e4tiedot: <a href=\"https:\/\/kymisinfonietta.fi\/\" target=\"_blank\" rel=\"noopener nofollow\">Kymisinfonietta.fi<\/a><\/p>\n","protected":false},"excerpt":{"rendered":"Kymi Sinfoniettan kuulijoiden pitk\u00e4aikainen toive toteutuu ensi viikon konserteissa, joihin kiteytyy rakastetuimpiin ja esitetyimpiin kuuluvat barokkiteokset \u2013 Vuodenajat&hellip;\n","protected":false},"author":2,"featured_media":137585,"comment_status":"","ping_status":"","sticky":false,"template":"","format":"standard","meta":{"footnotes":""},"categories":[5],"tags":[22,23,26,27,33,31,30,17,24,25,28,29,15,18,21,32,19,20,16],"class_list":{"0":"post-137584","1":"post","2":"type-post","3":"status-publish","4":"format-standard","5":"has-post-thumbnail","7":"category-otsikot","8":"tag-breaking-news","9":"tag-breakingnews","10":"tag-featured-news","11":"tag-featurednews","12":"tag-fi","13":"tag-finland","14":"tag-finnish","15":"tag-headlines","16":"tag-latest-news","17":"tag-latestnews","18":"tag-main-news","19":"tag-mainnews","20":"tag-news","21":"tag-otsikot","22":"tag-paauutiset","23":"tag-suomi","24":"tag-top-stories","25":"tag-topstories","26":"tag-uutiset"},"share_on_mastodon":{"url":"https:\/\/pubeurope.com\/@fi\/115864531323376103","error":""},"_links":{"self":[{"href":"https:\/\/www.europesays.com\/fi\/wp-json\/wp\/v2\/posts\/137584","targetHints":{"allow":["GET"]}}],"collection":[{"href":"https:\/\/www.europesays.com\/fi\/wp-json\/wp\/v2\/posts"}],"about":[{"href":"https:\/\/www.europesays.com\/fi\/wp-json\/wp\/v2\/types\/post"}],"author":[{"embeddable":true,"href":"https:\/\/www.europesays.com\/fi\/wp-json\/wp\/v2\/users\/2"}],"replies":[{"embeddable":true,"href":"https:\/\/www.europesays.com\/fi\/wp-json\/wp\/v2\/comments?post=137584"}],"version-history":[{"count":0,"href":"https:\/\/www.europesays.com\/fi\/wp-json\/wp\/v2\/posts\/137584\/revisions"}],"wp:featuredmedia":[{"embeddable":true,"href":"https:\/\/www.europesays.com\/fi\/wp-json\/wp\/v2\/media\/137585"}],"wp:attachment":[{"href":"https:\/\/www.europesays.com\/fi\/wp-json\/wp\/v2\/media?parent=137584"}],"wp:term":[{"taxonomy":"category","embeddable":true,"href":"https:\/\/www.europesays.com\/fi\/wp-json\/wp\/v2\/categories?post=137584"},{"taxonomy":"post_tag","embeddable":true,"href":"https:\/\/www.europesays.com\/fi\/wp-json\/wp\/v2\/tags?post=137584"}],"curies":[{"name":"wp","href":"https:\/\/api.w.org\/{rel}","templated":true}]}}