{"id":137594,"date":"2026-01-09T10:09:10","date_gmt":"2026-01-09T10:09:10","guid":{"rendered":"https:\/\/www.europesays.com\/fi\/137594\/"},"modified":"2026-01-09T10:09:10","modified_gmt":"2026-01-09T10:09:10","slug":"tv-vinkki-vares-sheriffi-kova-kolmikko-paaosassa-antti-reini-jukka-puotila-ja-jasper-paakkonen","status":"publish","type":"post","link":"https:\/\/www.europesays.com\/fi\/137594\/","title":{"rendered":"TV-vinkki: Vares &#8211; Sheriffi &#8211; Kova kolmikko p\u00e4\u00e4osassa Antti Reini, Jukka Puotila ja Jasper P\u00e4\u00e4kk\u00f6nen"},"content":{"rendered":"<p><a href=\"https:\/\/www.suomi24.fi\/viihde\/l\/61530b1e8e5a7-2530.webp\" rel=\"nofollow noopener\" target=\"_blank\"><img decoding=\"async\" src=\"https:\/\/www.europesays.com\/fi\/wp-content\/uploads\/2026\/01\/61530b1e8e5a7-2530.webp.webp\" alt=\"Vares - Sheriffi\" loading=\"lazy\"\/><\/a><\/p>\n<p>Varesta ovat elokuvissa n\u00e4ytelleet Juha Veijonen ja Antti Reini. Kuvassa Reini. Kuva: Sub<\/p>\n<p><strong>Jussi Vares<\/strong> l\u00f6yt\u00e4\u00e4 kaksi ruumista Turun laitamilta: naisen, jota on ammuttu p\u00e4\u00e4h\u00e4n ja miehen, jonka keho on t\u00e4ynn\u00e4 riimuja muistuttavia viiltoja. N\u00e4m\u00e4 viillot viittaavat, ett\u00e4 murha olisi ollut osa h\u00e4m\u00e4r\u00e4\u00e4 rituaalia.<\/p>\n<p>Kohtalon oikusta vuotta my\u00f6hemmin Vares palkataan tutkimaan n\u00e4it\u00e4 henkirikoksia. Johtolangat viev\u00e4t Varesta kohti Turun alamaailmaa hallitsevaa n\u00e4kym\u00e4t\u00f6nt\u00e4 kummiset\u00e4\u00e4, Sheriffi\u00e4. Sheriffi on mies, jota kukaan ei tunne ja josta ei puhuta.<\/p>\n<p><a href=\"https:\/\/www.suomi24.fi\/viihde\/l\/61530b2cb3ef2-2530.webp\" rel=\"nofollow noopener\" target=\"_blank\"><img decoding=\"async\" src=\"https:\/\/www.europesays.com\/fi\/wp-content\/uploads\/2026\/01\/61530b2cb3ef2-2530.webp.webp\" alt=\"Vares - Sheriffi\" loading=\"lazy\"\/><\/a><\/p>\n<p>Vares ja jengi. Kuva: Sub<\/p>\n<p>Vares ajautuu vaarallisen l\u00e4helle &#8217;Raatia&#8217;, alamaailman salaista herrakerhoa, jonka j\u00e4senille ihmishenki on halpa hy\u00f6dyke. Penkoessaan tapausta Vares p\u00e4\u00e4see jopa liian l\u00e4helle totuutta&#8230;<\/p>\n<p>Ohjaaja: <strong>Hannu Salonen<\/strong>, 2015 (87&#8242;). P\u00e4\u00e4osissa: <strong>Antti Reini, Jukka Puotila, Jukka-Pekka Palo, Jasper P\u00e4\u00e4kk\u00f6nen, Karoliina Blackburn, Jarmo Per\u00e4l\u00e4.<\/strong><\/p>\n<p>Vares &#8211; Sheriffi pe 09.01. klo 22.55 MTV Sub<\/p>\n<p><a href=\"https:\/\/www.telsu.fi\/vares---sheriffi?ref=s24_article\" rel=\"noopener noreferrer nofollow\" target=\"_blank\">Katso lis\u00e4\u00e4 ohjelma-aikoja Telsu.fi<\/a><\/p>\n","protected":false},"excerpt":{"rendered":"Varesta ovat elokuvissa n\u00e4ytelleet Juha Veijonen ja Antti Reini. Kuvassa Reini. Kuva: Sub Jussi Vares l\u00f6yt\u00e4\u00e4 kaksi ruumista&hellip;\n","protected":false},"author":2,"featured_media":137595,"comment_status":"","ping_status":"","sticky":false,"template":"","format":"standard","meta":{"footnotes":""},"categories":[131],"tags":[155,137,33,173,31,30,172,32,109],"class_list":{"0":"post-137594","1":"post","2":"type-post","3":"status-publish","4":"format-standard","5":"has-post-thumbnail","7":"category-elokuvat","8":"tag-elokuvat","9":"tag-entertainment","10":"tag-fi","11":"tag-film","12":"tag-finland","13":"tag-finnish","14":"tag-movies","15":"tag-suomi","16":"tag-viihde"},"share_on_mastodon":{"url":"https:\/\/pubeurope.com\/@fi\/115864598167460381","error":""},"_links":{"self":[{"href":"https:\/\/www.europesays.com\/fi\/wp-json\/wp\/v2\/posts\/137594","targetHints":{"allow":["GET"]}}],"collection":[{"href":"https:\/\/www.europesays.com\/fi\/wp-json\/wp\/v2\/posts"}],"about":[{"href":"https:\/\/www.europesays.com\/fi\/wp-json\/wp\/v2\/types\/post"}],"author":[{"embeddable":true,"href":"https:\/\/www.europesays.com\/fi\/wp-json\/wp\/v2\/users\/2"}],"replies":[{"embeddable":true,"href":"https:\/\/www.europesays.com\/fi\/wp-json\/wp\/v2\/comments?post=137594"}],"version-history":[{"count":0,"href":"https:\/\/www.europesays.com\/fi\/wp-json\/wp\/v2\/posts\/137594\/revisions"}],"wp:featuredmedia":[{"embeddable":true,"href":"https:\/\/www.europesays.com\/fi\/wp-json\/wp\/v2\/media\/137595"}],"wp:attachment":[{"href":"https:\/\/www.europesays.com\/fi\/wp-json\/wp\/v2\/media?parent=137594"}],"wp:term":[{"taxonomy":"category","embeddable":true,"href":"https:\/\/www.europesays.com\/fi\/wp-json\/wp\/v2\/categories?post=137594"},{"taxonomy":"post_tag","embeddable":true,"href":"https:\/\/www.europesays.com\/fi\/wp-json\/wp\/v2\/tags?post=137594"}],"curies":[{"name":"wp","href":"https:\/\/api.w.org\/{rel}","templated":true}]}}