{"id":137608,"date":"2026-01-09T10:18:11","date_gmt":"2026-01-09T10:18:11","guid":{"rendered":"https:\/\/www.europesays.com\/fi\/137608\/"},"modified":"2026-01-09T10:18:11","modified_gmt":"2026-01-09T10:18:11","slug":"anna-abreu-poseeraa-bikineissa-aviomiehelta-paljonpuhuva-kommentti","status":"publish","type":"post","link":"https:\/\/www.europesays.com\/fi\/137608\/","title":{"rendered":"Anna Abreu poseeraa bikineiss\u00e4 \u2013 aviomiehelt\u00e4 paljonpuhuva kommentti"},"content":{"rendered":"<p>Anna Abreun seuraajat innostuivat lomakuvista.<\/p>\n<p class=\"article-body mb-nof-24 px-nof-16\">Laulaja <a class=\"font-bold underline-offset-[0.12em] [text-decoration:var(--person-link-text-decoration)] ![text-decoration-color:var(--person-link-text-decoration-color)]\" href=\"https:\/\/www.is.fi\/haku\/?query=Anna%20Abreu\" rel=\"nofollow noopener\" target=\"_blank\">Anna Abreu<\/a> on nauttinut olostaan l\u00e4mpimiss\u00e4 maisemissa.<\/p>\n<p class=\"article-body mb-nof-24 px-nof-16\">Abreu julkaisi keskiviikkona Instagramiin kuvia, miss\u00e4 h\u00e4n poseeraa mustissa bikineiss\u00e4 uima-altaan edess\u00e4. Taustalla n\u00e4kyv\u00e4t kauniit maisemat.<\/p>\n<p class=\"article-body mb-nof-24 px-nof-16\">\u2013 2026 love you already! Vikat auringons\u00e4teet + lomap\u00e4iv\u00e4t ja ens viikolla alkaa mun el\u00e4m\u00e4ni j\u00e4nnimm\u00e4t ja siisteimm\u00e4t treenikuukaudet. Ois pari areenaa vedett\u00e4v\u00e4n\u00e4, Abreu kirjoittaa.<\/p>\n<p class=\"article-body mb-nof-24 px-nof-16\">Abreun seuraajat hehkuttavat kuvia. Kommenttikentt\u00e4\u00e4n on ilmestynyt my\u00f6s Abreun aviomies, ex-lumilautailija <a class=\"font-bold underline-offset-[0.12em] [text-decoration:var(--person-link-text-decoration)] ![text-decoration-color:var(--person-link-text-decoration-color)]\" href=\"https:\/\/www.is.fi\/haku\/?query=Lauri%20Heiskari\" rel=\"nofollow noopener\" target=\"_blank\">Lauri Heiskari<\/a>, joka on kommentoinut kuvia muun muassa syd\u00e4nemojilla.<\/p>\n<p class=\"article-body mb-nof-24 px-nof-16\">\u2013 Ollu hyv\u00e4t n\u00e4kym\u00e4t, laulaja <a class=\"font-bold underline-offset-[0.12em] [text-decoration:var(--person-link-text-decoration)] ![text-decoration-color:var(--person-link-text-decoration-color)]\" href=\"https:\/\/www.is.fi\/haku\/?query=Benjamin%20Peltonen\" rel=\"nofollow noopener\" target=\"_blank\">Benjamin Peltonen<\/a> heitt\u00e4\u00e4.<\/p>\n<p class=\"article-body mb-nof-24 px-nof-16\">\u2013 Huhhhhhhhhh, radiojuontaja <a class=\"font-bold underline-offset-[0.12em] [text-decoration:var(--person-link-text-decoration)] ![text-decoration-color:var(--person-link-text-decoration-color)]\" href=\"https:\/\/www.is.fi\/haku\/?query=Julianna%20Jokela\" rel=\"nofollow noopener\" target=\"_blank\">Julianna Jokela<\/a> hehkuttaa.<\/p>\n<p class=\"article-body mb-nof-24 px-nof-16\">\u2013 Upeus. En malta oottaa areena-keikkoja, yksi seuraaja intoilee.<\/p>\n<p class=\"article-body mb-nof-24 px-nof-16\">Abreu valtaa Veikkaus-areenan lavan 20. ja 21. maaliskuuta uransa suurimmilla keikoilla. Keikkojen j\u00e4lkeen Abreu j\u00e4\u00e4 vuosien mittaiselle tauolle.<\/p>\n","protected":false},"excerpt":{"rendered":"Anna Abreun seuraajat innostuivat lomakuvista. Laulaja Anna Abreu on nauttinut olostaan l\u00e4mpimiss\u00e4 maisemissa. Abreu julkaisi keskiviikkona Instagramiin kuvia,&hellip;\n","protected":false},"author":2,"featured_media":137609,"comment_status":"","ping_status":"","sticky":false,"template":"","format":"standard","meta":{"footnotes":""},"categories":[5],"tags":[22,23,26,27,33,31,30,17,34,24,25,28,29,15,18,21,32,19,20,16],"class_list":{"0":"post-137608","1":"post","2":"type-post","3":"status-publish","4":"format-standard","5":"has-post-thumbnail","7":"category-otsikot","8":"tag-breaking-news","9":"tag-breakingnews","10":"tag-featured-news","11":"tag-featurednews","12":"tag-fi","13":"tag-finland","14":"tag-finnish","15":"tag-headlines","16":"tag-ilta-sanomat","17":"tag-latest-news","18":"tag-latestnews","19":"tag-main-news","20":"tag-mainnews","21":"tag-news","22":"tag-otsikot","23":"tag-paauutiset","24":"tag-suomi","25":"tag-top-stories","26":"tag-topstories","27":"tag-uutiset"},"share_on_mastodon":{"url":"https:\/\/pubeurope.com\/@fi\/115864633483336439","error":""},"_links":{"self":[{"href":"https:\/\/www.europesays.com\/fi\/wp-json\/wp\/v2\/posts\/137608","targetHints":{"allow":["GET"]}}],"collection":[{"href":"https:\/\/www.europesays.com\/fi\/wp-json\/wp\/v2\/posts"}],"about":[{"href":"https:\/\/www.europesays.com\/fi\/wp-json\/wp\/v2\/types\/post"}],"author":[{"embeddable":true,"href":"https:\/\/www.europesays.com\/fi\/wp-json\/wp\/v2\/users\/2"}],"replies":[{"embeddable":true,"href":"https:\/\/www.europesays.com\/fi\/wp-json\/wp\/v2\/comments?post=137608"}],"version-history":[{"count":0,"href":"https:\/\/www.europesays.com\/fi\/wp-json\/wp\/v2\/posts\/137608\/revisions"}],"wp:featuredmedia":[{"embeddable":true,"href":"https:\/\/www.europesays.com\/fi\/wp-json\/wp\/v2\/media\/137609"}],"wp:attachment":[{"href":"https:\/\/www.europesays.com\/fi\/wp-json\/wp\/v2\/media?parent=137608"}],"wp:term":[{"taxonomy":"category","embeddable":true,"href":"https:\/\/www.europesays.com\/fi\/wp-json\/wp\/v2\/categories?post=137608"},{"taxonomy":"post_tag","embeddable":true,"href":"https:\/\/www.europesays.com\/fi\/wp-json\/wp\/v2\/tags?post=137608"}],"curies":[{"name":"wp","href":"https:\/\/api.w.org\/{rel}","templated":true}]}}