{"id":137614,"date":"2026-01-09T10:34:07","date_gmt":"2026-01-09T10:34:07","guid":{"rendered":"https:\/\/www.europesays.com\/fi\/137614\/"},"modified":"2026-01-09T10:34:07","modified_gmt":"2026-01-09T10:34:07","slug":"millainen-bandijohtaja-dave-mustaine-oikeastaan-on-hyvin-suorasanainen-kuvailee-rumpali-dirk-verbeuren","status":"publish","type":"post","link":"https:\/\/www.europesays.com\/fi\/137614\/","title":{"rendered":"Millainen b\u00e4ndijohtaja Dave Mustaine oikeastaan on? Hyvin suorasanainen, kuvailee rumpali\u00a0Dirk Verbeuren"},"content":{"rendered":"<p>Megadeth on nyt tiiviisti esill\u00e4 kansainv\u00e4lisess\u00e4 musiikkimediassa, kun yhtyeen viimeisen albumin julkaisup\u00e4iv\u00e4 l\u00e4hestyy. Megadeth-levy tulee julki 23. tammikuuta, ja siit\u00e4 b\u00e4ndi sitten suuntaa monivuotiseksi suunnitellulle j\u00e4\u00e4hyv\u00e4iskiertueelleen. Suomessa rundi pist\u00e4ytyy kes\u00e4kuussa, kun orkesteri konsertoi yhten\u00e4 Tuska-festivaalin p\u00e4\u00e4esiintyj\u00e4n\u00e4.<\/p>\n<p>Rumpali Dirk Verbeuren p\u00e4\u00e4si vuorostaan haastateltavaksi <a href=\"https:\/\/youtu.be\/I2ZL2hkmBxU?si=KiOvbKbKkV9fHFEK\" rel=\"nofollow noopener\" target=\"_blank\">Freddy and the Friends -podcastin<\/a> tuoreessa jaksossa, ja miehelt\u00e4 kysyttiin muun muassa sellaista asiaa, ett\u00e4 millainen b\u00e4ndiliideri Dave Mustaine oikein on. Mustainella on maine melkoisen jyrkk\u00e4n\u00e4 kaverina, ja Verbeuren vahvistaa, ettei 64-vuotias johtaja juuri sanomisiaan kaunistele.<\/p>\n<p>\u201dOlen ty\u00f6skennellyt monien eri ihmisten kanssa ja aion ty\u00f6skennell\u00e4 vastakin, ja jokaisen kohdalla t\u00e4ytyy ymm\u00e4rt\u00e4\u00e4, miten he toimivat, mit\u00e4 he etsiv\u00e4t ja mit\u00e4 he sinulta odottavat. Aluksi se on aina sellaista hakemista, ja joskus siin\u00e4 menn\u00e4\u00e4n yrityksen ja erehdyksen kautta\u201d, Verbeuren aloittaa ja jatkaa:<\/p>\n<p>\u201dDave on hyvin suoraviivainen persoona. Mit\u00e4 tahansa h\u00e4nest\u00e4 sanotaan, niin ainakin h\u00e4nen kanssaan saat sit\u00e4, mit\u00e4 edess\u00e4si n\u00e4et. H\u00e4n sanoo sinulle p\u00e4in naamaa, jos h\u00e4n ei pid\u00e4 jostain tai jos h\u00e4n hakee jotain tai mit\u00e4 ikin\u00e4. H\u00e4nen kanssaan oli siis aika helppoa hahmottaa, mit\u00e4 h\u00e4n tahtoo.\u201d<\/p>\n<p>\u201dH\u00e4n saattaa sanoa, ett\u00e4 kuulkaas j\u00e4tk\u00e4t, haluan ett\u00e4 te tuotte t\u00e4h\u00e4n omia juttujanne. Haluan tehd\u00e4 t\u00e4m\u00e4n t\u00e4ll\u00e4 ja t\u00e4ll\u00e4 tavalla, ja siihen voitte sitten laittaa omat ideanne ja riffinne. Sitten teemme niin, ty\u00f6st\u00e4mme sit\u00e4 kaikkea ja lopuksi meill\u00e4 on valmiita biisej\u00e4 levylle. Selv\u00e4stikin kuvio toimii. Tietysti siin\u00e4 auttaa se, ett\u00e4 vartuin Megadethin musiikin \u00e4\u00e4rell\u00e4, joten ymm\u00e4rsin t\u00e4t\u00e4 yhtyett\u00e4 jo valmiiksi. Jos kysymyksess\u00e4 olisi jotain, mit\u00e4 en niin hyvin ymm\u00e4rt\u00e4isi, en ehk\u00e4 voisi osallistua niin vahvasti.\u201d<\/p>\n<p>Lue my\u00f6s: <a href=\"https:\/\/www.soundi.fi\/uutiskirje\/\" title=\"Tilaa Soundin uutiskirje\" class=\"underline-custom !font-montserrat !font-bold !underline-offset-4 !decoration-4 !decoration-red-600 !text-md\" rel=\"nofollow noopener\" target=\"_blank\">Tilaa Soundin uutiskirje ja tied\u00e4t mist\u00e4 kahvitauolla puhutaan! Nappaa ajankohtaiset musiikin uutiset ja puheenaiheet suoraan s\u00e4hk\u00f6postiin t\u00e4st\u00e4.<\/a><\/p>\n","protected":false},"excerpt":{"rendered":"Megadeth on nyt tiiviisti esill\u00e4 kansainv\u00e4lisess\u00e4 musiikkimediassa, kun yhtyeen viimeisen albumin julkaisup\u00e4iv\u00e4 l\u00e4hestyy. Megadeth-levy tulee julki 23. tammikuuta,&hellip;\n","protected":false},"author":2,"featured_media":137615,"comment_status":"","ping_status":"","sticky":false,"template":"","format":"standard","meta":{"footnotes":""},"categories":[132],"tags":[137,33,31,30,195,47,32,109],"class_list":{"0":"post-137614","1":"post","2":"type-post","3":"status-publish","4":"format-standard","5":"has-post-thumbnail","7":"category-musiikki","8":"tag-entertainment","9":"tag-fi","10":"tag-finland","11":"tag-finnish","12":"tag-music","13":"tag-musiikki","14":"tag-suomi","15":"tag-viihde"},"share_on_mastodon":{"url":"https:\/\/pubeurope.com\/@fi\/115864696822412493","error":""},"_links":{"self":[{"href":"https:\/\/www.europesays.com\/fi\/wp-json\/wp\/v2\/posts\/137614","targetHints":{"allow":["GET"]}}],"collection":[{"href":"https:\/\/www.europesays.com\/fi\/wp-json\/wp\/v2\/posts"}],"about":[{"href":"https:\/\/www.europesays.com\/fi\/wp-json\/wp\/v2\/types\/post"}],"author":[{"embeddable":true,"href":"https:\/\/www.europesays.com\/fi\/wp-json\/wp\/v2\/users\/2"}],"replies":[{"embeddable":true,"href":"https:\/\/www.europesays.com\/fi\/wp-json\/wp\/v2\/comments?post=137614"}],"version-history":[{"count":0,"href":"https:\/\/www.europesays.com\/fi\/wp-json\/wp\/v2\/posts\/137614\/revisions"}],"wp:featuredmedia":[{"embeddable":true,"href":"https:\/\/www.europesays.com\/fi\/wp-json\/wp\/v2\/media\/137615"}],"wp:attachment":[{"href":"https:\/\/www.europesays.com\/fi\/wp-json\/wp\/v2\/media?parent=137614"}],"wp:term":[{"taxonomy":"category","embeddable":true,"href":"https:\/\/www.europesays.com\/fi\/wp-json\/wp\/v2\/categories?post=137614"},{"taxonomy":"post_tag","embeddable":true,"href":"https:\/\/www.europesays.com\/fi\/wp-json\/wp\/v2\/tags?post=137614"}],"curies":[{"name":"wp","href":"https:\/\/api.w.org\/{rel}","templated":true}]}}