{"id":137621,"date":"2026-01-09T10:38:14","date_gmt":"2026-01-09T10:38:14","guid":{"rendered":"https:\/\/www.europesays.com\/fi\/137621\/"},"modified":"2026-01-09T10:38:14","modified_gmt":"2026-01-09T10:38:14","slug":"naantalin-musiikkijuhlat-huippuorkesterin-vierailu-ensi-kertaa-suomessa","status":"publish","type":"post","link":"https:\/\/www.europesays.com\/fi\/137621\/","title":{"rendered":"NAANTALIN MUSIIKKIJUHLAT: HUIPPUORKESTERIN VIERAILU ENSI KERTAA SUOMESSA"},"content":{"rendered":"<p><strong>MERELT\u00c4 JA MANTEREILTA<\/strong><\/p>\n<p>Naantalin Musiikkijuhlat aloittaa festivaalikes\u00e4n t\u00e4n\u00e4 vuonna 4.-13.6.2026 kymmenenp\u00e4iv\u00e4isell\u00e4 tapahtumana, jonka teemoista l\u00f6ytyy niin merellisyys kuin eri mannerten musiikki.<\/p>\n<p>-Olen suunnitellut kes\u00e4lle 2026 v\u00e4rikk\u00e4\u00e4n ohjelman, jossa kuullaan eri mannerten musiikkia, merellisi\u00e4 sointeja ja juhlitaan Euroopan kulttuurip\u00e4\u00e4kaupunkia. Merellinen Naantali ja sen idylliset l\u00e4hialueet ottavat konserttivieraat l\u00e4mpim\u00e4sti vastaan, kuvailee taiteellinen johtaja <strong>Elina V\u00e4h\u00e4l\u00e4.<\/strong><\/p>\n<p><strong>HUIPPUORKESTERI ENSI KERTAA SUOMEEN<\/strong><\/p>\n<p>Maailman t\u00e4m\u00e4n hetken seuratuinpiin viulisti-kapellimestareihin lukeutuvan <strong>Sasha Sitkovetskyn <\/strong>huippuorkesteri <strong>NMF Leopoldinum Chamber Orchestra <\/strong>on valloittanut Euroopan konserttisalit Lontoon Barbicanista K\u00f6\u00f6penhaminan Tivoliin ja aina Wienin Konzerthausiin asti. Naantalin kirkkoon se tuo ohjelman, jossa jokainen teos on kohokohta: Max Bruchin viulukonsertossa soi virtuositeetti ja tunteiden palo, Mozartin serenadi vilisee korvaan tarttuvia koukkuja. B\u00e9la Bart\u00f3kin Divertimento sekoittaa unenomaiset harhan\u00e4yt huolettomiin tansseihin.<\/p>\n<p>Brittil\u00e4inen Sitkovetsky on opiskellut nuoruudessaan <strong>Yeduhi Menuhinin<\/strong> oppilaana, kiert\u00e4\u00e4 aktiivisesti viulistusolistina maailman konserttilavoja ja ty\u00f6skentelee yh\u00e4 enenev\u00e4ss\u00e4 m\u00e4\u00e4rin my\u00f6s kapellimestarina johtaen Puolassa vaikuttavaa edustusorkesteriaan. Musiikkijuhlien konsertissa Sitkovetskilla on sek\u00e4 kapellimestarin ett\u00e4 solistin rooli. Ohjelmassa kuullaan musiikkia my\u00f6s orkesterin kotimaasta: <strong>Wojciech Kilar<\/strong> sai maailmanmaineen s\u00e4velt\u00e4m\u00e4ll\u00e4 musiikin elokuviin Bram Stokerin Dracula (1992) ja Naisen muotokuva (1996). S\u00e4velruno Orawa kiit\u00e4\u00e4 hurjassa rytmiss\u00e4 kohti Tatra-vuorten huippuja: hypnoottisen minimalismin merkkiteos venyy \u00e4\u00e4rirajoille \u2013 ja ylikin.<\/p>\n<p><strong>HUIPPUPIANISTI BARRY DOUGLAS PALAA NAANTALIIN<\/strong><\/p>\n<p><strong>Turun filharmoninen orkesteri<\/strong> avaa Naantalin Musiikkijuhlat <strong>Kristiina Poskan<\/strong> johdolla. Virolainen uutuus saa rinnalleen romantiikan kiistattomat merkkiteokset: Felix Mendelssohnin kolmas sinfonia on puolitarinallinen seikkailu Skotlannin keskiaikaisissa tunnelmissa. Robert Schumannin pianokonsertto taas punoo lyyrist\u00e4 duoa orkesterin ja solistin v\u00e4lille. <strong>Barry Douglasin<\/strong> maailmaa valloittanut herkkyys p\u00e4\u00e4see siin\u00e4 parhaimmilleen.<\/p>\n<p>Virolaisen musiikin uusimman komeetan <strong>Elis Hallikin<\/strong> avaruudelliset \u00e4\u00e4nimaisemat hurmaavat yleis\u00f6j\u00e4 nyt Euroopan konserttisaleissa. H\u00e4nen tuorein teoksensa Transience kuvaa ohikiit\u00e4v\u00e4\u00e4, tuskin havaittavaa hetke\u00e4 ajassa. Sellaista, jonka huomaa vasta kun se muuttuu muistoksi.<\/p>\n<p><strong>OLLI MUSTOSEN KANTAESITYS EINO LEINON JUHLAVUOTEEN<\/strong><\/p>\n<p>Runot, rakkaus ja pakenevat unelmat\u00a0 \u2013 konsertti kutsuu romantiikan peruselementtien \u00e4\u00e4relle. Robert Schumannin monikerroksinen laulusarja Dichterliebe (Runoilijan rakkautta) on lied-musiikin kulmakivi ja syv\u00e4sukellus pakkomielteen mekanismeihin. Arnold Sch\u00f6nbergin varhainen mestariteos Verkl\u00e4rte Nacht taas kertoo tarinan pariskunnasta, jonka y\u00f6llinen v\u00e4lienselvittely saa jopa t\u00e4htitaivaan tuikkimaan. Ernst Chaussonin Poeme syntyi Ivan Turgenevin kimurantin rakkausnovellin inspiroimana.<\/p>\n<p>My\u00f6s <strong>Olli Mustonen<\/strong> s\u00e4velt\u00e4\u00e4 kirjallisuuden klassikoille toisia el\u00e4mi\u00e4. Vastavalmistunut Kaleva on Naantalin musiikkijuhlien tilausteos, jossa <strong>Waltteri Torikan<\/strong> baritoni uppoutuu suomalaiseen mytologiaan Eino Leinon Helkavirren hengess\u00e4. Konserttilavalle nousevat <strong>Ioana Christina Goicea, Elina V\u00e4h\u00e4l\u00e4, Lilja Haatainen, Albert Sahlstr\u00f6m, Hartmut Rohde, Atte Kilpel\u00e4inen, Senja Rummukainen ja Kirill Kozlovsky.<\/strong><\/p>\n<p><strong>KLUBITUNNELMAA:\u00a0<\/strong><strong>MARIA YLIP\u00c4\u00c4, MARZI NYMAN, JUKKA PERKO, JAY KORTEHISTO<\/strong><\/p>\n<p>Suomalaisen jazzin kiistaton k\u00e4rkinimi, Dizzy Gillespien orkesterin kasvatti <strong>Jukka Perko<\/strong> palaa swingin kultakauden tunnelmiin. Konserttilavojen koomikkona tunnettu Perko soittaa saksofonia usein huumorilla, harvoin vakavissaan ja aina tosissaan. Samaa voi sanoa illan laulusolistista <strong>Jay Kortehistosta<\/strong>: mies on parkinnut nahkaansa k\u00e4rkiluokan kotimaisissa b\u00e4ndeiss\u00e4, kuten Jean S., Ricky Tick Big Band, Leningrad Cowboys ja Sunrise Avenue. Kun kaksi suupalttia jakavat lavan, ei turvatakuita voi luvata. Yksi on silti varmaa: kun Naantalin aurinko painuu unten maille, ilmassa sykkii wanhan ajan jazz.<\/p>\n<p>Loputonta lavakarismaa s\u00e4teilev\u00e4 n\u00e4yttelij\u00e4-laulaja <strong>Maria Ylip\u00e4\u00e4<\/strong> tuo Naantalin tyylikk\u00e4\u00e4n ohjelman. Aikaa kest\u00e4neet klassikot ja uudemmat hitit pit\u00e4v\u00e4t tunnelman katossa ja sykkeen tukevasti mukavuusalueella. B\u00e4ndin\u00e4 on suomalaisen musiikin All Stars -ketju: kitarassa \u201dSuomen Jimi Hendrix\u201d <strong>Marzi Nyman<\/strong>, harmonikassa kaikki soittimen rajat toistuvasti rikkonut <strong>Niko Kumpuvaara<\/strong>, ja bassossa pohjoisen pallonpuoliskon pisimpiin kuuluvan ansioluettelon omistava <strong>Ville Herrala<\/strong>. Perustan kaikelle luo rumpali <strong>Teppo M\u00e4kynen<\/strong>: kapulavelho, jonka rytmitajua rumpukonekin kadehtii. T\u00e4m\u00e4 musiikkiherkku nautitaan Kaivohuoneen mestarikokin suunnitteleman kolmen ruokalajin menuun kanssa<\/p>\n<p><strong>6.6. HARMONIKAN HURMIO<\/strong><\/p>\n<p><strong>Janne Valkeajoki<\/strong> on hurmannut niin kriitikot kuin yleis\u00f6t soittamalla harmonikkaa kuin kapellimestari orkesteria. Konsertin kaikki kappaleet palautuvat Ranskaan. Aurinkokuninkaan lempis\u00e4velt\u00e4j\u00e4n ja Versailles\u2019n hovin seremoniamestarin Jean-Philippe Rameaun musiikki soi harmonikalla h\u00e4mment\u00e4v\u00e4n hienosti. Valkeajoen sovitukset saivat varauksetonta hehkutusta jopa <strong>The New York Timesilta<\/strong>, joka nosti h\u00e4nen viimeisimm\u00e4n albuminsa vuoden 2024 parhaiden levyjen listalle. Nyt niit\u00e4 kuullaan el\u00e4v\u00e4n\u00e4 Rym\u00e4ttyl\u00e4n kirkossa.<\/p>\n<p><strong>7.6. SE SALAISEMPI <\/strong><strong>SIBELIU<\/strong><strong>S <\/strong><\/p>\n<p>S\u00e4velrunoillaan ja sinfonioillaan <strong>Jean Sibelius<\/strong> antoi konserttisalin kokoiset kasvot identiteetti\u00e4\u00e4n etsineelle Suomelle. Toisenlainen tarina soi intiimeiss\u00e4 kamariteoksissa: p\u00e4\u00e4hahmona ei seikkailekaan kokonainen kansakunta, vaan syv\u00e4sti tunteva taiteilija ja ihminen, jonka syvimm\u00e4t tunnot on s\u00e4\u00e4stetty salongin suojiin.<\/p>\n<p>Varhaisella pianosonaatilla Sibelius ilmensi romanttisen sankarin suurtekoja, kun taas nelj\u00e4 kappaletta op. 74 antautuu aforistisiin hetken mielijohteisiin. Sellon ja pianon myrskyis\u00e4 Malinconia syntyi keskell\u00e4 karmeaa perhetragediaa, ja Loviisa-triossa kaikuvat nuoruuden kes\u00e4muistot merellisiss\u00e4 m\u00f6kkimaisemissa. T\u00e4m\u00e4n konsertin upeista tulkinnoista vastaa mm. suomalaisen sellismin supert\u00e4hti <strong>Senja Rummukainen <\/strong>ja Barry Douglas.<\/p>\n<p><strong>JOUSIAKATEMIAN TULEVAISUUDEN T\u00c4HDET<\/strong><\/p>\n<p>Jousiakatemia on vuodesta 2009 l\u00e4htien koonnut yhteen maan lahjakkaimmat nuoret viulistit, sellistit ja alttoviulistit. Samalla se tarjoaa ponnahduslaudan suomalaisen jousimusiikin tuleville huippunimille: Naantalin Musiikkijuhlien suosituissa <strong>Tulevaisuuden t\u00e4hdet<\/strong> -konserteissa 8.6. ja 12.6. parrasvaloon p\u00e4\u00e4sev\u00e4t t\u00e4m\u00e4n hetken lupaavimmat opiskelijat, jotka esitt\u00e4v\u00e4t valikoiman kuluneen vuoden aikana konserttikuntoon hiotuista teoksista. Yleis\u00f6lle tarjoutuu siis harvinainen tilaisuus todistaa tulevaisuuden t\u00e4htien ilmi\u00f6m\u00e4ist\u00e4 taitoa ja tunnepitoisia tulkintoja jo t\u00e4n\u00e4\u00e4n. N\u00e4ist\u00e4 muusikoista kuullaan pian niin Suomen kuin maailman suurilla areenoilla.<\/p>\n<p><strong>UUTTA: K\u00c4VELYKONSERTIT VANHASSAKAUPUNGISSA<\/strong><\/p>\n<p>Uusi k\u00e4velykonsertti yhdist\u00e4\u00e4 idyllisen k\u00e4velyn, kiehtovat tarinat ja kolme ainutlaatuista minikonserttia \u2013 kaikki yhdess\u00e4 unohtumattomassa kes\u00e4illassa.<\/p>\n<p>Oppaan johdolla matkataan Naantalin kauniiden kujien l\u00e4pi kuullen tarinoita vanhan kaupungin soivasta historiasta. Matkan varrella istahdetaan nauttimaan kolmesta minikonsertista (\u00e1 20min), joissa esiintyv\u00e4t Turun Musiikkiakatemian, Suomen Vaskiakatemian nuoret muusikot sek\u00e4 sanataiteilija. Kaksi konserttipaikoista ovat t\u00e4m\u00e4n kierroksen ehdottomia kohokohtia: yksityisi\u00e4 pihoja, salaisia puutarhoja, joihin p\u00e4\u00e4sy avautuu yleis\u00f6lle vain t\u00e4ll\u00e4 kierroksella! Kolmannessa kohteessa, tunnelmallisessa kahvilamilj\u00f6\u00f6ss\u00e4, konsertti nautitaan kruunaten se juhlajuoman ja pienen suolapalan kera. Tarjoilu sis\u00e4ltyy lipun hintaan. K\u00e4velyn osuus kierroksella on maksimissaan 2km. K\u00e4velykonsertit toteutetaan yhteisty\u00f6ss\u00e4 Naantalin kaupungin matkailun, Naantalin Oppaiden ja Naantalin Kirjajuhlien kanssa.<\/p>\n<p><strong>\u00a0<\/strong><strong>TI 9.6. MOZART &amp; MYSTIKOT<\/strong><\/p>\n<p>W. A. Mozart, ikuinen lapsinero ja pitelem\u00e4t\u00f6n hulivili osasi tarvittaessa t\u00e4hd\u00e4t\u00e4 my\u00f6s ihmismielen herkkiin kohtiin. Kun klarinettikvinteton kuuluisa Larghetto hymyilee viel\u00e4 kainosti kyynelten l\u00e4pi, kaivautuu jousikvintetto kohti sielun syvimpi\u00e4 kerrostumia. Pjotr T\u0161aikovskin sanoin: &#8221;Kukaan muu ei ole kyennyt v\u00e4litt\u00e4m\u00e4\u00e4n musiikissa yht\u00e4 koskettavasti alistunutta, lohdutonta surua.&#8221;<\/p>\n<p>Argentiinalainen Osvaldo Golijov luo klezmerill\u00e4 ja tangolla kaikupohjan eksistentiaalisille kysymyksille. The Dream and Prayers of Isaac the Blind on kiehtova kertomus ranskalaisesta mystikkorabbista, jonka kirjoituksista tuli kabbalismin keskeisi\u00e4 oppeja. In Croce on vuonna 2025 kuolleen Sofia Gubaidulinan avainteos. Sellon ja harmonikan duossa maallinen ja taivaallinen riste\u00e4v\u00e4t matkalla kohti korkeampaa henkisyyden tasoa. Lavalla kuullaan RSO:n sooloklarinetisti <strong>Christoffer Sundqvistia<\/strong>, Wieniss\u00e4 vaikuttavaa viulisti <strong>Ioana Christina Goiceaa<\/strong>, alttoviulutaiteilija <strong>Anna Kreetta Gribacjevicia ja <\/strong>sellon grand old gentleman <strong>Arto Noras.<\/strong><\/p>\n<p><strong>KE 10.6. JUHLAT: RALF GOTH<\/strong><strong>\u00d3NI 80 VUOTTA<\/strong><\/p>\n<p>Pianon Grand Old Man ja Naantalin Musiikkijuhlien ehtym\u00e4t\u00f6n virtal\u00e4hde <strong>Ralf Goth\u00f3ni<\/strong> viett\u00e4\u00e4 80-vuotisjuhliaan. Lavan t\u00e4ytt\u00e4v\u00e4t Goth\u00f3nin itsens\u00e4 valitsemat koetellut bravuurit, vanhat yst\u00e4v\u00e4t ja nuoret lahjakkuudet.<\/p>\n<p>Alfred Schnittke provosoi puritanisteja risteytt\u00e4m\u00e4ll\u00e4 barokin ja modernismia. H\u00e4nen \u00e4itins\u00e4 kuolema v\u00e4ritt\u00e4\u00e4 pianokvintettoa: viilt\u00e4v\u00e4\u00e4 hulluutta ja loputtomia yll\u00e4tyksi\u00e4 tihkuva mestariteos on emotionaalinen vuoristorata, jossa haaveet ja aaveet menev\u00e4t surrealistisesti sekaisin. T\u00e4ydellisen vastakohdan tarjoaa klassismin huipentumiin kuuluva W. A. Mozartin pianokvartetto.<\/p>\n<p>Anton\u00edn Dvo\u0159ak liittyi huippusuositulla pianokvintetollaan romantikkos\u00e4velt\u00e4jien kunniagalleriaan Schubertin, Schumannin ja Brahmsin seuraan. Sis\u00e4syntyist\u00e4 draamaa ja b\u00f6\u00f6mil\u00e4isi\u00e4 kansanrytmej\u00e4 yhdistelev\u00e4 makupala on Goth\u00f3nin tavaramerkki, jossa kymmenien vuosien kokemus puhuu puolestaan.<\/p>\n<p><strong>Lasten Musiikkijuhlat<\/strong><\/p>\n<p>Lasten Musiikkijuhlat ovat keskeinen osa Naantalin Musiikkijuhlia. Perheille j\u00e4rjestet\u00e4\u00e4n la 6.6. puistojuhla Kirkkopuistossa yhteisty\u00f6ss\u00e4 Naantalin Pelastakaa Lapset ry:n, Naantalin kulttuuri- ja liikuntapalveluiden ja museoiden, Casa Haartmanin, OP Varsinais-Suomen, Finnlinesin ja Ahola Transportin kanssa. Puistojuhlassa kuullaan musiikkiesityksi\u00e4 lapsille, seurataan taikurin esityksi\u00e4, ratsastetaan keppareilla ja tehd\u00e4\u00e4n hauskoja liikuntahaasteita yhdess\u00e4. Su 7.6. Naantalin Museolla ja Casa Haartmanissa on perinteik\u00e4st\u00e4 puuhastelua ja askartelua.<\/p>\n<p><strong>Tiinalle! 22.2.2026 klo 17<\/strong><\/p>\n<p>Naantalin Musiikkijuhlat muistaa kiitollisuudella ja kaipauksella pitk\u00e4aikaista toimitusjohtajaansa <strong>Tiina Tunturia<\/strong>. Muistokonsertti j\u00e4rjestet\u00e4\u00e4n Naantalin kirkossa su 22.2.2026 klo 17 esiintyjin\u00e4 <strong>Elina V\u00e4h\u00e4l\u00e4, Arto Noras ja Juhani Lagerspetz.<\/strong> Taiteilijat ovat valinneet konserttiin teokseksi Schubertin trion, joka kuvastaa valoisaa ja syd\u00e4mellist\u00e4 Tiinaa persoonana sek\u00e4 h\u00e4nen tapaansa tehd\u00e4 el\u00e4m\u00e4nty\u00f6t\u00e4\u00e4n.<\/p>\n<p>\u201dH\u00e4nen valoisa, l\u00e4mmin, iloinen ja loppumattoman energinen persoonansa s\u00e4teili aina hyv\u00e4\u00e4 oloa Naantalin auringon lailla. Tiinan valtava ty\u00f6 Naantalin Musiikkijuhlien toimitusjohtajana on se perusta, jolle festivaali nyky\u00e4\u00e4nkin rakentuu. Olen sanomattoman kiitollinen kaikista niist\u00e4 yhteisist\u00e4 Naantalin-vuosista &#8211; taiteilijana sai aina tuntea olonsa mit\u00e4 syd\u00e4mellisimmin tervetulleeksi.\u201d, kertoo Elina V\u00e4h\u00e4l\u00e4.<\/p>\n<p>Tiina Tunturin Muistokonsertin k\u00e4siohjelman tuotosta puolet ohjataan John Nurmisen S\u00e4\u00e4ti\u00f6lle:<\/p>\n<p>John Nurmisen S\u00e4\u00e4ti\u00f6n teht\u00e4v\u00e4n\u00e4 on pelastaa It\u00e4meri ja sen perint\u00f6 tuleville sukupolville. S\u00e4\u00e4ti\u00f6 tekee lahjoitusvaroin tuloksellista ty\u00f6t\u00e4 rehev\u00f6itymisen v\u00e4hent\u00e4miseksi ja meriluonnon suojelemiseksi sek\u00e4 ihmisten merisuhteen vahvistamiseksi.<\/p>\n","protected":false},"excerpt":{"rendered":"MERELT\u00c4 JA MANTEREILTA Naantalin Musiikkijuhlat aloittaa festivaalikes\u00e4n t\u00e4n\u00e4 vuonna 4.-13.6.2026 kymmenenp\u00e4iv\u00e4isell\u00e4 tapahtumana, jonka teemoista l\u00f6ytyy niin merellisyys kuin&hellip;\n","protected":false},"author":2,"featured_media":137622,"comment_status":"","ping_status":"","sticky":false,"template":"","format":"standard","meta":{"footnotes":""},"categories":[130],"tags":[137,33,31,30,32,109],"class_list":{"0":"post-137621","1":"post","2":"type-post","3":"status-publish","4":"format-standard","5":"has-post-thumbnail","7":"category-viihde","8":"tag-entertainment","9":"tag-fi","10":"tag-finland","11":"tag-finnish","12":"tag-suomi","13":"tag-viihde"},"share_on_mastodon":{"url":"https:\/\/pubeurope.com\/@fi\/115864712205699618","error":""},"_links":{"self":[{"href":"https:\/\/www.europesays.com\/fi\/wp-json\/wp\/v2\/posts\/137621","targetHints":{"allow":["GET"]}}],"collection":[{"href":"https:\/\/www.europesays.com\/fi\/wp-json\/wp\/v2\/posts"}],"about":[{"href":"https:\/\/www.europesays.com\/fi\/wp-json\/wp\/v2\/types\/post"}],"author":[{"embeddable":true,"href":"https:\/\/www.europesays.com\/fi\/wp-json\/wp\/v2\/users\/2"}],"replies":[{"embeddable":true,"href":"https:\/\/www.europesays.com\/fi\/wp-json\/wp\/v2\/comments?post=137621"}],"version-history":[{"count":0,"href":"https:\/\/www.europesays.com\/fi\/wp-json\/wp\/v2\/posts\/137621\/revisions"}],"wp:featuredmedia":[{"embeddable":true,"href":"https:\/\/www.europesays.com\/fi\/wp-json\/wp\/v2\/media\/137622"}],"wp:attachment":[{"href":"https:\/\/www.europesays.com\/fi\/wp-json\/wp\/v2\/media?parent=137621"}],"wp:term":[{"taxonomy":"category","embeddable":true,"href":"https:\/\/www.europesays.com\/fi\/wp-json\/wp\/v2\/categories?post=137621"},{"taxonomy":"post_tag","embeddable":true,"href":"https:\/\/www.europesays.com\/fi\/wp-json\/wp\/v2\/tags?post=137621"}],"curies":[{"name":"wp","href":"https:\/\/api.w.org\/{rel}","templated":true}]}}