{"id":137670,"date":"2026-01-09T11:35:16","date_gmt":"2026-01-09T11:35:16","guid":{"rendered":"https:\/\/www.europesays.com\/fi\/137670\/"},"modified":"2026-01-09T11:35:16","modified_gmt":"2026-01-09T11:35:16","slug":"kolme-ehdokasta-jaljella-keski-suomen-hyvinvointialueen-johtajaksi","status":"publish","type":"post","link":"https:\/\/www.europesays.com\/fi\/137670\/","title":{"rendered":"Kolme ehdokasta j\u00e4ljell\u00e4 Keski-Suomen hyvinvointialueen johtajaksi"},"content":{"rendered":"<p>\t\t\t\t\t<a class=\"label\" rel=\"nofollow noopener\" href=\"http:\/\/www.laakarilehti.fi\/terveydenhuolto\/\" target=\"_blank\">Terveydenhuolto<\/a>\t\t\t\t\t\t\tSuom L\u00e4\u00e4k\u00e4ril 2026;81:e46889, www.laakarilehti.fi\/e46889\t\t\t<\/p>\n<p class=\"lead\">Jatkoon p\u00e4\u00e4si kaksi l\u00e4\u00e4k\u00e4ri\u00e4.<\/p>\n<p>Keski-Suomen hyvinvointialueen hyvinvointialuejohtajan hakuprosessi etenee soveltuvuusarviointeihin. Kolme hakijaa p\u00e4\u00e4si jatkoon 8. tammikuussa pidettyjen haastattelujen j\u00e4lkeen. <\/p>\n<p>He ovat l\u00e4\u00e4ketieteen tohtori <strong>Piia Aarnisalo<\/strong>, kauppatieteiden maisteri <strong>Kirsi Lev\u00e4pelto<\/strong> ja l\u00e4\u00e4ketieteen tohtori, dosentti <strong>Piia Vuorela<\/strong>. <\/p>\n<p>Soveltuvuusarvioinnit toteutetaan tammikuun aikana.<\/p>\n<p>Yhteens\u00e4 virkaa haki 27 henkil\u00f6\u00e4. Kuusi kutsuttiin haastatteluun.<\/p>\n<p>Aluevaltuuston on tarkoitus p\u00e4\u00e4tt\u00e4\u00e4 hyvinvointialuejohtajan valinnasta kokouksessaan 17. helmikuuta.<\/p>\n<p class=\"article__related-article aim-skip\"><strong>Lue lis\u00e4\u00e4:<\/strong> <a href=\"http:\/\/www.laakarilehti.fi\/terveydenhuolto\/keski-suomen-hyvinvointialueen-johtajaksi-haki-27-joukossa-kolme-laakaria\/\" rel=\"nofollow noopener\" target=\"_blank\">Keski-Suomen hyvinvointialueen johtajaksi haki 27 \u2013 joukossa kolme l\u00e4\u00e4k\u00e4ri\u00e4<\/a><\/p>\n<p>\t\t\t\t\t\t\tKirjoittaja<\/p>\n<p class=\"author\">Tiiamari Pennanen <\/p>\n","protected":false},"excerpt":{"rendered":"Terveydenhuolto Suom L\u00e4\u00e4k\u00e4ril 2026;81:e46889, www.laakarilehti.fi\/e46889 Jatkoon p\u00e4\u00e4si kaksi l\u00e4\u00e4k\u00e4ri\u00e4. Keski-Suomen hyvinvointialueen hyvinvointialuejohtajan hakuprosessi etenee soveltuvuusarviointeihin. Kolme hakijaa p\u00e4\u00e4si&hellip;\n","protected":false},"author":2,"featured_media":137671,"comment_status":"","ping_status":"","sticky":false,"template":"","format":"standard","meta":{"footnotes":""},"categories":[12],"tags":[22,23,26,27,33,31,30,17,24,25,28,29,15,18,21,32,19,20,16],"class_list":{"0":"post-137670","1":"post","2":"type-post","3":"status-publish","4":"format-standard","5":"has-post-thumbnail","7":"category-suomi","8":"tag-breaking-news","9":"tag-breakingnews","10":"tag-featured-news","11":"tag-featurednews","12":"tag-fi","13":"tag-finland","14":"tag-finnish","15":"tag-headlines","16":"tag-latest-news","17":"tag-latestnews","18":"tag-main-news","19":"tag-mainnews","20":"tag-news","21":"tag-otsikot","22":"tag-paauutiset","23":"tag-suomi","24":"tag-top-stories","25":"tag-topstories","26":"tag-uutiset"},"share_on_mastodon":{"url":"https:\/\/pubeurope.com\/@fi\/115864936302766517","error":""},"_links":{"self":[{"href":"https:\/\/www.europesays.com\/fi\/wp-json\/wp\/v2\/posts\/137670","targetHints":{"allow":["GET"]}}],"collection":[{"href":"https:\/\/www.europesays.com\/fi\/wp-json\/wp\/v2\/posts"}],"about":[{"href":"https:\/\/www.europesays.com\/fi\/wp-json\/wp\/v2\/types\/post"}],"author":[{"embeddable":true,"href":"https:\/\/www.europesays.com\/fi\/wp-json\/wp\/v2\/users\/2"}],"replies":[{"embeddable":true,"href":"https:\/\/www.europesays.com\/fi\/wp-json\/wp\/v2\/comments?post=137670"}],"version-history":[{"count":0,"href":"https:\/\/www.europesays.com\/fi\/wp-json\/wp\/v2\/posts\/137670\/revisions"}],"wp:featuredmedia":[{"embeddable":true,"href":"https:\/\/www.europesays.com\/fi\/wp-json\/wp\/v2\/media\/137671"}],"wp:attachment":[{"href":"https:\/\/www.europesays.com\/fi\/wp-json\/wp\/v2\/media?parent=137670"}],"wp:term":[{"taxonomy":"category","embeddable":true,"href":"https:\/\/www.europesays.com\/fi\/wp-json\/wp\/v2\/categories?post=137670"},{"taxonomy":"post_tag","embeddable":true,"href":"https:\/\/www.europesays.com\/fi\/wp-json\/wp\/v2\/tags?post=137670"}],"curies":[{"name":"wp","href":"https:\/\/api.w.org\/{rel}","templated":true}]}}