{"id":137674,"date":"2026-01-09T11:48:07","date_gmt":"2026-01-09T11:48:07","guid":{"rendered":"https:\/\/www.europesays.com\/fi\/137674\/"},"modified":"2026-01-09T11:48:07","modified_gmt":"2026-01-09T11:48:07","slug":"jani-sievisen-felicia-tytar-sai-isansa-hamilleen-reissusuunnitelmillaan","status":"publish","type":"post","link":"https:\/\/www.europesays.com\/fi\/137674\/","title":{"rendered":"Jani Sievisen Felicia-tyt\u00e4r sai is\u00e4ns\u00e4 h\u00e4milleen reissusuunnitelmillaan"},"content":{"rendered":"<p>Jani Sievisen tytt\u00e4ren matkasuunnitelmat saivat is\u00e4n h\u00e4milleen.<\/p>\n<p class=\"article-body mb-nof-24 px-nof-16\">Ex-uimari <a class=\"font-bold underline-offset-[0.12em] [text-decoration:var(--person-link-text-decoration)] ![text-decoration-color:var(--person-link-text-decoration-color)]\" href=\"https:\/\/www.is.fi\/haku\/?query=Jani%20Sievinen\" rel=\"nofollow noopener\" target=\"_blank\">Jani Sievinen<\/a> kertoo Instagramissa saaneensa viestin t\u00e4ysi-ik\u00e4iselt\u00e4 tytt\u00e4relt\u00e4\u00e4n<a class=\"font-bold underline-offset-[0.12em] [text-decoration:var(--person-link-text-decoration)] ![text-decoration-color:var(--person-link-text-decoration-color)]\" href=\"https:\/\/www.is.fi\/haku\/?query=%20Felicia%20Sieviselt%C3%A4\" rel=\"nofollow noopener\" target=\"_blank\"> Felicia Sieviselt\u00e4<\/a>.<\/p>\n<p class=\"article-body mb-nof-24 px-nof-16\">\u2013 Isk\u00e4, en tuu juhannuksena Suomeen. Ostettiin bilereissu Maltalle, tyt\u00e4r kertoi.<\/p>\n<p class=\"article-body mb-nof-24 px-nof-16\">Matka oli yll\u00e4tys Janille, joka halusi heti varmuuden, ett\u00e4 my\u00f6s \u00e4iti on tietoinen reissusta.<\/p>\n<p class=\"article-body mb-nof-24 px-nof-16\">\u2013 Tavallaan tiet\u00e4\u00e4, kuului vastaus.<\/p>\n<p class=\"article-body mb-nof-24 px-nof-16\">Samaan hengenvetoon Felicia pyysi lentolippuja Norjasta Suomeen sen j\u00e4lkeen kun Maltan reissu on heitetty. Suomeen on p\u00e4\u00e4st\u00e4v\u00e4, koska Nummelassa on mielenkiintoisen festivaalit.<\/p>\n<p class=\"article-body mb-nof-24 px-nof-16\">\u2013 Ei ziisus teid\u00e4n kanssa. Ei tullut mieleen lent\u00e4\u00e4 Maltalta Helsinkiin? Sievinen p\u00e4ivittelee.<\/p>\n<p class=\"article-body mb-nof-24 px-nof-16\">Is\u00e4n on siis aika alkaa kaivaa kuvetta.<\/p>\n<p class=\"article-body mb-nof-24 px-nof-16\">\u2013 Aika r\u00e4v\u00e4kk\u00e4 vuoden alku isk\u00e4lle, Sievinen naureskelee.<\/p>\n<p class=\"article-body mb-nof-24 px-nof-16\">\u2013 N\u00e4k\u00f6j\u00e4\u00e4n yritet\u00e4\u00e4n ottaa faijalta heti luulot pois, kun tulee t\u00e4ysi-ik\u00e4iseksi. Kumpaan lie tullut, is\u00e4\u00e4n vai \u00e4itiin? Sievinen pohdiskelee.<\/p>\n<p class=\"article-body mb-nof-24 px-nof-16\">Jani Sievisell\u00e4 on kaksi aikuista poikaa ja kolme tyt\u00e4rt\u00e4.<\/p>\n<p class=\"article-body mb-nof-24 px-nof-16\">Tytt\u00e4ret Felicia, <a class=\"font-bold underline-offset-[0.12em] [text-decoration:var(--person-link-text-decoration)] ![text-decoration-color:var(--person-link-text-decoration-color)]\" href=\"https:\/\/www.is.fi\/haku\/?query=Alma\" rel=\"nofollow noopener\" target=\"_blank\">Alma<\/a> ja <a class=\"font-bold underline-offset-[0.12em] [text-decoration:var(--person-link-text-decoration)] ![text-decoration-color:var(--person-link-text-decoration-color)]\" href=\"https:\/\/www.is.fi\/haku\/?query=Milla\" rel=\"nofollow noopener\" target=\"_blank\">Milla<\/a> asuvat Norjassa Kilpisj\u00e4rven korkeudella sijaitsevassa Bardufossissa \u00e4itins\u00e4 ja t\u00e4m\u00e4n uuden puolison kanssa. Aina kun Jani k\u00e4y Norjassa, h\u00e4n y\u00f6pyy ex-appivanhempiensa talossa.<\/p>\n<p class=\"article-body mb-nof-24 px-nof-16\">Jani sanoo, ett\u00e4 kaikki yhteiset hetket tytt\u00f6jen kanssa ovat h\u00e4nelle juhlaa. Vaikka tyt\u00f6t viett\u00e4v\u00e4t Suomessa kes\u00e4ns\u00e4 ja p\u00e4\u00e4osin muutkin lomansa, tuntuu yhdess\u00e4olo aina harvinaiselta herkulta, Sievinen kertoi Me Naisille joulukuussa.<\/p>\n","protected":false},"excerpt":{"rendered":"Jani Sievisen tytt\u00e4ren matkasuunnitelmat saivat is\u00e4n h\u00e4milleen. Ex-uimari Jani Sievinen kertoo Instagramissa saaneensa viestin t\u00e4ysi-ik\u00e4iselt\u00e4 tytt\u00e4relt\u00e4\u00e4n Felicia Sieviselt\u00e4.&hellip;\n","protected":false},"author":2,"featured_media":137675,"comment_status":"","ping_status":"","sticky":false,"template":"","format":"standard","meta":{"footnotes":""},"categories":[136],"tags":[407,137,33,31,30,34,408,32,109],"class_list":{"0":"post-137674","1":"post","2":"type-post","3":"status-publish","4":"format-standard","5":"has-post-thumbnail","7":"category-julkkikset","8":"tag-celebrities","9":"tag-entertainment","10":"tag-fi","11":"tag-finland","12":"tag-finnish","13":"tag-ilta-sanomat","14":"tag-julkkikset","15":"tag-suomi","16":"tag-viihde"},"share_on_mastodon":{"url":"https:\/\/pubeurope.com\/@fi\/115864987395909652","error":""},"_links":{"self":[{"href":"https:\/\/www.europesays.com\/fi\/wp-json\/wp\/v2\/posts\/137674","targetHints":{"allow":["GET"]}}],"collection":[{"href":"https:\/\/www.europesays.com\/fi\/wp-json\/wp\/v2\/posts"}],"about":[{"href":"https:\/\/www.europesays.com\/fi\/wp-json\/wp\/v2\/types\/post"}],"author":[{"embeddable":true,"href":"https:\/\/www.europesays.com\/fi\/wp-json\/wp\/v2\/users\/2"}],"replies":[{"embeddable":true,"href":"https:\/\/www.europesays.com\/fi\/wp-json\/wp\/v2\/comments?post=137674"}],"version-history":[{"count":0,"href":"https:\/\/www.europesays.com\/fi\/wp-json\/wp\/v2\/posts\/137674\/revisions"}],"wp:featuredmedia":[{"embeddable":true,"href":"https:\/\/www.europesays.com\/fi\/wp-json\/wp\/v2\/media\/137675"}],"wp:attachment":[{"href":"https:\/\/www.europesays.com\/fi\/wp-json\/wp\/v2\/media?parent=137674"}],"wp:term":[{"taxonomy":"category","embeddable":true,"href":"https:\/\/www.europesays.com\/fi\/wp-json\/wp\/v2\/categories?post=137674"},{"taxonomy":"post_tag","embeddable":true,"href":"https:\/\/www.europesays.com\/fi\/wp-json\/wp\/v2\/tags?post=137674"}],"curies":[{"name":"wp","href":"https:\/\/api.w.org\/{rel}","templated":true}]}}