{"id":137688,"date":"2026-01-09T12:02:08","date_gmt":"2026-01-09T12:02:08","guid":{"rendered":"https:\/\/www.europesays.com\/fi\/137688\/"},"modified":"2026-01-09T12:02:08","modified_gmt":"2026-01-09T12:02:08","slug":"kymenlaakson-museo-kohti-digitaalisempaa-ja-saavutettavampaa-kulttuuriperintoa-25-000-euron-avustus-digitointiin","status":"publish","type":"post","link":"https:\/\/www.europesays.com\/fi\/137688\/","title":{"rendered":"Kymenlaakson museo kohti digitaalisempaa ja saavutettavampaa kulttuuriperint\u00f6\u00e4 \u2013 25 000 euron avustus digitointiin"},"content":{"rendered":"<p>Kymenlaakson museo k\u00e4ynnist\u00e4\u00e4 vuoden 2026 merkitt\u00e4v\u00e4ll\u00e4 askeleella kohti digitaalisempaa ja saavutettavampaa kulttuuriperint\u00f6\u00e4. Digitaalisia sis\u00e4lt\u00f6j\u00e4 kaivattiin lis\u00e4\u00e4 my\u00f6s museon teett\u00e4m\u00e4ss\u00e4 tutkimuksessa.<\/p>\n<p>Kymenlaakson museo sai 25 000 euroa kuvataidekokoelmien digitointiin<\/p>\n<p>Opetus\u2011 ja kulttuuriministeri\u00f6 on my\u00f6nt\u00e4nyt Kymenlaakson museolle 25 000 euron avustuksen kuvataidekokoelmien digitointiin. Digitointihanke kohdistuu ensisijaisesti Hellmuth van Assendelftin muistokokoelmaan, jonka Kotkan kaupunki sai lahjoituksena vuonna 2025.<\/p>\n<p>Kokonaisuus sis\u00e4lt\u00e4\u00e4 liki 150 teosta, joissa yhdistyv\u00e4t sek\u00e4 Suomen kuvataiteen kultakauden mestarit ett\u00e4 my\u00f6hempi kotimainen taide. Hankkeessa teokset kuvataan ja tallennetaan museon kokoelmatietoj\u00e4rjestelm\u00e4\u00e4n. Lis\u00e4ksi tavoitteena on digitoida osa Kotkan kaupungin noin 1600 teoksen laajuisesta kokoelmasta, joka on esill\u00e4 muun muassa kirjastoissa, kouluissa ja virastoissa.<\/p>\n<p>Laadukas digitointi parantaa kuvataidekokoelmien saavutettavuutta ja mahdollistaa teosten laajemman hy\u00f6dynt\u00e4misen n\u00e4yttelyiss\u00e4, lainoissa sek\u00e4 erilaisissa digitaalisissa palveluissa ja esityksiss\u00e4. Teoksiin voi tutustua digitaalisesti ensin museon tiloissa ja my\u00f6hemmin tekij\u00e4noikeuksien salliessa Finna-palvelussa. My\u00f6s kokoelman\u00e4yttely on museon tulevaisuuden suunnitelmissa.<\/p>\n<p>Tuore vaikuttavuustutkimus: laajempaa tunnettuutta ja enemm\u00e4n digitaalisuutta<\/p>\n<p>Joulukuussa 2025 valmistunut Kymenlaakson museon vaikuttavuustutkimus osoittaa, ett\u00e4 museo n\u00e4hd\u00e4\u00e4n sidosryhmiens\u00e4 keskuudessa luotettavana, osaavana ja arvostettuna kumppanina. Museon n\u00e4yttely- ja tapahtumatoiminta Merikeskus Vellamossa on sen tunnetuin palvelu. Asiakkaat arvioivat museon toiminnan laadukkaaksi ja asiakaspalvelun yst\u00e4v\u00e4lliseksi. Tutkimus nostaa esiin my\u00f6s Kymenlaakson museon kehitystarpeita niin museon tunnettuuden vahvistamisen kuin digitaalisten palveluiden osalta.<\/p>\n<p>Tutkimus kertoo, ett\u00e4 museon tunnettuus on edelleen v\u00e4h\u00e4ist\u00e4 niin alueellisesti kuin valtakunnallisesti \u2013 vain 15 prosenttia alueellisista vastaajista kokee tuntevansa museon hyvin. My\u00f6s aluevastuumuseon teht\u00e4v\u00e4t ovat heikosti yleis\u00f6n tuntemia. Toisaalta sidosryhm\u00e4t tuntevat museon toimintaa ja teht\u00e4vi\u00e4 paremmin kuin n\u00e4yttelyk\u00e4vij\u00e4t. Kokonaistuloksissa korostui, ett\u00e4 Kymenlaakson museota pidet\u00e4\u00e4n houkuttelevana yhteisty\u00f6kumppanina. Museon vaikuttavuutta pidet\u00e4\u00e4n erityisen vahvana kymenlaaksolaisen identiteetin ja kotiseutuylpeyden vahvistamisessa.<\/p>\n<p>Tutkimuksen tulokset tukevat museon palvelujen pitk\u00e4j\u00e4nteist\u00e4 kehitt\u00e4misty\u00f6t\u00e4 erityisesti saavutettavuuden ja n\u00e4kyvyyden parantamiseksi sek\u00e4 digitaalisten palvelujen vahvistamiseksi.<\/p>\n<p>Vaikuttavuustutkimus toteutettiin loka\u2013marraskuussa 2025, ja siihen osallistui yhteens\u00e4 696 vastaajaa, joista asiakkaita oli 622 ja sidosryhmien edustajia 74. Lis\u00e4ksi hy\u00f6dynnettiin valtakunnallista omnibus-paneelia, joka toi 1000 vastausta. Tutkimuksen toteutti henkil\u00f6st\u00f6- ja tutkimuspalveluita tuottava Bondata.<\/p>\n<p><img fetchpriority=\"high\" decoding=\"async\" class=\"size-full wp-image-115392\" src=\"https:\/\/www.europesays.com\/fi\/wp-content\/uploads\/2026\/01\/Ellen-Thesleff_Iltavalaistus_1906_www.jpg\" alt=\"Luontomaisemakuva\" width=\"1000\" height=\"1000\"  \/>Hellmuth van Assendelftin taidekokoelma sis\u00e4lt\u00e4\u00e4 liki 150 teosta, joissa yhdistyv\u00e4t sek\u00e4 Suomen kuvataiteen kultakauden mestarit ett\u00e4 my\u00f6hempi kotimainen taide. Kuva: Kymenlaakson museo.<\/p>\n","protected":false},"excerpt":{"rendered":"Kymenlaakson museo k\u00e4ynnist\u00e4\u00e4 vuoden 2026 merkitt\u00e4v\u00e4ll\u00e4 askeleella kohti digitaalisempaa ja saavutettavampaa kulttuuriperint\u00f6\u00e4. Digitaalisia sis\u00e4lt\u00f6j\u00e4 kaivattiin lis\u00e4\u00e4 my\u00f6s museon&hellip;\n","protected":false},"author":2,"featured_media":137689,"comment_status":"","ping_status":"","sticky":false,"template":"","format":"standard","meta":{"footnotes":""},"categories":[5],"tags":[22,23,26,27,33,31,30,17,24,25,28,29,15,18,21,32,19,20,16],"class_list":{"0":"post-137688","1":"post","2":"type-post","3":"status-publish","4":"format-standard","5":"has-post-thumbnail","7":"category-otsikot","8":"tag-breaking-news","9":"tag-breakingnews","10":"tag-featured-news","11":"tag-featurednews","12":"tag-fi","13":"tag-finland","14":"tag-finnish","15":"tag-headlines","16":"tag-latest-news","17":"tag-latestnews","18":"tag-main-news","19":"tag-mainnews","20":"tag-news","21":"tag-otsikot","22":"tag-paauutiset","23":"tag-suomi","24":"tag-top-stories","25":"tag-topstories","26":"tag-uutiset"},"share_on_mastodon":{"url":"https:\/\/pubeurope.com\/@fi\/115865042484505961","error":""},"_links":{"self":[{"href":"https:\/\/www.europesays.com\/fi\/wp-json\/wp\/v2\/posts\/137688","targetHints":{"allow":["GET"]}}],"collection":[{"href":"https:\/\/www.europesays.com\/fi\/wp-json\/wp\/v2\/posts"}],"about":[{"href":"https:\/\/www.europesays.com\/fi\/wp-json\/wp\/v2\/types\/post"}],"author":[{"embeddable":true,"href":"https:\/\/www.europesays.com\/fi\/wp-json\/wp\/v2\/users\/2"}],"replies":[{"embeddable":true,"href":"https:\/\/www.europesays.com\/fi\/wp-json\/wp\/v2\/comments?post=137688"}],"version-history":[{"count":0,"href":"https:\/\/www.europesays.com\/fi\/wp-json\/wp\/v2\/posts\/137688\/revisions"}],"wp:featuredmedia":[{"embeddable":true,"href":"https:\/\/www.europesays.com\/fi\/wp-json\/wp\/v2\/media\/137689"}],"wp:attachment":[{"href":"https:\/\/www.europesays.com\/fi\/wp-json\/wp\/v2\/media?parent=137688"}],"wp:term":[{"taxonomy":"category","embeddable":true,"href":"https:\/\/www.europesays.com\/fi\/wp-json\/wp\/v2\/categories?post=137688"},{"taxonomy":"post_tag","embeddable":true,"href":"https:\/\/www.europesays.com\/fi\/wp-json\/wp\/v2\/tags?post=137688"}],"curies":[{"name":"wp","href":"https:\/\/api.w.org\/{rel}","templated":true}]}}