{"id":137694,"date":"2026-01-09T12:19:07","date_gmt":"2026-01-09T12:19:07","guid":{"rendered":"https:\/\/www.europesays.com\/fi\/137694\/"},"modified":"2026-01-09T12:19:07","modified_gmt":"2026-01-09T12:19:07","slug":"kat-dennings-marvel-skannasi-minut-olen-heidan-jarjestelmassaan","status":"publish","type":"post","link":"https:\/\/www.europesays.com\/fi\/137694\/","title":{"rendered":"Kat Dennings: &#8221;Marvel skannasi minut \u2013 olen heid\u00e4n j\u00e4rjestelm\u00e4ss\u00e4\u00e4n&#8221;"},"content":{"rendered":"<p>N\u00e4yttelij\u00e4 <strong>Kat Dennings <\/strong>kertoi, ett\u00e4 Marvel on \u201dskannannut\u201d, eli 3D-mallintanut h\u00e4nen kehonsa tulevia projekteja varten.<\/p>\n<p>Denningsill\u00e4 on pitk\u00e4 MCU-historia. H\u00e4n on n\u00e4ytellyt Darcy Lewis-hahmoa Thor-elokuvissa, sek\u00e4 WandaVision\u2013 ja What If\u2026? -sarjoissa.<\/p>\n<p>Lue my\u00f6s: <a href=\"https:\/\/www.episodi.fi\/uutiset\/koti-kuntoon-tahti-tim-allenin-uusi-sarja-jyraa-102-miljoonaa-katsojaa-per-jakso\/\" title=\"Koti kuntoon -t\u00e4hti Tim Allenin uusi sarja jyr\u00e4\u00e4 \u2013 10,2 miljoonaa katsojaa per jakso\" class=\"underline-custom !font-montserrat !font-bold !underline-offset-4 !decoration-4 !decoration-episodi-blue !text-md\" rel=\"nofollow noopener\" target=\"_blank\">Koti kuntoon -t\u00e4hti Tim Allenin uusi sarja jyr\u00e4\u00e4 \u2013 10,2 miljoonaa katsojaa per jakso<\/a><\/p>\n<p>Lue my\u00f6s: <a href=\"https:\/\/www.episodi.fi\/uutiset\/koti-kuntoon-tahti-tim-allenin-uudesta-sitcomista-julkaistiin-traileri-american-pie-mies-komppaa-ansiokkaasti\/\" title=\"Koti kuntoon -t\u00e4hti Tim Allenin uudesta sitcomista julkaistiin traileri \u2013 American Pie -mies komppaa ansiokkaasti\" class=\"underline-custom !font-montserrat !font-bold !underline-offset-4 !decoration-4 !decoration-episodi-blue !text-md\" rel=\"nofollow noopener\" target=\"_blank\">Koti kuntoon -t\u00e4hti Tim Allenin uudesta sitcomista julkaistiin traileri \u2013 American Pie -mies komppaa ansiokkaasti<\/a><\/p>\n<p>Kysytt\u00e4ess\u00e4 tulevasta Avengers: Doomsday -elokuvasta, Dennings naurahti:<\/p>\n<p>\u201dEn ole siin\u00e4, vaikka olenkin Marvel-universumissa. He ovat skannanneet minut, joten voivat laittaa minut mihin tahansa haluavat. Olen j\u00e4rjestelm\u00e4ss\u00e4\u201d.<\/p>\n<p>Kaikki eiv\u00e4t ole innoissaan \u201dskannaamisesta\u201d. Muun muassa<strong> Nicolas Cage<\/strong> on esitt\u00e4nyt voimakkaita vastalauseita AI:n hy\u00f6dynt\u00e4miselle.<\/p>\n<p>\u201dHe varastavat kehoni ja tekev\u00e4t mit\u00e4 haluavat digitaalisesti\u201d, h\u00e4n kommentoi maaliskuussa 2025.<\/p>\n<p>T\u00e4ll\u00e4 hetkell\u00e4 Dennings keskittyy<strong> Tim Allenin<\/strong> t\u00e4hditt\u00e4m\u00e4\u00e4n sitcom-sarjaan Shifting Gears.\u200b<\/p>\n<p>L\u00e4hde: <a href=\"https:\/\/variety.com\/2026\/film\/news\/kat-dennings-marvel-body-scan-1236626426\/\" rel=\"nofollow noopener\" target=\"_blank\">Variety<\/a><\/p>\n","protected":false},"excerpt":{"rendered":"N\u00e4yttelij\u00e4 Kat Dennings kertoi, ett\u00e4 Marvel on \u201dskannannut\u201d, eli 3D-mallintanut h\u00e4nen kehonsa tulevia projekteja varten. Denningsill\u00e4 on pitk\u00e4&hellip;\n","protected":false},"author":2,"featured_media":137695,"comment_status":"","ping_status":"","sticky":false,"template":"","format":"standard","meta":{"footnotes":""},"categories":[131],"tags":[155,137,33,173,31,30,23953,3282,172,32,109],"class_list":{"0":"post-137694","1":"post","2":"type-post","3":"status-publish","4":"format-standard","5":"has-post-thumbnail","7":"category-elokuvat","8":"tag-elokuvat","9":"tag-entertainment","10":"tag-fi","11":"tag-film","12":"tag-finland","13":"tag-finnish","14":"tag-kat-dennings","15":"tag-marvel","16":"tag-movies","17":"tag-suomi","18":"tag-viihde"},"share_on_mastodon":{"url":"https:\/\/pubeurope.com\/@fi\/115865109296084142","error":""},"_links":{"self":[{"href":"https:\/\/www.europesays.com\/fi\/wp-json\/wp\/v2\/posts\/137694","targetHints":{"allow":["GET"]}}],"collection":[{"href":"https:\/\/www.europesays.com\/fi\/wp-json\/wp\/v2\/posts"}],"about":[{"href":"https:\/\/www.europesays.com\/fi\/wp-json\/wp\/v2\/types\/post"}],"author":[{"embeddable":true,"href":"https:\/\/www.europesays.com\/fi\/wp-json\/wp\/v2\/users\/2"}],"replies":[{"embeddable":true,"href":"https:\/\/www.europesays.com\/fi\/wp-json\/wp\/v2\/comments?post=137694"}],"version-history":[{"count":0,"href":"https:\/\/www.europesays.com\/fi\/wp-json\/wp\/v2\/posts\/137694\/revisions"}],"wp:featuredmedia":[{"embeddable":true,"href":"https:\/\/www.europesays.com\/fi\/wp-json\/wp\/v2\/media\/137695"}],"wp:attachment":[{"href":"https:\/\/www.europesays.com\/fi\/wp-json\/wp\/v2\/media?parent=137694"}],"wp:term":[{"taxonomy":"category","embeddable":true,"href":"https:\/\/www.europesays.com\/fi\/wp-json\/wp\/v2\/categories?post=137694"},{"taxonomy":"post_tag","embeddable":true,"href":"https:\/\/www.europesays.com\/fi\/wp-json\/wp\/v2\/tags?post=137694"}],"curies":[{"name":"wp","href":"https:\/\/api.w.org\/{rel}","templated":true}]}}