{"id":137711,"date":"2026-01-09T12:40:08","date_gmt":"2026-01-09T12:40:08","guid":{"rendered":"https:\/\/www.europesays.com\/fi\/137711\/"},"modified":"2026-01-09T12:40:08","modified_gmt":"2026-01-09T12:40:08","slug":"brad-pitt-loukkantui-kesken-seitseman-elokuvan-kuvausten","status":"publish","type":"post","link":"https:\/\/www.europesays.com\/fi\/137711\/","title":{"rendered":"Brad Pitt loukkantui kesken Seitsem\u00e4n-elokuvan kuvausten"},"content":{"rendered":"<p>            Victor Chavez\/Shutterstock\/All Over Press\n        <\/p>\n<p class=\"subtitle \">Elokuvan k\u00e4sikirjoitus muuttui lennosta, kun n\u00e4yttelij\u00e4 joutui vakavaan ty\u00f6tapaturmaan.<\/p>\n<p class=\"article-content article-content-width !bg-background\">Vuonna 1995 ensi-iltaan tullut psykologinen j\u00e4nnityselokuva\u00a0Seitsem\u00e4n oli aikansa katsojamenestys, josta my\u00f6s\u00a0 kriitikoilla oli hyv\u00e4\u00e4 sanottavaa.\u00a0<\/p>\n<p class=\"font-weight-bold m-font-weight-bold article-content article-content-width !bg-background\">Videolla listataan leffoja, joissa kirosanat lentelev\u00e4t poikkeuksellisen paljon.\u00a0<\/p>\n<p class=\"article-content article-content-width !bg-background\">Elokuvassa  esitti konstaapeli David Millsi\u00e4 ja   pian el\u00e4kkeelle j\u00e4\u00e4v\u00e4\u00e4 ylikonstaapeli William Somerseti\u00e4. He jahtaavat sadistista sarjamurhaajaa Joe Doeta (), jonka tekem\u00e4t murhat perustuvat seitsem\u00e4\u00e4n kuolemansyntiin.<\/p>\n<p>        <a itemprop=\"url\" href=\"https:\/\/www.seiska.fi\/katso\/ei-herkkahermoisille-vaarallinen-suhde-leffan-loppukohtaus-oli-liikaa-yleisolle\/1613611\" rel=\"nofollow noopener\" target=\"_blank\"><\/p>\n<p>\nVaarallinen suhde\n<\/p>\n<p class=\"section-date\">\n        <strong class=\"article-section\" data-section=\"katso\"><br \/>\n            katso<br \/>\n        <\/strong><br \/>\n        15.2.2025 09:15\n    <\/p>\n<p>Ei herkk\u00e4hermoisille! Vaarallinen suhde -leffan loppukohtaus oli liikaa yleis\u00f6lle\n    <\/p>\n<p itemprop=\"description\" class=\"subtitle \">\n    N\u00e4yttelij\u00e4 Glenn Close vihasi hahmonsa kohtaloa, mutta ohjaaja toimi mielens\u00e4 mukaan.\n<\/p>\n<p>        <\/a><\/p>\n<p class=\"article-content article-content-width !bg-background\">J\u00e4nn\u00e4rin ohjaaja  joutui poikkeuksellisen haasteen eteen, kun leffat\u00e4hti Brad Pitt loukkaantui kesken kuvausten. Katsojiltakaan ei tapaturma j\u00e4\u00e4 huomaamatta.\u00a0<\/p>\n<p class=\"article-content article-content-width !bg-background\">Seitsem\u00e4n n\u00e4hd\u00e4\u00e4n TV5:ll\u00e4 perjantaina 9. tammikuuta.<\/p>\n<p>Kivulias takaa-ajo<\/p>\n<p class=\"article-content article-content-width !bg-background\">Yksi elokuvan toimintakohtauksista koitui Bradille kivuliaaksi, ja leffan t\u00e4hti joutui jopa paikattavaksi.<\/p>\n<p>                <img decoding=\"async\" src=\"https:\/\/www.europesays.com\/fi\/wp-content\/uploads\/2026\/01\/2041414.webp.jpeg\" width=\"576\" height=\"303\" title=\"Brad Pitt loukkaantui elokuvan kuvauksissa\" alt=\"Seitsem\u00e4n, 1995, Brad Pitt.\" loading=\"lazy\" \/>            <\/p>\n<p>            Moviestore\/All Over Press\n        <\/p>\n<p class=\"article-content article-content-width !bg-background\">Elokuvassa n\u00e4hd\u00e4\u00e4n takaa-ajokohtaus, jossa konstaapeli Mills jahtaa sarjamurhaajaa Los Angelesin kaduilla. Paetessaan John Doe putoaa paloportailta asfaltiin.<\/p>\n<p class=\"article-content article-content-width !bg-background\">Kohtausta tehdess\u00e4 Brad loukkaantui pahoin, kun h\u00e4nen k\u00e4tens\u00e4 iskeytyi auton tuulilasiin. Vammat olivat sen verran vakavat, ett\u00e4 n\u00e4yttelij\u00e4 joutui leikkausp\u00f6yd\u00e4lle ja k\u00e4si pakettiin.<\/p>\n<p>Kipsist\u00e4 p\u00e4\u00e4nvaivaa<\/p>\n<p class=\"article-content article-content-width !bg-background\">Tarinassa konstaapeli Millsin ei ollut tarkoitus loukkaantua n\u00e4in pahoin, joten ohjaajalle ei j\u00e4\u00e4nyt muuta vaihtoehtoa kuin muokata kesken filmauksen k\u00e4sikirjoitusta.\u00a0<\/p>\n<p class=\"article-content article-content-width !bg-background\">T\u00e4m\u00e4 oli k\u00e4yt\u00e4nn\u00f6llisempi ja edullisempi ratkaisu kuin keskeytt\u00e4\u00e4 kuvaukset siihen asti, kunnes Brad toipuisi ja p\u00e4\u00e4sisi eroon kipsist\u00e4\u00e4n.\u00a0<\/p>\n<p>                <img decoding=\"async\" src=\"https:\/\/www.europesays.com\/fi\/wp-content\/uploads\/2026\/01\/2041415.webp.jpeg\" width=\"576\" height=\"322\" alt=\"Brad Pitt loukkaantui elokuvan kuvauksissa\" loading=\"lazy\" \/>            <\/p>\n<p>            Snap\/All Over Press\n        <\/p>\n<p class=\"article-content article-content-width !bg-background\">P\u00e4\u00e4nvaivaa aiheuttivat takaa-ajoa ja loukkaantumista edelt\u00e4v\u00e4t kohtaukset, joita ei kuvaus-aikataulun vuoksi oltu viel\u00e4 ehditty purkittaa.\u00a0<\/p>\n<p class=\"article-content article-content-width !bg-background\">David Fincher ratkaisi tilanteen kuvaamalla Bradin hahmoa niin, ett\u00e4 n\u00e4yttelij\u00e4n kipsattu k\u00e4si j\u00e4i piiloon kameralta.<\/p>\n<p class=\"italic m-italic article-content article-content-width !bg-background\">Seitsem\u00e4n n\u00e4hd\u00e4\u00e4n perjantaina 9. tammikuuta klo 21.00 ja perjantaina 16. tammikuuta klo 00.45 TV5:ll\u00e4 sek\u00e4 sunnuntaina 11. tammikuuta klo 21.00 Kutosella.\u00a0<\/p>\n<p>        <a itemprop=\"url\" href=\"https:\/\/www.seiska.fi\/katso\/andy-garcia-kieltaytyy-seksikohtauksista-taustalla-hupaisa-syy\/1972475\" rel=\"nofollow noopener\" target=\"_blank\"><\/p>\n<p>\nAndy Garcia\n<\/p>\n<p class=\"section-date\">\n        <strong class=\"article-section\" data-section=\"katso\"><br \/>\n            katso<br \/>\n        <\/strong><br \/>\n        24.10.2025 17:15\n    <\/p>\n<p>Andy Garcia kielt\u00e4ytyy seksikohtauksista \u2013 taustalla hupaisa syy\n    <\/p>\n<p itemprop=\"description\" class=\"subtitle \">\n    Lahjomattomat-t\u00e4hti on rakastanut samaa naista puoli vuosisataa.\n<\/p>\n<p>        <\/a><\/p>\n","protected":false},"excerpt":{"rendered":"Victor Chavez\/Shutterstock\/All Over Press Elokuvan k\u00e4sikirjoitus muuttui lennosta, kun n\u00e4yttelij\u00e4 joutui vakavaan ty\u00f6tapaturmaan. Vuonna 1995 ensi-iltaan tullut psykologinen&hellip;\n","protected":false},"author":2,"featured_media":137712,"comment_status":"","ping_status":"","sticky":false,"template":"","format":"standard","meta":{"footnotes":""},"categories":[136],"tags":[1294,407,3993,623,137,33,31,30,408,23957,23956,6771,23958,5939,11549,1178,23955,32,4808,167,12580,12116,109],"class_list":{"0":"post-137711","1":"post","2":"type-post","3":"status-publish","4":"format-standard","5":"has-post-thumbnail","7":"category-julkkikset","8":"tag-brad-pitt","9":"tag-celebrities","10":"tag-david-fincher","11":"tag-elokuva","12":"tag-entertainment","13":"tag-fi","14":"tag-finland","15":"tag-finnish","16":"tag-julkkikset","17":"tag-kasi","18":"tag-kasikirjoitus","19":"tag-kevin-spacey","20":"tag-kipsi","21":"tag-leikkaus","22":"tag-morgan-freeman","23":"tag-onnettomuus","24":"tag-seitseman","25":"tag-suomi","26":"tag-tapaturma","27":"tag-terveys","28":"tag-tyotapaturma","29":"tag-vamma","30":"tag-viihde"},"share_on_mastodon":{"url":"https:\/\/pubeurope.com\/@fi\/115865191923424388","error":""},"_links":{"self":[{"href":"https:\/\/www.europesays.com\/fi\/wp-json\/wp\/v2\/posts\/137711","targetHints":{"allow":["GET"]}}],"collection":[{"href":"https:\/\/www.europesays.com\/fi\/wp-json\/wp\/v2\/posts"}],"about":[{"href":"https:\/\/www.europesays.com\/fi\/wp-json\/wp\/v2\/types\/post"}],"author":[{"embeddable":true,"href":"https:\/\/www.europesays.com\/fi\/wp-json\/wp\/v2\/users\/2"}],"replies":[{"embeddable":true,"href":"https:\/\/www.europesays.com\/fi\/wp-json\/wp\/v2\/comments?post=137711"}],"version-history":[{"count":0,"href":"https:\/\/www.europesays.com\/fi\/wp-json\/wp\/v2\/posts\/137711\/revisions"}],"wp:featuredmedia":[{"embeddable":true,"href":"https:\/\/www.europesays.com\/fi\/wp-json\/wp\/v2\/media\/137712"}],"wp:attachment":[{"href":"https:\/\/www.europesays.com\/fi\/wp-json\/wp\/v2\/media?parent=137711"}],"wp:term":[{"taxonomy":"category","embeddable":true,"href":"https:\/\/www.europesays.com\/fi\/wp-json\/wp\/v2\/categories?post=137711"},{"taxonomy":"post_tag","embeddable":true,"href":"https:\/\/www.europesays.com\/fi\/wp-json\/wp\/v2\/tags?post=137711"}],"curies":[{"name":"wp","href":"https:\/\/api.w.org\/{rel}","templated":true}]}}