{"id":137720,"date":"2026-01-09T12:50:09","date_gmt":"2026-01-09T12:50:09","guid":{"rendered":"https:\/\/www.europesays.com\/fi\/137720\/"},"modified":"2026-01-09T12:50:09","modified_gmt":"2026-01-09T12:50:09","slug":"eivatko-applen-uudistukset-miellyta-iphonen-suuren-ios-26-paivityksen-suosio-nayttaa-jaaneen-vaisuksi","status":"publish","type":"post","link":"https:\/\/www.europesays.com\/fi\/137720\/","title":{"rendered":"Eiv\u00e4tk\u00f6 Applen uudistukset miellyt\u00e4? iPhonen suuren iOS 26 -p\u00e4ivityksen suosio n\u00e4ytt\u00e4\u00e4 j\u00e4\u00e4neen vaisuksi"},"content":{"rendered":"<p><a href=\"https:\/\/mobiili.fi\/wp-content\/uploads\/2025\/06\/Apple-WWDC25-iOS-26-hero-250609.jpg\" data-lightbox=\"image\" rel=\"nofollow noopener\" target=\"_blank\"><img fetchpriority=\"high\" decoding=\"async\" aria-describedby=\"caption-attachment-260317\" class=\"size-large wp-image-260317\" src=\"data:image\/svg+xml,%3Csvg%20xmlns=\" http:=\"\" alt=\"iOS 26.\" width=\"1200\" height=\"675\" data-lazy- data-lazy- data-lazy-src=\"https:\/\/www.europesays.com\/fi\/wp-content\/uploads\/2025\/09\/Apple-WWDC25-iOS-26-hero-250609-1200x675.jpg\"\/><\/a><\/p>\n<p id=\"caption-attachment-260317\" class=\"wp-caption-text\">iOS 26.<\/p>\n<p>Applen syksyll\u00e4 2025 julkaisema ja merkitt\u00e4v\u00e4n uudistuksen k\u00e4ytt\u00f6liittym\u00e4n ilmeeseen Liquid Glass -uudistuksella tuonut iOS 26 -k\u00e4ytt\u00f6j\u00e4rjestelm\u00e4versio ei n\u00e4yt\u00e4 her\u00e4tt\u00e4neen iPhone-k\u00e4ytt\u00e4jien p\u00e4ivitysintoa.<\/p>\n<p>Apple julkaisi iOS 26 -k\u00e4ytt\u00f6j\u00e4rjestelm\u00e4p\u00e4ivityksen jo l\u00e4hes nelj\u00e4 kuukautta sitten, mutta Statcounterin tuoreiden tietojen mukaan valtaosa iPhone-k\u00e4ytt\u00e4jist\u00e4 on pysytellyt edelleen iOS 18:ssa.<\/p>\n<p>Statcounterin tammikuun 2026 globaalien lukujen mukaan aktiivisista iPhone-laitteista iOS 18 -versioita k\u00e4ytt\u00e4\u00e4 yh\u00e4 yli 60 prosenttia:<\/p>\n<ul>\n<li>iOS 18.7: 33,8 %<\/li>\n<li>iOS 18.6: 25,2 %<\/li>\n<li>iOS 18.5: 5,6 %<\/li>\n<\/ul>\n<p style=\"width: 98%; text-align: center; font-size:13px; border-bottom: 1px solid #C8C8C8; line-height: 0.1em; margin: 8px 1% 16px 1%;\">MAINOS (ARTIKKELI JATKUU ALLA)<\/p>\n<p>Samalla iOS 26 -versioiden osuus on Statcounterin tilastoissa viel\u00e4 selv\u00e4sti matalampi<\/p>\n<ul>\n<li>iOS 26.1: 10,6 %<\/li>\n<li>iOS 26.2: 4,6 %<\/li>\n<li>iOS 26.0: 1,1 %<\/li>\n<\/ul>\n<p>Yhteens\u00e4 iOS 26 on siis k\u00e4yt\u00f6ss\u00e4 Statcounterin mukaan vain noin 16 prosentilla iPhone-k\u00e4ytt\u00e4jist\u00e4 nelj\u00e4 kuukautta julkaisun j\u00e4lkeen.<\/p>\n<p>Statcounterin historiallinen data korostaa poikkeuksellista tilannetta. Tammikuussa 2025 jo yli 60 prosenttia k\u00e4ytt\u00e4jist\u00e4 oli jo siirtynyt tuolloin uusimpaan iOS 18 -versioon. Vastaavasti iOS 17 ylitti 50 prosentin rajan jo alkuvuodesta 2024. N\u00e4ihin verrattuna iOS 26:n omaksuminen n\u00e4ytt\u00e4\u00e4 selv\u00e4sti hitaammalta.<\/p>\n<p style=\"width: 98%; text-align: center; font-size:13px; border-bottom: 1px solid #C8C8C8; line-height: 0.1em; margin: 8px 1% 16px 1%;\">MAINOS (ARTIKKELI JATKUU ALLA)<\/p>\n<p>Statcounterin tilastot ovat kuitenkin saaneet my\u00f6s kritiikki\u00e4. <a href=\"https:\/\/9to5mac.com\/2026\/01\/08\/most-iphone-users-are-still-running-ios-18-with-ios-26-adoption-slow-report\/\" rel=\"nofollow noopener\" target=\"_blank\">9to5Mac-sivusto nostaa esiin<\/a> my\u00f6s toisen l\u00e4hteen TelemetryDeckin luvut, joiden mukaan noin 60 prosenttia iPhone-k\u00e4ytt\u00e4jist\u00e4 k\u00e4ytt\u00e4jisi jo iOS 26:ta, ja iOS 18:n osuus olisi noin 37 prosenttia.<\/p>\n<p>L\u00e4hteiden mittaustapa on erilainen. Statcounter seuraa iOS-versioiden yleisyytt\u00e4 verkkosivulatausten perusteella, kun taas TelemetryDeck ker\u00e4\u00e4 tietoa suoraan sovelluksista, jotka hy\u00f6dynt\u00e4v\u00e4t sen SDK:ta. Useiden kolmansien osapuolten kehitt\u00e4jien mukaan sovelluspohjainen data vastaa l\u00e4heisemmin TelemetryDeckin lukuja.<\/p>\n<p>Apple ei julkaise iOS-versioiden tilastoja s\u00e4\u00e4nn\u00f6llisesti, eik\u00e4 se ole viel\u00e4 kertonut iOS 26:n yleistymisest\u00e4 julkaisun j\u00e4lkeen.<\/p>\n<p>iOS 26:n yleistyminen n\u00e4ytt\u00e4\u00e4 kuitenkin hitaammalta aiempiin merkitt\u00e4viin vuotuisiin versioihin n\u00e4hden.<\/p>\n<p style=\"width: 98%; text-align: center; font-size:13px; border-bottom: 1px solid #C8C8C8; line-height: 0.1em; margin: 8px 1% 16px 1%;\">MAINOS (ARTIKKELI JATKUU ALLA)<\/p>\n<p>Mahdollisia selityksi\u00e4 t\u00e4m\u00e4n taustalla ovat Applen omat varoitukset akunkeston mahdollisesta heikkenemisest\u00e4, iOS 26:n my\u00f6hempii merkitseminen \u201dsuositelluksi\u201d p\u00e4ivitykseksi Ohjelmistop\u00e4ivitys-n\u00e4kym\u00e4ss\u00e4 sek\u00e4 k\u00e4ytt\u00e4jien ep\u00e4luulot uutta Liquid Glass -ulkoasua kohtaan.<\/p>\n<p>Mainos: <a href=\"https:\/\/hinta.fi\/?src=gPp6fX03\" target=\"_blank\" rel=\"nofollow noopener\">Noin 1 600 000 tuotteen hintavertailu ja hintaseuranta &#8211; katso Hinta.fist\u00e4 mist\u00e4 saat halvimmalla<\/a><\/p>\n","protected":false},"excerpt":{"rendered":"iOS 26. Applen syksyll\u00e4 2025 julkaisema ja merkitt\u00e4v\u00e4n uudistuksen k\u00e4ytt\u00f6liittym\u00e4n ilmeeseen Liquid Glass -uudistuksella tuonut iOS 26 -k\u00e4ytt\u00f6j\u00e4rjestelm\u00e4versio&hellip;\n","protected":false},"author":2,"featured_media":137721,"comment_status":"","ping_status":"","sticky":false,"template":"","format":"standard","meta":{"footnotes":""},"categories":[84],"tags":[33,31,30,32,91,92],"class_list":{"0":"post-137720","1":"post","2":"type-post","3":"status-publish","4":"format-standard","5":"has-post-thumbnail","7":"category-teknologia","8":"tag-fi","9":"tag-finland","10":"tag-finnish","11":"tag-suomi","12":"tag-technology","13":"tag-teknologia"},"share_on_mastodon":{"url":"https:\/\/pubeurope.com\/@fi\/115865231343819606","error":""},"_links":{"self":[{"href":"https:\/\/www.europesays.com\/fi\/wp-json\/wp\/v2\/posts\/137720","targetHints":{"allow":["GET"]}}],"collection":[{"href":"https:\/\/www.europesays.com\/fi\/wp-json\/wp\/v2\/posts"}],"about":[{"href":"https:\/\/www.europesays.com\/fi\/wp-json\/wp\/v2\/types\/post"}],"author":[{"embeddable":true,"href":"https:\/\/www.europesays.com\/fi\/wp-json\/wp\/v2\/users\/2"}],"replies":[{"embeddable":true,"href":"https:\/\/www.europesays.com\/fi\/wp-json\/wp\/v2\/comments?post=137720"}],"version-history":[{"count":0,"href":"https:\/\/www.europesays.com\/fi\/wp-json\/wp\/v2\/posts\/137720\/revisions"}],"wp:featuredmedia":[{"embeddable":true,"href":"https:\/\/www.europesays.com\/fi\/wp-json\/wp\/v2\/media\/137721"}],"wp:attachment":[{"href":"https:\/\/www.europesays.com\/fi\/wp-json\/wp\/v2\/media?parent=137720"}],"wp:term":[{"taxonomy":"category","embeddable":true,"href":"https:\/\/www.europesays.com\/fi\/wp-json\/wp\/v2\/categories?post=137720"},{"taxonomy":"post_tag","embeddable":true,"href":"https:\/\/www.europesays.com\/fi\/wp-json\/wp\/v2\/tags?post=137720"}],"curies":[{"name":"wp","href":"https:\/\/api.w.org\/{rel}","templated":true}]}}