{"id":137728,"date":"2026-01-09T12:54:11","date_gmt":"2026-01-09T12:54:11","guid":{"rendered":"https:\/\/www.europesays.com\/fi\/137728\/"},"modified":"2026-01-09T12:54:11","modified_gmt":"2026-01-09T12:54:11","slug":"kupittaan-karjen-alueen-rakentaminen-kaynnistyy","status":"publish","type":"post","link":"https:\/\/www.europesays.com\/fi\/137728\/","title":{"rendered":"Kupittaan k\u00e4rjen alueen rakentaminen k\u00e4ynnistyy"},"content":{"rendered":"<p>Turun Tiedepuistoa kehitt\u00e4v\u00e4n Kupittaan k\u00e4rjen kumppanuushankkeen rakentajaosapuoli YIT aloittaa\u00a0toteutussuunnitelman mukaiset\u00a0maanrakennusty\u00f6t Taito-kampuksen tontilla 9.1. alkaen. Taito-kampuksesta rakentuu Tiedepuiston syd\u00e4n sek\u00e4 Kupittaan k\u00e4rjen ensimm\u00e4inen uudisrakennus, joka viitoittaa tiet\u00e4 alueen tulevaan kehitykseen ja laadukkaaseen rakentumiseen.<\/p>\n<p>&#8211; Allianssin pitk\u00e4j\u00e4nteinen yhteisty\u00f6 on mahdollistanut sen, ett\u00e4 alueen rakentaminen voidaan nyt aloittaa aikataulun mukaisesti. Ensimm\u00e4isen\u00e4 k\u00e4ynnist\u00e4mme Taito-kampuksen maanrakennus- ja paalutusty\u00f6t, jotka kest\u00e4v\u00e4t arviolta helmikuun loppuun saakka.\u00a0Vuoden alkuun sis\u00e4ltyy lis\u00e4ksi ty\u00f6maan perustamiseen liittyv\u00e4t teht\u00e4v\u00e4t, mukaan lukien ty\u00f6maa- ja sosiaalitilat sek\u00e4 logistiset j\u00e4rjestelyt, kertoo projektip\u00e4\u00e4llikk\u00f6 <strong>Maria J\u00e4\u00e4skel\u00e4inen<\/strong> YIT:lt\u00e4.<\/p>\n<p>Kupittaan k\u00e4rjen ytimeen rakentuu Helsinginkadun ja rautatien ylitt\u00e4v\u00e4 joukkoliikennekansi, joka yhdist\u00e4\u00e4 Kupittaan ja It\u00e4harjun kaupunginosat toisiinsa sek\u00e4 Tiedepuiston alueen yh\u00e4 vahvemmin osaksi muuta kaupunkia.\u00a0<\/p>\n<p>&#8211; Maalis-huhtikuussa tavoitteena on k\u00e4ynnist\u00e4\u00e4 Taito-kampuksen rungon sek\u00e4 kampukselle ulottuvan joukkoliikennekannen rakentaminen, J\u00e4\u00e4skel\u00e4inen kiteytt\u00e4\u00e4.<\/p>\n<p>Maanrakennus- ja perustusty\u00f6t toteutetaan kunnostetulle maaper\u00e4lle. Kunnostusty\u00f6t valmistuivat suunnitellusti vuoden 2025 aikana. Kunnostusty\u00f6t perustuivat riskiarvioperusteiseen kunnostussuunnitteluun ja ymp\u00e4rist\u00f6tekniseen maaper\u00e4tutkimukseen. Maaper\u00e4n tilaa tarkasteltiin t\u00f6iden edetess\u00e4 yhdess\u00e4 kaupungin ymp\u00e4rist\u00f6suojeluviranomaisten kanssa.\u00a0<\/p>\n<p>Poikkeuksia alueen liikennej\u00e4rjestelyihin<\/p>\n<p>Suurin osa ty\u00f6maan alueesta on aikaisemmin toiminut v\u00e4liaikaisena pys\u00e4k\u00f6intialueena. Ty\u00f6maan toiminnalla on vaikutuksia alueen liikenne- ja pys\u00e4k\u00f6intij\u00e4rjestelyihin, kun osa Rautakadusta ja Teollisuuskadusta otetaan ty\u00f6maak\u00e4ytt\u00f6\u00f6n ja suljetaan liikenteelt\u00e4 torstaista 15.1. l\u00e4htien. Samalla my\u00f6s osa Rautakadun ja Teollisuuskadun kadunvarsipys\u00e4k\u00f6innist\u00e4 sek\u00e4 katuvalaistuksesta poistuvat k\u00e4yt\u00f6st\u00e4.\u00a0<\/p>\n<p>Korvaavat liikenneyhteydet toteutetaan Ter\u00e4skadun, Ilmarisenkadun ja Karjakadun kautta. Kulku Ekotorille s\u00e4ilyy Rautakadun kautta Kalevantielt\u00e4 k\u00e4\u00e4nnytt\u00e4ess\u00e4. Suljetut katualueet poistuvat k\u00e4yt\u00f6st\u00e4 ja uudistuvat hankkeen my\u00f6t\u00e4.<\/p>\n<p>Maanrakennus- ja perustusvaiheen ty\u00f6t pyrit\u00e4\u00e4n toteuttamaan p\u00e4\u00e4s\u00e4\u00e4nt\u00f6isesti normaalin ty\u00f6maa-ajan puitteissa. Ty\u00f6t pit\u00e4v\u00e4t sis\u00e4ll\u00e4\u00e4n ty\u00f6koneiden ja rekkojen p\u00e4ivitt\u00e4ist\u00e4 liikkumista alueella.\u00a0<\/p>\n","protected":false},"excerpt":{"rendered":"Turun Tiedepuistoa kehitt\u00e4v\u00e4n Kupittaan k\u00e4rjen kumppanuushankkeen rakentajaosapuoli YIT aloittaa\u00a0toteutussuunnitelman mukaiset\u00a0maanrakennusty\u00f6t Taito-kampuksen tontilla 9.1. alkaen. Taito-kampuksesta rakentuu Tiedepuiston syd\u00e4n&hellip;\n","protected":false},"author":2,"featured_media":137729,"comment_status":"","ping_status":"","sticky":false,"template":"","format":"standard","meta":{"footnotes":""},"categories":[5],"tags":[22,23,26,27,33,31,30,17,24,25,28,29,15,18,21,32,19,20,16],"class_list":{"0":"post-137728","1":"post","2":"type-post","3":"status-publish","4":"format-standard","5":"has-post-thumbnail","7":"category-otsikot","8":"tag-breaking-news","9":"tag-breakingnews","10":"tag-featured-news","11":"tag-featurednews","12":"tag-fi","13":"tag-finland","14":"tag-finnish","15":"tag-headlines","16":"tag-latest-news","17":"tag-latestnews","18":"tag-main-news","19":"tag-mainnews","20":"tag-news","21":"tag-otsikot","22":"tag-paauutiset","23":"tag-suomi","24":"tag-top-stories","25":"tag-topstories","26":"tag-uutiset"},"share_on_mastodon":{"url":"https:\/\/pubeurope.com\/@fi\/115865246947245103","error":""},"_links":{"self":[{"href":"https:\/\/www.europesays.com\/fi\/wp-json\/wp\/v2\/posts\/137728","targetHints":{"allow":["GET"]}}],"collection":[{"href":"https:\/\/www.europesays.com\/fi\/wp-json\/wp\/v2\/posts"}],"about":[{"href":"https:\/\/www.europesays.com\/fi\/wp-json\/wp\/v2\/types\/post"}],"author":[{"embeddable":true,"href":"https:\/\/www.europesays.com\/fi\/wp-json\/wp\/v2\/users\/2"}],"replies":[{"embeddable":true,"href":"https:\/\/www.europesays.com\/fi\/wp-json\/wp\/v2\/comments?post=137728"}],"version-history":[{"count":0,"href":"https:\/\/www.europesays.com\/fi\/wp-json\/wp\/v2\/posts\/137728\/revisions"}],"wp:featuredmedia":[{"embeddable":true,"href":"https:\/\/www.europesays.com\/fi\/wp-json\/wp\/v2\/media\/137729"}],"wp:attachment":[{"href":"https:\/\/www.europesays.com\/fi\/wp-json\/wp\/v2\/media?parent=137728"}],"wp:term":[{"taxonomy":"category","embeddable":true,"href":"https:\/\/www.europesays.com\/fi\/wp-json\/wp\/v2\/categories?post=137728"},{"taxonomy":"post_tag","embeddable":true,"href":"https:\/\/www.europesays.com\/fi\/wp-json\/wp\/v2\/tags?post=137728"}],"curies":[{"name":"wp","href":"https:\/\/api.w.org\/{rel}","templated":true}]}}